{"id":20734,"date":"2026-04-27T09:58:14","date_gmt":"2026-04-27T13:58:14","guid":{"rendered":"https:\/\/elconquistadorredloslagos.cl\/test\/?p=20734"},"modified":"2026-04-27T09:58:15","modified_gmt":"2026-04-27T13:58:15","slug":"conductor-ebrio-y-bajo-drogas-protagoniza-atropello-fatal-en-puerto-montt-y-es-detenido","status":"publish","type":"post","link":"https:\/\/elconquistadorredloslagos.cl\/test\/blog\/2026\/04\/27\/conductor-ebrio-y-bajo-drogas-protagoniza-atropello-fatal-en-puerto-montt-y-es-detenido\/","title":{"rendered":"Conductor ebrio y bajo drogas protagoniza atropello fatal en Puerto Montt y es detenido"},"content":{"rendered":"\n<p>Un peat\u00f3n de cerca de 35 a\u00f1os perdi\u00f3 la vida la madrugada de este domingo tras ser arrollado en la intersecci\u00f3n de avenida Salvador Allende con Jos\u00e9 Miguel Carrera, en Puerto Montt. El responsable fue capturado horas despu\u00e9s, confirm\u00e1ndose que conduc\u00eda bajo la influencia de alcohol y drogas.<\/p>\n\n\n\n<p>De acuerdo con informaci\u00f3n entregada por las autoridades, el hecho ocurri\u00f3 alrededor de las 00:30 horas, cuando por razones que a\u00fan se investigan, una camioneta impact\u00f3 a la v\u00edctima mientras esta se desplazaba de norte a sur.<\/p>\n\n\n\n<p>Tras el choque, el conductor escap\u00f3 del lugar, dejando abandonado el veh\u00edculo a pocos metros, espec\u00edficamente en calle Caleta Tortel, en la poblaci\u00f3n Teniente Merino. A ra\u00edz de la violencia del impacto, el hombre termin\u00f3 entre matorrales, falleciendo en el sitio del suceso.<\/p>\n\n\n\n<p>Posteriormente, el sujeto fue detenido y sometido a pruebas que confirmaron el consumo de alcohol y sustancias il\u00edcitas.<\/p>\n\n\n\n<p>\ud83d\udcf7 <a href=\"https:\/\/www.facebook.com\/Clubdecima\">Club de Emergencias D\u00e9cima Regi\u00f3n<\/a> &#8211; Facebook<\/p>\n","protected":false},"excerpt":{"rendered":"<p>Un peat\u00f3n de cerca de 35 a\u00f1os perdi\u00f3 la vida la madrugada de este domingo tras ser arrollado en la intersecci\u00f3n de avenida Salvador Allende con Jos\u00e9 Miguel Carrera, en..<\/p>\n","protected":false},"author":2,"featured_media":20735,"comment_status":"closed","ping_status":"open","sticky":false,"template":"","format":"standard","meta":{"footnotes":""},"categories":[1,28,56],"tags":[],"class_list":["post-20734","post","type-post","status-publish","format-standard","has-post-thumbnail","hentry","category-acontecer","category-actual","category-puerto-montt"],"rttpg_featured_image_url":{"full":["https:\/\/elconquistadorredloslagos.cl\/test\/wp-content\/uploads\/2026\/04\/Diseno-sin-titulo-51.jpg",1920,1080,false],"landscape":["https:\/\/elconquistadorredloslagos.cl\/test\/wp-content\/uploads\/2026\/04\/Diseno-sin-titulo-51.jpg",1920,1080,false],"portraits":["https:\/\/elconquistadorredloslagos.cl\/test\/wp-content\/uploads\/2026\/04\/Diseno-sin-titulo-51.jpg",1920,1080,false],"thumbnail":["https:\/\/elconquistadorredloslagos.cl\/test\/wp-content\/uploads\/2026\/04\/Diseno-sin-titulo-51-150x150.jpg",150,150,true],"medium":["https:\/\/elconquistadorredloslagos.cl\/test\/wp-content\/uploads\/2026\/04\/Diseno-sin-titulo-51-300x169.jpg",300,169,true],"large":["https:\/\/elconquistadorredloslagos.cl\/test\/wp-content\/uploads\/2026\/04\/Diseno-sin-titulo-51-1024x576.jpg",1024,576,true],"1536x1536":["https:\/\/elconquistadorredloslagos.cl\/test\/wp-content\/uploads\/2026\/04\/Diseno-sin-titulo-51-1536x864.jpg",1536,864,true],"2048x2048":["https:\/\/elconquistadorredloslagos.cl\/test\/wp-content\/uploads\/2026\/04\/Diseno-sin-titulo-51.jpg",1920,1080,false]},"rttpg_author":{"display_name":"ccardenas","author_link":"https:\/\/elconquistadorredloslagos.cl\/test\/blog\/author\/ccardenas\/"},"rttpg_comment":0,"rttpg_category":"<a href=\"https:\/\/elconquistadorredloslagos.cl\/test\/blog\/category\/actual\/acontecer\/\" rel=\"category tag\">Acontecer<\/a> <a href=\"https:\/\/elconquistadorredloslagos.cl\/test\/blog\/category\/actual\/\" rel=\"category tag\">Actualidad<\/a> <a href=\"https:\/\/elconquistadorredloslagos.cl\/test\/blog\/category\/chile\/puerto-montt\/\" rel=\"category tag\">Puerto Montt<\/a>","rttpg_excerpt":"Un peat\u00f3n de cerca de 35 a\u00f1os perdi\u00f3 la vida la madrugada de este domingo tras ser arrollado en la intersecci\u00f3n de avenida Salvador Allende con Jos\u00e9 Miguel Carrera, en..","_links":{"self":[{"href":"https:\/\/elconquistadorredloslagos.cl\/test\/wp-json\/wp\/v2\/posts\/20734","targetHints":{"allow":["GET"]}}],"collection":[{"href":"https:\/\/elconquistadorredloslagos.cl\/test\/wp-json\/wp\/v2\/posts"}],"about":[{"href":"https:\/\/elconquistadorredloslagos.cl\/test\/wp-json\/wp\/v2\/types\/post"}],"author":[{"embeddable":true,"href":"https:\/\/elconquistadorredloslagos.cl\/test\/wp-json\/wp\/v2\/users\/2"}],"replies":[{"embeddable":true,"href":"https:\/\/elconquistadorredloslagos.cl\/test\/wp-json\/wp\/v2\/comments?post=20734"}],"version-history":[{"count":1,"href":"https:\/\/elconquistadorredloslagos.cl\/test\/wp-json\/wp\/v2\/posts\/20734\/revisions"}],"predecessor-version":[{"id":20736,"href":"https:\/\/elconquistadorredloslagos.cl\/test\/wp-json\/wp\/v2\/posts\/20734\/revisions\/20736"}],"wp:featuredmedia":[{"embeddable":true,"href":"https:\/\/elconquistadorredloslagos.cl\/test\/wp-json\/wp\/v2\/media\/20735"}],"wp:attachment":[{"href":"https:\/\/elconquistadorredloslagos.cl\/test\/wp-json\/wp\/v2\/media?parent=20734"}],"wp:term":[{"taxonomy":"category","embeddable":true,"href":"https:\/\/elconquistadorredloslagos.cl\/test\/wp-json\/wp\/v2\/categories?post=20734"},{"taxonomy":"post_tag","embeddable":true,"href":"https:\/\/elconquistadorredloslagos.cl\/test\/wp-json\/wp\/v2\/tags?post=20734"}],"curies":[{"name":"wp","href":"https:\/\/api.w.org\/{rel}","templated":true}]}}