{"id":20162,"date":"2026-04-08T17:22:55","date_gmt":"2026-04-08T21:22:55","guid":{"rendered":"https:\/\/elconquistadorredloslagos.cl\/test\/?p=20162"},"modified":"2026-04-08T17:22:56","modified_gmt":"2026-04-08T21:22:56","slug":"kast-se-somete-a-test-de-drogas-y-propone-hacerlo-obligatorio","status":"publish","type":"post","link":"https:\/\/elconquistadorredloslagos.cl\/test\/blog\/2026\/04\/08\/kast-se-somete-a-test-de-drogas-y-propone-hacerlo-obligatorio\/","title":{"rendered":"Kast se somete a test de drogas y propone hacerlo obligatorio"},"content":{"rendered":"\n<p>Como parte de un plan para endurecer la fiscalizaci\u00f3n en el \u00e1mbito p\u00fablico, el Presidente Jos\u00e9 Antonio Kast se practic\u00f3 un examen de drogas con muestra de pelo, proponiendo extender esta exigencia a diversas autoridades.<\/p>\n\n\n\n<p>La medida busca transparentar la funci\u00f3n p\u00fablica y enfrentar posibles v\u00ednculos con el narcotr\u00e1fico. Seg\u00fan explic\u00f3, el test fue realizado de manera voluntaria y costeado personalmente, subrayando su alto nivel de precisi\u00f3n pese a su elevado valor.<\/p>\n\n\n\n<p>El jefe de Estado sostuvo que la actual legislaci\u00f3n presenta falencias, especialmente por la falta de recursos para implementar estos controles, pese a que ya existe una exigencia legal.<\/p>\n\n\n\n<p>Ante ello, plante\u00f3 una reforma que obligue a quienes ocupen cargos p\u00fablicos a someterse a ex\u00e1menes regulares, cuyos resultados deber\u00e1n ser verificables y difundidos p\u00fablicamente en un plazo determinado.<\/p>\n\n\n\n<p>La iniciativa apunta a incluir a parlamentarios, alcaldes, gobernadores y partidos pol\u00edticos, adem\u00e1s del propio Presidente. Tambi\u00e9n se contempla que quienes postulen a cargos de elecci\u00f3n popular acrediten no consumir drogas.<\/p>\n\n\n\n<p>Finalmente, Kast inst\u00f3 a las autoridades a sumarse a esta pr\u00e1ctica como una se\u00f1al concreta para fortalecer la confianza ciudadana en las instituciones.<\/p>\n\n\n\n<figure class=\"wp-block-video\"><video height=\"1080\" style=\"aspect-ratio: 1920 \/ 1080;\" width=\"1920\" controls src=\"https:\/\/elconquistadorredloslagos.cl\/test\/wp-content\/uploads\/2026\/04\/Diseno-sin-titulo-1.mp4\"><\/video><\/figure>\n","protected":false},"excerpt":{"rendered":"<p>Como parte de un plan para endurecer la fiscalizaci\u00f3n en el \u00e1mbito p\u00fablico, el Presidente Jos\u00e9 Antonio Kast se practic\u00f3 un examen de drogas con muestra de pelo, proponiendo extender..<\/p>\n","protected":false},"author":2,"featured_media":20164,"comment_status":"closed","ping_status":"open","sticky":false,"template":"","format":"standard","meta":{"footnotes":""},"categories":[1,28,52],"tags":[],"class_list":["post-20162","post","type-post","status-publish","format-standard","has-post-thumbnail","hentry","category-acontecer","category-actual","category-chile"],"rttpg_featured_image_url":{"full":["https:\/\/elconquistadorredloslagos.cl\/test\/wp-content\/uploads\/2026\/04\/Diseno-sin-titulo-1-9.jpg",1920,1080,false],"landscape":["https:\/\/elconquistadorredloslagos.cl\/test\/wp-content\/uploads\/2026\/04\/Diseno-sin-titulo-1-9.jpg",1920,1080,false],"portraits":["https:\/\/elconquistadorredloslagos.cl\/test\/wp-content\/uploads\/2026\/04\/Diseno-sin-titulo-1-9.jpg",1920,1080,false],"thumbnail":["https:\/\/elconquistadorredloslagos.cl\/test\/wp-content\/uploads\/2026\/04\/Diseno-sin-titulo-1-9-150x150.jpg",150,150,true],"medium":["https:\/\/elconquistadorredloslagos.cl\/test\/wp-content\/uploads\/2026\/04\/Diseno-sin-titulo-1-9-300x169.jpg",300,169,true],"large":["https:\/\/elconquistadorredloslagos.cl\/test\/wp-content\/uploads\/2026\/04\/Diseno-sin-titulo-1-9-1024x576.jpg",1024,576,true],"1536x1536":["https:\/\/elconquistadorredloslagos.cl\/test\/wp-content\/uploads\/2026\/04\/Diseno-sin-titulo-1-9-1536x864.jpg",1536,864,true],"2048x2048":["https:\/\/elconquistadorredloslagos.cl\/test\/wp-content\/uploads\/2026\/04\/Diseno-sin-titulo-1-9.jpg",1920,1080,false]},"rttpg_author":{"display_name":"ccardenas","author_link":"https:\/\/elconquistadorredloslagos.cl\/test\/blog\/author\/ccardenas\/"},"rttpg_comment":0,"rttpg_category":"<a href=\"https:\/\/elconquistadorredloslagos.cl\/test\/blog\/category\/actual\/acontecer\/\" rel=\"category tag\">Acontecer<\/a> <a href=\"https:\/\/elconquistadorredloslagos.cl\/test\/blog\/category\/actual\/\" rel=\"category tag\">Actualidad<\/a> <a href=\"https:\/\/elconquistadorredloslagos.cl\/test\/blog\/category\/chile\/\" rel=\"category tag\">Nacional<\/a>","rttpg_excerpt":"Como parte de un plan para endurecer la fiscalizaci\u00f3n en el \u00e1mbito p\u00fablico, el Presidente Jos\u00e9 Antonio Kast se practic\u00f3 un examen de drogas con muestra de pelo, proponiendo extender..","_links":{"self":[{"href":"https:\/\/elconquistadorredloslagos.cl\/test\/wp-json\/wp\/v2\/posts\/20162","targetHints":{"allow":["GET"]}}],"collection":[{"href":"https:\/\/elconquistadorredloslagos.cl\/test\/wp-json\/wp\/v2\/posts"}],"about":[{"href":"https:\/\/elconquistadorredloslagos.cl\/test\/wp-json\/wp\/v2\/types\/post"}],"author":[{"embeddable":true,"href":"https:\/\/elconquistadorredloslagos.cl\/test\/wp-json\/wp\/v2\/users\/2"}],"replies":[{"embeddable":true,"href":"https:\/\/elconquistadorredloslagos.cl\/test\/wp-json\/wp\/v2\/comments?post=20162"}],"version-history":[{"count":1,"href":"https:\/\/elconquistadorredloslagos.cl\/test\/wp-json\/wp\/v2\/posts\/20162\/revisions"}],"predecessor-version":[{"id":20165,"href":"https:\/\/elconquistadorredloslagos.cl\/test\/wp-json\/wp\/v2\/posts\/20162\/revisions\/20165"}],"wp:featuredmedia":[{"embeddable":true,"href":"https:\/\/elconquistadorredloslagos.cl\/test\/wp-json\/wp\/v2\/media\/20164"}],"wp:attachment":[{"href":"https:\/\/elconquistadorredloslagos.cl\/test\/wp-json\/wp\/v2\/media?parent=20162"}],"wp:term":[{"taxonomy":"category","embeddable":true,"href":"https:\/\/elconquistadorredloslagos.cl\/test\/wp-json\/wp\/v2\/categories?post=20162"},{"taxonomy":"post_tag","embeddable":true,"href":"https:\/\/elconquistadorredloslagos.cl\/test\/wp-json\/wp\/v2\/tags?post=20162"}],"curies":[{"name":"wp","href":"https:\/\/api.w.org\/{rel}","templated":true}]}}