{"id":19551,"date":"2026-03-16T12:48:50","date_gmt":"2026-03-16T15:48:50","guid":{"rendered":"https:\/\/elconquistadorredloslagos.cl\/test\/?p=19551"},"modified":"2026-03-16T12:48:51","modified_gmt":"2026-03-16T15:48:51","slug":"lluvia-vuelve-a-desnudar-el-historico-fracaso-para-resolver-inundaciones-en-ancud","status":"publish","type":"post","link":"https:\/\/elconquistadorredloslagos.cl\/test\/blog\/2026\/03\/16\/lluvia-vuelve-a-desnudar-el-historico-fracaso-para-resolver-inundaciones-en-ancud\/","title":{"rendered":"Lluvia vuelve a desnudar el hist\u00f3rico fracaso para resolver inundaciones en Ancud"},"content":{"rendered":"\n<p>Las intensas lluvias del fin de semana volvieron a exponer una dificultad que Ancud arrastra desde hace cerca de 40 a\u00f1os y que a\u00fan no encuentra respuesta definitiva. Al menos diez emergencias debieron ser atendidas por equipos de respuesta tras el paso de un sistema frontal que afect\u00f3 a la comuna.<\/p>\n\n\n\n<p>La situaci\u00f3n m\u00e1s compleja se registr\u00f3 en Calle Dieciocho, donde una nueva inundaci\u00f3n alcanz\u00f3 locales comerciales y provoc\u00f3 serios inconvenientes para el tr\u00e1nsito en pleno centro de la ciudad. El episodio ocurri\u00f3 durante la jornada del s\u00e1bado, en medio de fuertes precipitaciones y bajo una Alerta Temprana Preventiva activada por el Servicio Nacional de Prevenci\u00f3n y Respuesta ante Desastres.<\/p>\n\n\n\n<p>Entre los afectados estuvo el restaurante \u201cEl Buen Sabor\u201d. Su propietaria, Ver\u00f3nica Saldivia, relat\u00f3 que el agua ingres\u00f3 r\u00e1pidamente al local mientras atend\u00edan p\u00fablico, obligando a trasladar a los clientes al segundo piso para evitar mayores complicaciones.<\/p>\n\n\n\n<p>El alcalde Andr\u00e9s Ojeda explic\u00f3 que el anegamiento se origin\u00f3 porque un veh\u00edculo estaba estacionado sobre la rejilla de un sumidero, bloqueando el drenaje. Tras retirar el autom\u00f3vil, el nivel del agua descendi\u00f3 cerca de 20 minutos despu\u00e9s.<\/p>\n\n\n\n<p>Desde el comercio local, el malestar persiste. El presidente de la C\u00e1mara de Comercio, Gast\u00f3n C\u00e1rcamo, advirti\u00f3 que estas emergencias se repiten cada invierno y que la falta de soluciones concretas mantiene en incertidumbre a quienes trabajan en el centro de la ciudad. Adem\u00e1s, el esperado proyecto de encauzamiento del r\u00edo La Toma podr\u00eda sufrir nuevos retrasos luego de que su licitaci\u00f3n quedara desierta.<\/p>\n\n\n\n<p>AQU\u00cd ALGUNOS REGISTROS \ud83c\udfa5<\/p>\n\n\n\n<figure class=\"wp-block-video\"><video height=\"470\" style=\"aspect-ratio: 780 \/ 470;\" width=\"780\" controls src=\"https:\/\/elconquistadorredloslagos.cl\/test\/wp-content\/uploads\/2026\/03\/A.mp4\"><\/video><\/figure>\n\n\n\n<figure class=\"wp-block-video\"><video height=\"470\" style=\"aspect-ratio: 780 \/ 470;\" width=\"780\" controls src=\"https:\/\/elconquistadorredloslagos.cl\/test\/wp-content\/uploads\/2026\/03\/B.mp4\"><\/video><\/figure>\n\n\n\n<figure class=\"wp-block-video\"><video height=\"470\" style=\"aspect-ratio: 780 \/ 470;\" width=\"780\" controls src=\"https:\/\/elconquistadorredloslagos.cl\/test\/wp-content\/uploads\/2026\/03\/C.mp4\"><\/video><\/figure>\n\n\n\n<p>\ud83d\udcf7 <a href=\"https:\/\/www.facebook.com\/camaradecomer15?__cft__[0]=AZbVpMBxt-C0WcfM2I6muCgwRuAzgDUijVdXHanOdFknl-pLbEmPAcea9SSGM0K7YsN0f9ZjWMGfJSXjSFiz1D2CUaC1NDxervEtixkwMJa4FmfZ7mNli22JbK11epHZ8sRvqlEYdbhq4eExH7DGhgymc3X-sVDlcBoLZzIcTDYWJWGO6EdH5IQnuJDC2ERTv2Y&amp;__tn__=-UC%2CP-R\"><strong>C\u00e1mara De Comercio Detallista y Turismo de Ancud A.G.<\/strong><\/a> &#8211; Facebook<\/p>\n","protected":false},"excerpt":{"rendered":"<p>Las intensas lluvias del fin de semana volvieron a exponer una dificultad que Ancud arrastra desde hace cerca de 40 a\u00f1os y que a\u00fan no encuentra respuesta definitiva. Al menos..<\/p>\n","protected":false},"author":2,"featured_media":19555,"comment_status":"closed","ping_status":"open","sticky":false,"template":"","format":"standard","meta":{"footnotes":""},"categories":[1,28,51],"tags":[],"class_list":["post-19551","post","type-post","status-publish","format-standard","has-post-thumbnail","hentry","category-acontecer","category-actual","category-chiloe"],"rttpg_featured_image_url":{"full":["https:\/\/elconquistadorredloslagos.cl\/test\/wp-content\/uploads\/2026\/03\/Diseno-sin-titulo-37.jpg",780,470,false],"landscape":["https:\/\/elconquistadorredloslagos.cl\/test\/wp-content\/uploads\/2026\/03\/Diseno-sin-titulo-37.jpg",780,470,false],"portraits":["https:\/\/elconquistadorredloslagos.cl\/test\/wp-content\/uploads\/2026\/03\/Diseno-sin-titulo-37.jpg",780,470,false],"thumbnail":["https:\/\/elconquistadorredloslagos.cl\/test\/wp-content\/uploads\/2026\/03\/Diseno-sin-titulo-37-150x150.jpg",150,150,true],"medium":["https:\/\/elconquistadorredloslagos.cl\/test\/wp-content\/uploads\/2026\/03\/Diseno-sin-titulo-37-300x181.jpg",300,181,true],"large":["https:\/\/elconquistadorredloslagos.cl\/test\/wp-content\/uploads\/2026\/03\/Diseno-sin-titulo-37.jpg",780,470,false],"1536x1536":["https:\/\/elconquistadorredloslagos.cl\/test\/wp-content\/uploads\/2026\/03\/Diseno-sin-titulo-37.jpg",780,470,false],"2048x2048":["https:\/\/elconquistadorredloslagos.cl\/test\/wp-content\/uploads\/2026\/03\/Diseno-sin-titulo-37.jpg",780,470,false]},"rttpg_author":{"display_name":"ccardenas","author_link":"https:\/\/elconquistadorredloslagos.cl\/test\/blog\/author\/ccardenas\/"},"rttpg_comment":0,"rttpg_category":"<a href=\"https:\/\/elconquistadorredloslagos.cl\/test\/blog\/category\/actual\/acontecer\/\" rel=\"category tag\">Acontecer<\/a> <a href=\"https:\/\/elconquistadorredloslagos.cl\/test\/blog\/category\/actual\/\" rel=\"category tag\">Actualidad<\/a> <a href=\"https:\/\/elconquistadorredloslagos.cl\/test\/blog\/category\/chile\/chiloe\/\" rel=\"category tag\">Chilo\u00e9<\/a>","rttpg_excerpt":"Las intensas lluvias del fin de semana volvieron a exponer una dificultad que Ancud arrastra desde hace cerca de 40 a\u00f1os y que a\u00fan no encuentra respuesta definitiva. Al menos..","_links":{"self":[{"href":"https:\/\/elconquistadorredloslagos.cl\/test\/wp-json\/wp\/v2\/posts\/19551","targetHints":{"allow":["GET"]}}],"collection":[{"href":"https:\/\/elconquistadorredloslagos.cl\/test\/wp-json\/wp\/v2\/posts"}],"about":[{"href":"https:\/\/elconquistadorredloslagos.cl\/test\/wp-json\/wp\/v2\/types\/post"}],"author":[{"embeddable":true,"href":"https:\/\/elconquistadorredloslagos.cl\/test\/wp-json\/wp\/v2\/users\/2"}],"replies":[{"embeddable":true,"href":"https:\/\/elconquistadorredloslagos.cl\/test\/wp-json\/wp\/v2\/comments?post=19551"}],"version-history":[{"count":1,"href":"https:\/\/elconquistadorredloslagos.cl\/test\/wp-json\/wp\/v2\/posts\/19551\/revisions"}],"predecessor-version":[{"id":19556,"href":"https:\/\/elconquistadorredloslagos.cl\/test\/wp-json\/wp\/v2\/posts\/19551\/revisions\/19556"}],"wp:featuredmedia":[{"embeddable":true,"href":"https:\/\/elconquistadorredloslagos.cl\/test\/wp-json\/wp\/v2\/media\/19555"}],"wp:attachment":[{"href":"https:\/\/elconquistadorredloslagos.cl\/test\/wp-json\/wp\/v2\/media?parent=19551"}],"wp:term":[{"taxonomy":"category","embeddable":true,"href":"https:\/\/elconquistadorredloslagos.cl\/test\/wp-json\/wp\/v2\/categories?post=19551"},{"taxonomy":"post_tag","embeddable":true,"href":"https:\/\/elconquistadorredloslagos.cl\/test\/wp-json\/wp\/v2\/tags?post=19551"}],"curies":[{"name":"wp","href":"https:\/\/api.w.org\/{rel}","templated":true}]}}