{"id":19537,"date":"2026-03-13T18:38:47","date_gmt":"2026-03-13T21:38:47","guid":{"rendered":"https:\/\/elconquistadorredloslagos.cl\/test\/?p=19537"},"modified":"2026-03-13T18:41:28","modified_gmt":"2026-03-13T21:41:28","slug":"diputada-munoz-pnl-escucho-problematicas-sociales-que-afectan-a-comunidad-mapuche-huilliche-en-san-juan-de-la-costa","status":"publish","type":"post","link":"https:\/\/elconquistadorredloslagos.cl\/test\/blog\/2026\/03\/13\/diputada-munoz-pnl-escucho-problematicas-sociales-que-afectan-a-comunidad-mapuche-huilliche-en-san-juan-de-la-costa\/","title":{"rendered":"Diputada Mu\u00f1oz (PNL) escuch\u00f3 problem\u00e1ticas sociales que afectan al mundo mapuche huilliche en San Juan de la Costa"},"content":{"rendered":"\n<p>La diputada del distrito 25, Paulina Mu\u00f1oz Minte, se reuni\u00f3 con representantes de m\u00e1s de 50 comunidades del Consejo de Comunidades Ind\u00edgenas Costa Sur, liderada por Mauricio Herrera Nauto. Instancia en la que escuch\u00f3 las principales preocupaciones y necesidades que afectan a los habitantes del territorio.<\/p>\n\n\n\n<p>Durante el encuentro, las comunidades expusieron diversos temas que consideran prioritarios para mejorar su calidad de vida. Entre ellos, destacaron la necesidad de avanzar en soluciones concretas para el acceso al agua potable, una problem\u00e1tica que contin\u00faa afectando a numerosas familias de sectores rurales.<\/p>\n\n\n\n<p>Otro de los puntos abordados fue el estado de los caminos rurales, donde los dirigentes manifestaron la urgencia de impulsar proyectos de mejoramiento y mantenci\u00f3n de la infraestructura vial, debido a las dificultades que enfrentan diariamente para trasladarse, acceder a servicios b\u00e1sicos y desarrollar sus actividades productivas. Asimismo, durante la conversaci\u00f3n se plante\u00f3 la preocupaci\u00f3n por una nueva normativa que obligar\u00eda a peque\u00f1os productores de subsistencia a pagar impuestos, situaci\u00f3n que \u2014seg\u00fan se\u00f1alaron los dirigentes\u2014 podr\u00eda afectar directamente al bolsillo de las familias que dependen de la actividad ovina, bovina y chacareria.<\/p>\n\n\n\n<p>Por su parte, la Nisol Domo, Mar\u00eda Huisca, de la comunidad de los Huiscas, solicit\u00f3 a la parlamentaria trabajar en un proyecto para modificar la ley 19.253 de tierras ind\u00edgenas, con el prop\u00f3sito de que las familias de origen mapuche puedan vender parte de su tierra a cualquier persona sin restricci\u00f3n de etnia.<\/p>\n\n\n\n<p>La diputada Mu\u00f1oz valor\u00f3 la instancia de di\u00e1logo, se\u00f1alando la importancia de escuchar directamente a las comunidades y trabajar en soluciones que respondan a las realidades del mundo rural y de los pueblos originarios, comprometi\u00e9ndose a revisar los temas planteados y continuar gestionando acciones que permitan avanzar en estas demandas.<\/p>\n\n\n\n<p>La reuni\u00f3n se enmarca en una serie de encuentros que la parlamentaria ha estado realizando en distintos puntos del territorio para recoger inquietudes ciudadanas y fortalecer el trabajo conjunto con las comunidades locales.<\/p>\n\n\n\n<figure class=\"wp-block-gallery has-nested-images columns-default is-cropped wp-block-gallery-1 is-layout-flex wp-block-gallery-is-layout-flex\">\n<figure class=\"wp-block-image size-large\"><img loading=\"lazy\" decoding=\"async\" width=\"1024\" height=\"768\" data-id=\"19538\" src=\"https:\/\/elconquistadorredloslagos.cl\/test\/wp-content\/uploads\/2026\/03\/WhatsApp-Image-2026-03-13-at-5.59.44-PM2-1024x768.jpeg\" alt=\"\" class=\"wp-image-19538\" \/><\/figure>\n\n\n\n<figure class=\"wp-block-image size-large\"><img loading=\"lazy\" decoding=\"async\" width=\"1024\" height=\"768\" data-id=\"19539\" src=\"https:\/\/elconquistadorredloslagos.cl\/test\/wp-content\/uploads\/2026\/03\/WhatsApp-Image-2026-03-13-at-5.59.44-PM1-1024x768.jpeg\" alt=\"\" class=\"wp-image-19539\" \/><\/figure>\n<\/figure>\n","protected":false},"excerpt":{"rendered":"<p>La diputada del distrito 25, Paulina Mu\u00f1oz Minte, se reuni\u00f3 con representantes de m\u00e1s de 50 comunidades del Consejo de Comunidades Ind\u00edgenas Costa Sur, liderada por Mauricio Herrera Nauto. Instancia..<\/p>\n","protected":false},"author":6,"featured_media":19540,"comment_status":"closed","ping_status":"open","sticky":false,"template":"","format":"standard","meta":{"footnotes":""},"categories":[28],"tags":[],"class_list":["post-19537","post","type-post","status-publish","format-standard","has-post-thumbnail","hentry","category-actual"],"rttpg_featured_image_url":{"full":["https:\/\/elconquistadorredloslagos.cl\/test\/wp-content\/uploads\/2026\/03\/WhatsApp-Image-2026-03-13-at-5.59.44-PM-e1773437840415.jpeg",1152,536,false],"landscape":["https:\/\/elconquistadorredloslagos.cl\/test\/wp-content\/uploads\/2026\/03\/WhatsApp-Image-2026-03-13-at-5.59.44-PM-e1773437840415.jpeg",1152,536,false],"portraits":["https:\/\/elconquistadorredloslagos.cl\/test\/wp-content\/uploads\/2026\/03\/WhatsApp-Image-2026-03-13-at-5.59.44-PM-e1773437840415.jpeg",1152,536,false],"thumbnail":["https:\/\/elconquistadorredloslagos.cl\/test\/wp-content\/uploads\/2026\/03\/WhatsApp-Image-2026-03-13-at-5.59.44-PM-e1773437840415-150x150.jpeg",150,150,true],"medium":["https:\/\/elconquistadorredloslagos.cl\/test\/wp-content\/uploads\/2026\/03\/WhatsApp-Image-2026-03-13-at-5.59.44-PM-e1773437840415-300x140.jpeg",300,140,true],"large":["https:\/\/elconquistadorredloslagos.cl\/test\/wp-content\/uploads\/2026\/03\/WhatsApp-Image-2026-03-13-at-5.59.44-PM-e1773437840415-1024x476.jpeg",1024,476,true],"1536x1536":["https:\/\/elconquistadorredloslagos.cl\/test\/wp-content\/uploads\/2026\/03\/WhatsApp-Image-2026-03-13-at-5.59.44-PM-1536x1152.jpeg",1536,1152,true],"2048x2048":["https:\/\/elconquistadorredloslagos.cl\/test\/wp-content\/uploads\/2026\/03\/WhatsApp-Image-2026-03-13-at-5.59.44-PM-e1773437840415.jpeg",1152,536,false]},"rttpg_author":{"display_name":"contactoosorno","author_link":"https:\/\/elconquistadorredloslagos.cl\/test\/blog\/author\/contactoosorno\/"},"rttpg_comment":0,"rttpg_category":"<a href=\"https:\/\/elconquistadorredloslagos.cl\/test\/blog\/category\/actual\/\" rel=\"category tag\">Actualidad<\/a>","rttpg_excerpt":"La diputada del distrito 25, Paulina Mu\u00f1oz Minte, se reuni\u00f3 con representantes de m\u00e1s de 50 comunidades del Consejo de Comunidades Ind\u00edgenas Costa Sur, liderada por Mauricio Herrera Nauto. Instancia..","_links":{"self":[{"href":"https:\/\/elconquistadorredloslagos.cl\/test\/wp-json\/wp\/v2\/posts\/19537","targetHints":{"allow":["GET"]}}],"collection":[{"href":"https:\/\/elconquistadorredloslagos.cl\/test\/wp-json\/wp\/v2\/posts"}],"about":[{"href":"https:\/\/elconquistadorredloslagos.cl\/test\/wp-json\/wp\/v2\/types\/post"}],"author":[{"embeddable":true,"href":"https:\/\/elconquistadorredloslagos.cl\/test\/wp-json\/wp\/v2\/users\/6"}],"replies":[{"embeddable":true,"href":"https:\/\/elconquistadorredloslagos.cl\/test\/wp-json\/wp\/v2\/comments?post=19537"}],"version-history":[{"count":2,"href":"https:\/\/elconquistadorredloslagos.cl\/test\/wp-json\/wp\/v2\/posts\/19537\/revisions"}],"predecessor-version":[{"id":19542,"href":"https:\/\/elconquistadorredloslagos.cl\/test\/wp-json\/wp\/v2\/posts\/19537\/revisions\/19542"}],"wp:featuredmedia":[{"embeddable":true,"href":"https:\/\/elconquistadorredloslagos.cl\/test\/wp-json\/wp\/v2\/media\/19540"}],"wp:attachment":[{"href":"https:\/\/elconquistadorredloslagos.cl\/test\/wp-json\/wp\/v2\/media?parent=19537"}],"wp:term":[{"taxonomy":"category","embeddable":true,"href":"https:\/\/elconquistadorredloslagos.cl\/test\/wp-json\/wp\/v2\/categories?post=19537"},{"taxonomy":"post_tag","embeddable":true,"href":"https:\/\/elconquistadorredloslagos.cl\/test\/wp-json\/wp\/v2\/tags?post=19537"}],"curies":[{"name":"wp","href":"https:\/\/api.w.org\/{rel}","templated":true}]}}