{"id":19534,"date":"2026-03-13T15:35:41","date_gmt":"2026-03-13T18:35:41","guid":{"rendered":"https:\/\/elconquistadorredloslagos.cl\/test\/?p=19534"},"modified":"2026-03-13T15:35:43","modified_gmt":"2026-03-13T18:35:43","slug":"investigacion-por-ataque-a-rojas-vade-apunta-a-posible-autoatentado-tras-nuevos-hallazgos","status":"publish","type":"post","link":"https:\/\/elconquistadorredloslagos.cl\/test\/blog\/2026\/03\/13\/investigacion-por-ataque-a-rojas-vade-apunta-a-posible-autoatentado-tras-nuevos-hallazgos\/","title":{"rendered":"Investigaci\u00f3n por ataque a Rojas Vade apunta a posible autoatentado tras nuevos hallazgos"},"content":{"rendered":"\n<p>La investigaci\u00f3n por el ataque denunciado por el exconvencional Rodrigo Rojas Vade podr\u00eda tomar un nuevo rumbo, luego de que peritajes preliminares abrieran la posibilidad de que el caso sea indagado bajo la hip\u00f3tesis de un eventual autoatentado.<\/p>\n\n\n\n<p>Seg\u00fan antecedentes revelados en un reportaje de Teletrece, durante diligencias realizadas por la PDI en la vivienda del exconstituyente se habr\u00eda encontrado una mochila que conten\u00eda una bolsa con amarras pl\u00e1sticas blancas y negras, similares a las que, de acuerdo con su relato inicial, habr\u00edan sido utilizadas para atarle las manos durante el supuesto ataque.<\/p>\n\n\n\n<p>Pese a la coincidencia, los investigadores a\u00fan no han establecido conclusiones definitivas, ya que los elementos deber\u00e1n ser sometidos a peritajes t\u00e9cnicos. Entre las diligencias pendientes se encuentra la verificaci\u00f3n de si las amarras halladas comparten el mismo n\u00famero de serie con las utilizadas en el hecho denunciado.<\/p>\n\n\n\n<p>A ello se sumar\u00e1 un an\u00e1lisis de ADN para detectar posibles rastros biol\u00f3gicos que permitan determinar si existi\u00f3 manipulaci\u00f3n de terceros. Tambi\u00e9n ser\u00e1 revisado el tel\u00e9fono celular asociado a Rojas Vade, que habr\u00eda sido encontrado en la parte posterior de un veh\u00edculo y podr\u00eda aportar datos sobre movimientos o comunicaciones.<\/p>\n\n\n\n<p>En paralelo, las pericias preliminares habr\u00edan descartado la presencia de bencina en el cuerpo del exconvencional. Lo detectado corresponder\u00eda a diluyente u otros l\u00edquidos asociados a materiales de pintura presentes en su domicilio.<\/p>\n\n\n\n<p>Con estos antecedentes, los resultados de los pr\u00f3ximos peritajes ser\u00e1n claves para establecer si se trat\u00f3 de un ataque externo o si la investigaci\u00f3n se orienta hacia una hip\u00f3tesis distinta.<\/p>\n\n\n\n<p><\/p>\n","protected":false},"excerpt":{"rendered":"<p>La investigaci\u00f3n por el ataque denunciado por el exconvencional Rodrigo Rojas Vade podr\u00eda tomar un nuevo rumbo, luego de que peritajes preliminares abrieran la posibilidad de que el caso sea..<\/p>\n","protected":false},"author":2,"featured_media":19535,"comment_status":"closed","ping_status":"open","sticky":false,"template":"","format":"standard","meta":{"footnotes":""},"categories":[1,28,52],"tags":[],"class_list":["post-19534","post","type-post","status-publish","format-standard","has-post-thumbnail","hentry","category-acontecer","category-actual","category-chile"],"rttpg_featured_image_url":{"full":["https:\/\/elconquistadorredloslagos.cl\/test\/wp-content\/uploads\/2026\/03\/Diseno-sin-titulo-36.jpg",1920,1080,false],"landscape":["https:\/\/elconquistadorredloslagos.cl\/test\/wp-content\/uploads\/2026\/03\/Diseno-sin-titulo-36.jpg",1920,1080,false],"portraits":["https:\/\/elconquistadorredloslagos.cl\/test\/wp-content\/uploads\/2026\/03\/Diseno-sin-titulo-36.jpg",1920,1080,false],"thumbnail":["https:\/\/elconquistadorredloslagos.cl\/test\/wp-content\/uploads\/2026\/03\/Diseno-sin-titulo-36-150x150.jpg",150,150,true],"medium":["https:\/\/elconquistadorredloslagos.cl\/test\/wp-content\/uploads\/2026\/03\/Diseno-sin-titulo-36-300x169.jpg",300,169,true],"large":["https:\/\/elconquistadorredloslagos.cl\/test\/wp-content\/uploads\/2026\/03\/Diseno-sin-titulo-36-1024x576.jpg",1024,576,true],"1536x1536":["https:\/\/elconquistadorredloslagos.cl\/test\/wp-content\/uploads\/2026\/03\/Diseno-sin-titulo-36-1536x864.jpg",1536,864,true],"2048x2048":["https:\/\/elconquistadorredloslagos.cl\/test\/wp-content\/uploads\/2026\/03\/Diseno-sin-titulo-36.jpg",1920,1080,false]},"rttpg_author":{"display_name":"ccardenas","author_link":"https:\/\/elconquistadorredloslagos.cl\/test\/blog\/author\/ccardenas\/"},"rttpg_comment":0,"rttpg_category":"<a href=\"https:\/\/elconquistadorredloslagos.cl\/test\/blog\/category\/actual\/acontecer\/\" rel=\"category tag\">Acontecer<\/a> <a href=\"https:\/\/elconquistadorredloslagos.cl\/test\/blog\/category\/actual\/\" rel=\"category tag\">Actualidad<\/a> <a href=\"https:\/\/elconquistadorredloslagos.cl\/test\/blog\/category\/chile\/\" rel=\"category tag\">Nacional<\/a>","rttpg_excerpt":"La investigaci\u00f3n por el ataque denunciado por el exconvencional Rodrigo Rojas Vade podr\u00eda tomar un nuevo rumbo, luego de que peritajes preliminares abrieran la posibilidad de que el caso sea..","_links":{"self":[{"href":"https:\/\/elconquistadorredloslagos.cl\/test\/wp-json\/wp\/v2\/posts\/19534","targetHints":{"allow":["GET"]}}],"collection":[{"href":"https:\/\/elconquistadorredloslagos.cl\/test\/wp-json\/wp\/v2\/posts"}],"about":[{"href":"https:\/\/elconquistadorredloslagos.cl\/test\/wp-json\/wp\/v2\/types\/post"}],"author":[{"embeddable":true,"href":"https:\/\/elconquistadorredloslagos.cl\/test\/wp-json\/wp\/v2\/users\/2"}],"replies":[{"embeddable":true,"href":"https:\/\/elconquistadorredloslagos.cl\/test\/wp-json\/wp\/v2\/comments?post=19534"}],"version-history":[{"count":1,"href":"https:\/\/elconquistadorredloslagos.cl\/test\/wp-json\/wp\/v2\/posts\/19534\/revisions"}],"predecessor-version":[{"id":19536,"href":"https:\/\/elconquistadorredloslagos.cl\/test\/wp-json\/wp\/v2\/posts\/19534\/revisions\/19536"}],"wp:featuredmedia":[{"embeddable":true,"href":"https:\/\/elconquistadorredloslagos.cl\/test\/wp-json\/wp\/v2\/media\/19535"}],"wp:attachment":[{"href":"https:\/\/elconquistadorredloslagos.cl\/test\/wp-json\/wp\/v2\/media?parent=19534"}],"wp:term":[{"taxonomy":"category","embeddable":true,"href":"https:\/\/elconquistadorredloslagos.cl\/test\/wp-json\/wp\/v2\/categories?post=19534"},{"taxonomy":"post_tag","embeddable":true,"href":"https:\/\/elconquistadorredloslagos.cl\/test\/wp-json\/wp\/v2\/tags?post=19534"}],"curies":[{"name":"wp","href":"https:\/\/api.w.org\/{rel}","templated":true}]}}