{"id":19531,"date":"2026-03-13T15:29:55","date_gmt":"2026-03-13T18:29:55","guid":{"rendered":"https:\/\/elconquistadorredloslagos.cl\/test\/?p=19531"},"modified":"2026-03-13T15:29:56","modified_gmt":"2026-03-13T18:29:56","slug":"capitan-condenado-por-muerte-de-romario-veloz-podria-ser-el-primer-indultado-por-presidente-kast","status":"publish","type":"post","link":"https:\/\/elconquistadorredloslagos.cl\/test\/blog\/2026\/03\/13\/capitan-condenado-por-muerte-de-romario-veloz-podria-ser-el-primer-indultado-por-presidente-kast\/","title":{"rendered":"Capit\u00e1n condenado por muerte de Romario Veloz podr\u00eda ser el primer indultado por Presidente Kast"},"content":{"rendered":"\n<p>El capit\u00e1n del Ej\u00e9rcito Jos\u00e9 Santiago Fa\u00fandez Sep\u00falveda, condenado a 15 a\u00f1os de prisi\u00f3n por la muerte de Romario Veloz durante el estallido social de 2019, podr\u00eda convertirse en el primer beneficiado con un eventual indulto del presidente Jos\u00e9 Antonio Kast.<\/p>\n\n\n\n<p>La posibilidad surgi\u00f3 luego de que el mandatario confirmara que est\u00e1 dispuesto a utilizar su facultad de indulto presidencial. No obstante, aclar\u00f3 que esta medida no ser\u00e1 de car\u00e1cter general y que cada caso ser\u00e1 evaluado de manera individual, con el objetivo \u2014seg\u00fan se\u00f1al\u00f3\u2014 de contribuir a la reconciliaci\u00f3n social tras la crisis que vivi\u00f3 el pa\u00eds.<\/p>\n\n\n\n<p>Fa\u00fandez fue declarado culpable por el delito de violencia innecesaria con resultado de muerte, adem\u00e1s de dos delitos de violencia innecesaria con resultado de lesiones graves, en hechos ocurridos el 20 de octubre de 2019 en las cercan\u00edas del Mall Plaza La Serena.<\/p>\n\n\n\n<p>De acuerdo con la sentencia del Tribunal de Juicio Oral en lo Penal de La Serena, el oficial orden\u00f3 a los soldados bajo su mando disparar con fusiles cargados con munici\u00f3n de guerra y de fogueo. En esos hechos result\u00f3 muerto el estudiante Romario Veloz, mientras que otras dos personas sufrieron lesiones graves.<\/p>\n\n\n\n<p>El eventual indulto fue comentado en el programa <em>Hablemos en Off<\/em> de Radio Duna, donde se se\u00f1al\u00f3 que el oficial habr\u00eda presentado problemas de salud mental al momento de los hechos, situaci\u00f3n que incluso habr\u00eda motivado intentos dentro de la instituci\u00f3n para gestionar su salida anticipada del Ej\u00e9rcito.<\/p>\n\n\n\n<p>\ud83d\udcf7 Contexto<\/p>\n","protected":false},"excerpt":{"rendered":"<p>El capit\u00e1n del Ej\u00e9rcito Jos\u00e9 Santiago Fa\u00fandez Sep\u00falveda, condenado a 15 a\u00f1os de prisi\u00f3n por la muerte de Romario Veloz durante el estallido social de 2019, podr\u00eda convertirse en el..<\/p>\n","protected":false},"author":2,"featured_media":19532,"comment_status":"closed","ping_status":"open","sticky":false,"template":"","format":"standard","meta":{"footnotes":""},"categories":[1,28,52],"tags":[],"class_list":["post-19531","post","type-post","status-publish","format-standard","has-post-thumbnail","hentry","category-acontecer","category-actual","category-chile"],"rttpg_featured_image_url":{"full":["https:\/\/elconquistadorredloslagos.cl\/test\/wp-content\/uploads\/2026\/03\/Diseno-sin-titulo-1-14.jpg",780,470,false],"landscape":["https:\/\/elconquistadorredloslagos.cl\/test\/wp-content\/uploads\/2026\/03\/Diseno-sin-titulo-1-14.jpg",780,470,false],"portraits":["https:\/\/elconquistadorredloslagos.cl\/test\/wp-content\/uploads\/2026\/03\/Diseno-sin-titulo-1-14.jpg",780,470,false],"thumbnail":["https:\/\/elconquistadorredloslagos.cl\/test\/wp-content\/uploads\/2026\/03\/Diseno-sin-titulo-1-14-150x150.jpg",150,150,true],"medium":["https:\/\/elconquistadorredloslagos.cl\/test\/wp-content\/uploads\/2026\/03\/Diseno-sin-titulo-1-14-300x181.jpg",300,181,true],"large":["https:\/\/elconquistadorredloslagos.cl\/test\/wp-content\/uploads\/2026\/03\/Diseno-sin-titulo-1-14.jpg",780,470,false],"1536x1536":["https:\/\/elconquistadorredloslagos.cl\/test\/wp-content\/uploads\/2026\/03\/Diseno-sin-titulo-1-14.jpg",780,470,false],"2048x2048":["https:\/\/elconquistadorredloslagos.cl\/test\/wp-content\/uploads\/2026\/03\/Diseno-sin-titulo-1-14.jpg",780,470,false]},"rttpg_author":{"display_name":"ccardenas","author_link":"https:\/\/elconquistadorredloslagos.cl\/test\/blog\/author\/ccardenas\/"},"rttpg_comment":0,"rttpg_category":"<a href=\"https:\/\/elconquistadorredloslagos.cl\/test\/blog\/category\/actual\/acontecer\/\" rel=\"category tag\">Acontecer<\/a> <a href=\"https:\/\/elconquistadorredloslagos.cl\/test\/blog\/category\/actual\/\" rel=\"category tag\">Actualidad<\/a> <a href=\"https:\/\/elconquistadorredloslagos.cl\/test\/blog\/category\/chile\/\" rel=\"category tag\">Nacional<\/a>","rttpg_excerpt":"El capit\u00e1n del Ej\u00e9rcito Jos\u00e9 Santiago Fa\u00fandez Sep\u00falveda, condenado a 15 a\u00f1os de prisi\u00f3n por la muerte de Romario Veloz durante el estallido social de 2019, podr\u00eda convertirse en el..","_links":{"self":[{"href":"https:\/\/elconquistadorredloslagos.cl\/test\/wp-json\/wp\/v2\/posts\/19531","targetHints":{"allow":["GET"]}}],"collection":[{"href":"https:\/\/elconquistadorredloslagos.cl\/test\/wp-json\/wp\/v2\/posts"}],"about":[{"href":"https:\/\/elconquistadorredloslagos.cl\/test\/wp-json\/wp\/v2\/types\/post"}],"author":[{"embeddable":true,"href":"https:\/\/elconquistadorredloslagos.cl\/test\/wp-json\/wp\/v2\/users\/2"}],"replies":[{"embeddable":true,"href":"https:\/\/elconquistadorredloslagos.cl\/test\/wp-json\/wp\/v2\/comments?post=19531"}],"version-history":[{"count":1,"href":"https:\/\/elconquistadorredloslagos.cl\/test\/wp-json\/wp\/v2\/posts\/19531\/revisions"}],"predecessor-version":[{"id":19533,"href":"https:\/\/elconquistadorredloslagos.cl\/test\/wp-json\/wp\/v2\/posts\/19531\/revisions\/19533"}],"wp:featuredmedia":[{"embeddable":true,"href":"https:\/\/elconquistadorredloslagos.cl\/test\/wp-json\/wp\/v2\/media\/19532"}],"wp:attachment":[{"href":"https:\/\/elconquistadorredloslagos.cl\/test\/wp-json\/wp\/v2\/media?parent=19531"}],"wp:term":[{"taxonomy":"category","embeddable":true,"href":"https:\/\/elconquistadorredloslagos.cl\/test\/wp-json\/wp\/v2\/categories?post=19531"},{"taxonomy":"post_tag","embeddable":true,"href":"https:\/\/elconquistadorredloslagos.cl\/test\/wp-json\/wp\/v2\/tags?post=19531"}],"curies":[{"name":"wp","href":"https:\/\/api.w.org\/{rel}","templated":true}]}}