{"id":19525,"date":"2026-03-13T15:23:20","date_gmt":"2026-03-13T18:23:20","guid":{"rendered":"https:\/\/elconquistadorredloslagos.cl\/test\/?p=19525"},"modified":"2026-03-13T15:23:21","modified_gmt":"2026-03-13T18:23:21","slug":"rescatan-a-joven-tras-caer-desde-mirador-en-la-ruta-puerto-varas-ensenada","status":"publish","type":"post","link":"https:\/\/elconquistadorredloslagos.cl\/test\/blog\/2026\/03\/13\/rescatan-a-joven-tras-caer-desde-mirador-en-la-ruta-puerto-varas-ensenada\/","title":{"rendered":"Rescatan a joven tras caer desde mirador en la ruta Puerto Varas-Ensenada"},"content":{"rendered":"\n<p>Una mujer de cerca de 20 a\u00f1os fue rescatada la ma\u00f1ana de este viernes luego de caer por un desnivel de aproximadamente 25 metros en el kil\u00f3metro 34 de la ruta que une Puerto Varas con Ensenada, en las cercan\u00edas del mirador Van Bebber.<\/p>\n\n\n\n<p>El incidente moviliz\u00f3 a voluntarios de la Sexta y S\u00e9ptima compa\u00f1\u00edas de Bomberos de Puerto Varas, quienes acudieron al lugar para iniciar las labores de b\u00fasqueda en el sector. En un comienzo no se lograba visualizar ni escuchar a la joven, lo que oblig\u00f3 a desplegar un operativo de rastreo en el \u00e1rea.<\/p>\n\n\n\n<p>Hasta el sitio tambi\u00e9n llegaron efectivos de Carabineros y personal de salud para apoyar el procedimiento. Debido a la complejidad del terreno, se solicit\u00f3 adem\u00e1s la colaboraci\u00f3n de la Armada para reforzar las tareas de rescate.<\/p>\n\n\n\n<p>Tras varios minutos de trabajo, cerca de las 10.00 horas los equipos de emergencia lograron ubicar a la mujer. Posteriormente fue inmovilizada por los rescatistas y evacuada desde el lugar para ser trasladada a un centro asistencial, donde se evaluar\u00eda su estado de salud.<\/p>\n\n\n\n<p>\ud83d\udcf7 <a href=\"https:\/\/www.facebook.com\/Clubdecima?__cft__[0]=AZbVZ8zbgBxc_uT7GprQixxFiKP4s9JAonPOujJhbb4mvzjDrwP5NL2NVEJD1HZ7_gXz2zG0ixm-9-hIhYCZW0YSuGHORTfqzIYBivkcrV9YP1_PYZWWsGnXpkb7wigpfNhH66kHfUHCvAdB1jWeF8JmcNAfG59OM5ZsQf_ekFJiRren5p2mbL8w0QQAo56zeek&amp;__tn__=-UC*F\">Club de Emergencias D\u00e9cima Regi\u00f3n<\/a> &#8211; Facebook<\/p>\n","protected":false},"excerpt":{"rendered":"<p>Una mujer de cerca de 20 a\u00f1os fue rescatada la ma\u00f1ana de este viernes luego de caer por un desnivel de aproximadamente 25 metros en el kil\u00f3metro 34 de la..<\/p>\n","protected":false},"author":2,"featured_media":19526,"comment_status":"closed","ping_status":"open","sticky":false,"template":"","format":"standard","meta":{"footnotes":""},"categories":[1,28,63],"tags":[],"class_list":["post-19525","post","type-post","status-publish","format-standard","has-post-thumbnail","hentry","category-acontecer","category-actual","category-puerto-varas"],"rttpg_featured_image_url":{"full":["https:\/\/elconquistadorredloslagos.cl\/test\/wp-content\/uploads\/2026\/03\/Diseno-sin-titulo-2-5.jpg",780,470,false],"landscape":["https:\/\/elconquistadorredloslagos.cl\/test\/wp-content\/uploads\/2026\/03\/Diseno-sin-titulo-2-5.jpg",780,470,false],"portraits":["https:\/\/elconquistadorredloslagos.cl\/test\/wp-content\/uploads\/2026\/03\/Diseno-sin-titulo-2-5.jpg",780,470,false],"thumbnail":["https:\/\/elconquistadorredloslagos.cl\/test\/wp-content\/uploads\/2026\/03\/Diseno-sin-titulo-2-5-150x150.jpg",150,150,true],"medium":["https:\/\/elconquistadorredloslagos.cl\/test\/wp-content\/uploads\/2026\/03\/Diseno-sin-titulo-2-5-300x181.jpg",300,181,true],"large":["https:\/\/elconquistadorredloslagos.cl\/test\/wp-content\/uploads\/2026\/03\/Diseno-sin-titulo-2-5.jpg",780,470,false],"1536x1536":["https:\/\/elconquistadorredloslagos.cl\/test\/wp-content\/uploads\/2026\/03\/Diseno-sin-titulo-2-5.jpg",780,470,false],"2048x2048":["https:\/\/elconquistadorredloslagos.cl\/test\/wp-content\/uploads\/2026\/03\/Diseno-sin-titulo-2-5.jpg",780,470,false]},"rttpg_author":{"display_name":"ccardenas","author_link":"https:\/\/elconquistadorredloslagos.cl\/test\/blog\/author\/ccardenas\/"},"rttpg_comment":0,"rttpg_category":"<a href=\"https:\/\/elconquistadorredloslagos.cl\/test\/blog\/category\/actual\/acontecer\/\" rel=\"category tag\">Acontecer<\/a> <a href=\"https:\/\/elconquistadorredloslagos.cl\/test\/blog\/category\/actual\/\" rel=\"category tag\">Actualidad<\/a> <a href=\"https:\/\/elconquistadorredloslagos.cl\/test\/blog\/category\/puerto-varas\/\" rel=\"category tag\">Puerto Varas<\/a>","rttpg_excerpt":"Una mujer de cerca de 20 a\u00f1os fue rescatada la ma\u00f1ana de este viernes luego de caer por un desnivel de aproximadamente 25 metros en el kil\u00f3metro 34 de la..","_links":{"self":[{"href":"https:\/\/elconquistadorredloslagos.cl\/test\/wp-json\/wp\/v2\/posts\/19525","targetHints":{"allow":["GET"]}}],"collection":[{"href":"https:\/\/elconquistadorredloslagos.cl\/test\/wp-json\/wp\/v2\/posts"}],"about":[{"href":"https:\/\/elconquistadorredloslagos.cl\/test\/wp-json\/wp\/v2\/types\/post"}],"author":[{"embeddable":true,"href":"https:\/\/elconquistadorredloslagos.cl\/test\/wp-json\/wp\/v2\/users\/2"}],"replies":[{"embeddable":true,"href":"https:\/\/elconquistadorredloslagos.cl\/test\/wp-json\/wp\/v2\/comments?post=19525"}],"version-history":[{"count":1,"href":"https:\/\/elconquistadorredloslagos.cl\/test\/wp-json\/wp\/v2\/posts\/19525\/revisions"}],"predecessor-version":[{"id":19527,"href":"https:\/\/elconquistadorredloslagos.cl\/test\/wp-json\/wp\/v2\/posts\/19525\/revisions\/19527"}],"wp:featuredmedia":[{"embeddable":true,"href":"https:\/\/elconquistadorredloslagos.cl\/test\/wp-json\/wp\/v2\/media\/19526"}],"wp:attachment":[{"href":"https:\/\/elconquistadorredloslagos.cl\/test\/wp-json\/wp\/v2\/media?parent=19525"}],"wp:term":[{"taxonomy":"category","embeddable":true,"href":"https:\/\/elconquistadorredloslagos.cl\/test\/wp-json\/wp\/v2\/categories?post=19525"},{"taxonomy":"post_tag","embeddable":true,"href":"https:\/\/elconquistadorredloslagos.cl\/test\/wp-json\/wp\/v2\/tags?post=19525"}],"curies":[{"name":"wp","href":"https:\/\/api.w.org\/{rel}","templated":true}]}}