{"id":19519,"date":"2026-03-13T15:16:04","date_gmt":"2026-03-13T18:16:04","guid":{"rendered":"https:\/\/elconquistadorredloslagos.cl\/test\/?p=19519"},"modified":"2026-03-13T15:16:05","modified_gmt":"2026-03-13T18:16:05","slug":"refuerzan-fiscalizacion-de-productos-del-mar-en-maullin-previo-a-semana-santa","status":"publish","type":"post","link":"https:\/\/elconquistadorredloslagos.cl\/test\/blog\/2026\/03\/13\/refuerzan-fiscalizacion-de-productos-del-mar-en-maullin-previo-a-semana-santa\/","title":{"rendered":"Refuerzan fiscalizaci\u00f3n de productos del mar en Maull\u00edn previo a Semana Santa"},"content":{"rendered":"\n<p>Con miras a la pr\u00f3xima celebraci\u00f3n de Semana Santa, el Servicio Nacional de Pesca y Acuicultura (Sernapesca) coordin\u00f3 en Maull\u00edn una reuni\u00f3n con diversas instituciones para fortalecer las acciones de control y promover el consumo seguro de pescados y mariscos. La actividad fue informada por el municipio local.<\/p>\n\n\n\n<p>En el encuentro participaron representantes de la Armada, Carabineros y equipos de Seguridad P\u00fablica, quienes abordaron la planificaci\u00f3n de las fiscalizaciones que se desarrollar\u00e1n en los d\u00edas previos y durante esta festividad, periodo en que tradicionalmente aumenta la demanda por productos del mar.<\/p>\n\n\n\n<p>Durante la jornada se revisaron medidas de control en puntos de venta, transporte y desembarque de recursos pesqueros, adem\u00e1s de iniciativas de difusi\u00f3n dirigidas a la comunidad.<\/p>\n\n\n\n<p>Las autoridades reiteraron el llamado a la poblaci\u00f3n a comprar solo en establecimientos autorizados, revisar la procedencia de los productos y resguardar la cadena de fr\u00edo, con el fin de evitar riesgos sanitarios en una fecha donde el consumo de estos alimentos crece de forma considerable.<\/p>\n\n\n\n<p>Estas coordinaciones se enmarcan en la Red Sustenta, estrategia impulsada por Sernapesca que busca fortalecer el trabajo entre instituciones para proteger los recursos marinos y asegurar una comercializaci\u00f3n legal de pescados y mariscos.<\/p>\n\n\n\n<p><\/p>\n","protected":false},"excerpt":{"rendered":"<p>Con miras a la pr\u00f3xima celebraci\u00f3n de Semana Santa, el Servicio Nacional de Pesca y Acuicultura (Sernapesca) coordin\u00f3 en Maull\u00edn una reuni\u00f3n con diversas instituciones para fortalecer las acciones de..<\/p>\n","protected":false},"author":2,"featured_media":19520,"comment_status":"closed","ping_status":"open","sticky":false,"template":"","format":"standard","meta":{"footnotes":""},"categories":[1,28,56],"tags":[],"class_list":["post-19519","post","type-post","status-publish","format-standard","has-post-thumbnail","hentry","category-acontecer","category-actual","category-puerto-montt"],"rttpg_featured_image_url":{"full":["https:\/\/elconquistadorredloslagos.cl\/test\/wp-content\/uploads\/2026\/03\/Diseno-sin-titulo-35.jpg",780,470,false],"landscape":["https:\/\/elconquistadorredloslagos.cl\/test\/wp-content\/uploads\/2026\/03\/Diseno-sin-titulo-35.jpg",780,470,false],"portraits":["https:\/\/elconquistadorredloslagos.cl\/test\/wp-content\/uploads\/2026\/03\/Diseno-sin-titulo-35.jpg",780,470,false],"thumbnail":["https:\/\/elconquistadorredloslagos.cl\/test\/wp-content\/uploads\/2026\/03\/Diseno-sin-titulo-35-150x150.jpg",150,150,true],"medium":["https:\/\/elconquistadorredloslagos.cl\/test\/wp-content\/uploads\/2026\/03\/Diseno-sin-titulo-35-300x181.jpg",300,181,true],"large":["https:\/\/elconquistadorredloslagos.cl\/test\/wp-content\/uploads\/2026\/03\/Diseno-sin-titulo-35.jpg",780,470,false],"1536x1536":["https:\/\/elconquistadorredloslagos.cl\/test\/wp-content\/uploads\/2026\/03\/Diseno-sin-titulo-35.jpg",780,470,false],"2048x2048":["https:\/\/elconquistadorredloslagos.cl\/test\/wp-content\/uploads\/2026\/03\/Diseno-sin-titulo-35.jpg",780,470,false]},"rttpg_author":{"display_name":"ccardenas","author_link":"https:\/\/elconquistadorredloslagos.cl\/test\/blog\/author\/ccardenas\/"},"rttpg_comment":0,"rttpg_category":"<a href=\"https:\/\/elconquistadorredloslagos.cl\/test\/blog\/category\/actual\/acontecer\/\" rel=\"category tag\">Acontecer<\/a> <a href=\"https:\/\/elconquistadorredloslagos.cl\/test\/blog\/category\/actual\/\" rel=\"category tag\">Actualidad<\/a> <a href=\"https:\/\/elconquistadorredloslagos.cl\/test\/blog\/category\/chile\/puerto-montt\/\" rel=\"category tag\">Puerto Montt<\/a>","rttpg_excerpt":"Con miras a la pr\u00f3xima celebraci\u00f3n de Semana Santa, el Servicio Nacional de Pesca y Acuicultura (Sernapesca) coordin\u00f3 en Maull\u00edn una reuni\u00f3n con diversas instituciones para fortalecer las acciones de..","_links":{"self":[{"href":"https:\/\/elconquistadorredloslagos.cl\/test\/wp-json\/wp\/v2\/posts\/19519","targetHints":{"allow":["GET"]}}],"collection":[{"href":"https:\/\/elconquistadorredloslagos.cl\/test\/wp-json\/wp\/v2\/posts"}],"about":[{"href":"https:\/\/elconquistadorredloslagos.cl\/test\/wp-json\/wp\/v2\/types\/post"}],"author":[{"embeddable":true,"href":"https:\/\/elconquistadorredloslagos.cl\/test\/wp-json\/wp\/v2\/users\/2"}],"replies":[{"embeddable":true,"href":"https:\/\/elconquistadorredloslagos.cl\/test\/wp-json\/wp\/v2\/comments?post=19519"}],"version-history":[{"count":1,"href":"https:\/\/elconquistadorredloslagos.cl\/test\/wp-json\/wp\/v2\/posts\/19519\/revisions"}],"predecessor-version":[{"id":19521,"href":"https:\/\/elconquistadorredloslagos.cl\/test\/wp-json\/wp\/v2\/posts\/19519\/revisions\/19521"}],"wp:featuredmedia":[{"embeddable":true,"href":"https:\/\/elconquistadorredloslagos.cl\/test\/wp-json\/wp\/v2\/media\/19520"}],"wp:attachment":[{"href":"https:\/\/elconquistadorredloslagos.cl\/test\/wp-json\/wp\/v2\/media?parent=19519"}],"wp:term":[{"taxonomy":"category","embeddable":true,"href":"https:\/\/elconquistadorredloslagos.cl\/test\/wp-json\/wp\/v2\/categories?post=19519"},{"taxonomy":"post_tag","embeddable":true,"href":"https:\/\/elconquistadorredloslagos.cl\/test\/wp-json\/wp\/v2\/tags?post=19519"}],"curies":[{"name":"wp","href":"https:\/\/api.w.org\/{rel}","templated":true}]}}