{"id":19510,"date":"2026-03-13T14:35:26","date_gmt":"2026-03-13T17:35:26","guid":{"rendered":"https:\/\/elconquistadorredloslagos.cl\/test\/?p=19510"},"modified":"2026-03-13T14:35:27","modified_gmt":"2026-03-13T17:35:27","slug":"anuncian-sistema-frontal-para-este-fin-de-semana-y-activan-alerta-preventiva-en-los-lagos","status":"publish","type":"post","link":"https:\/\/elconquistadorredloslagos.cl\/test\/blog\/2026\/03\/13\/anuncian-sistema-frontal-para-este-fin-de-semana-y-activan-alerta-preventiva-en-los-lagos\/","title":{"rendered":"Anuncian sistema frontal para este fin de semana y activan Alerta Preventiva en Los Lagos"},"content":{"rendered":"\n<p>Ante el pron\u00f3stico de intensas lluvias y viento de intensidad normal a moderada, el Servicio Nacional de Prevenci\u00f3n y Respuesta ante Desastres (Senapred) decret\u00f3 una Alerta Temprana Preventiva para la regi\u00f3n de Los Lagos durante este fin de semana.<\/p>\n\n\n\n<p>La medida fue adoptada tras una mesa t\u00e9cnica regional encabezada por la Delegaci\u00f3n Presidencial, donde distintos organismos analizaron el escenario meteorol\u00f3gico previsto para los d\u00edas s\u00e1bado 14 y domingo 15 de marzo.<\/p>\n\n\n\n<p>De acuerdo con la informaci\u00f3n entregada por la Direcci\u00f3n Meteorol\u00f3gica de Chile y la Armada, a trav\u00e9s de la Capitan\u00eda de Puerto de Ancud, se esperan entre 55 y 75 mil\u00edmetros de precipitaciones durante ambas jornadas.<\/p>\n\n\n\n<p>Frente a este escenario, el director regional de Senapred, Mitzio Riquelme, llam\u00f3 a la poblaci\u00f3n a tomar precauciones y mantenerse informada ante las condiciones clim\u00e1ticas pronosticadas.<\/p>\n\n\n\n<figure class=\"wp-block-audio\"><audio controls src=\"https:\/\/elconquistadorredloslagos.cl\/test\/wp-content\/uploads\/2026\/03\/MITZIO-RIQUELME.mp3\"><\/audio><\/figure>\n\n\n\n<p>A ello se suma la advertencia del Servicio Nacional de Geolog\u00eda y Miner\u00eda (Sernageomin). Su director regional (s), David Quiroz, indic\u00f3 que existe una <strong>alta probabilidad de remociones en masa<\/strong>, como aluviones o derrumbes, principalmente en sectores del litoral, cordillera de la costa, cordillera, litoral interior, cordillera austral y Patagonia subandina.<\/p>\n\n\n\n<p>Desde Meteorolog\u00eda, Boris Salinas detall\u00f3 que el evento comenzar\u00e1 durante la jornada del s\u00e1bado, con precipitaciones y viento que podr\u00edan extenderse hasta la noche de ese mismo d\u00eda, afectando adem\u00e1s a regiones como La Araucan\u00eda, Los R\u00edos y Ays\u00e9n.<\/p>\n\n\n\n<p>\ud83d\udcf7 Referencial (Ancud)<\/p>\n","protected":false},"excerpt":{"rendered":"<p>Ante el pron\u00f3stico de intensas lluvias y viento de intensidad normal a moderada, el Servicio Nacional de Prevenci\u00f3n y Respuesta ante Desastres (Senapred) decret\u00f3 una Alerta Temprana Preventiva para la..<\/p>\n","protected":false},"author":2,"featured_media":19513,"comment_status":"closed","ping_status":"open","sticky":false,"template":"","format":"standard","meta":{"footnotes":""},"categories":[1,28,51,55,56],"tags":[],"class_list":["post-19510","post","type-post","status-publish","format-standard","has-post-thumbnail","hentry","category-acontecer","category-actual","category-chiloe","category-osorno","category-puerto-montt"],"rttpg_featured_image_url":{"full":["https:\/\/elconquistadorredloslagos.cl\/test\/wp-content\/uploads\/2026\/03\/Diseno-sin-titulo-1-13.jpg",780,470,false],"landscape":["https:\/\/elconquistadorredloslagos.cl\/test\/wp-content\/uploads\/2026\/03\/Diseno-sin-titulo-1-13.jpg",780,470,false],"portraits":["https:\/\/elconquistadorredloslagos.cl\/test\/wp-content\/uploads\/2026\/03\/Diseno-sin-titulo-1-13.jpg",780,470,false],"thumbnail":["https:\/\/elconquistadorredloslagos.cl\/test\/wp-content\/uploads\/2026\/03\/Diseno-sin-titulo-1-13-150x150.jpg",150,150,true],"medium":["https:\/\/elconquistadorredloslagos.cl\/test\/wp-content\/uploads\/2026\/03\/Diseno-sin-titulo-1-13-300x181.jpg",300,181,true],"large":["https:\/\/elconquistadorredloslagos.cl\/test\/wp-content\/uploads\/2026\/03\/Diseno-sin-titulo-1-13.jpg",780,470,false],"1536x1536":["https:\/\/elconquistadorredloslagos.cl\/test\/wp-content\/uploads\/2026\/03\/Diseno-sin-titulo-1-13.jpg",780,470,false],"2048x2048":["https:\/\/elconquistadorredloslagos.cl\/test\/wp-content\/uploads\/2026\/03\/Diseno-sin-titulo-1-13.jpg",780,470,false]},"rttpg_author":{"display_name":"ccardenas","author_link":"https:\/\/elconquistadorredloslagos.cl\/test\/blog\/author\/ccardenas\/"},"rttpg_comment":0,"rttpg_category":"<a href=\"https:\/\/elconquistadorredloslagos.cl\/test\/blog\/category\/actual\/acontecer\/\" rel=\"category tag\">Acontecer<\/a> <a href=\"https:\/\/elconquistadorredloslagos.cl\/test\/blog\/category\/actual\/\" rel=\"category tag\">Actualidad<\/a> <a href=\"https:\/\/elconquistadorredloslagos.cl\/test\/blog\/category\/chile\/chiloe\/\" rel=\"category tag\">Chilo\u00e9<\/a> <a href=\"https:\/\/elconquistadorredloslagos.cl\/test\/blog\/category\/chile\/osorno\/\" rel=\"category tag\">Osorno<\/a> <a href=\"https:\/\/elconquistadorredloslagos.cl\/test\/blog\/category\/chile\/puerto-montt\/\" rel=\"category tag\">Puerto Montt<\/a>","rttpg_excerpt":"Ante el pron\u00f3stico de intensas lluvias y viento de intensidad normal a moderada, el Servicio Nacional de Prevenci\u00f3n y Respuesta ante Desastres (Senapred) decret\u00f3 una Alerta Temprana Preventiva para la..","_links":{"self":[{"href":"https:\/\/elconquistadorredloslagos.cl\/test\/wp-json\/wp\/v2\/posts\/19510","targetHints":{"allow":["GET"]}}],"collection":[{"href":"https:\/\/elconquistadorredloslagos.cl\/test\/wp-json\/wp\/v2\/posts"}],"about":[{"href":"https:\/\/elconquistadorredloslagos.cl\/test\/wp-json\/wp\/v2\/types\/post"}],"author":[{"embeddable":true,"href":"https:\/\/elconquistadorredloslagos.cl\/test\/wp-json\/wp\/v2\/users\/2"}],"replies":[{"embeddable":true,"href":"https:\/\/elconquistadorredloslagos.cl\/test\/wp-json\/wp\/v2\/comments?post=19510"}],"version-history":[{"count":1,"href":"https:\/\/elconquistadorredloslagos.cl\/test\/wp-json\/wp\/v2\/posts\/19510\/revisions"}],"predecessor-version":[{"id":19514,"href":"https:\/\/elconquistadorredloslagos.cl\/test\/wp-json\/wp\/v2\/posts\/19510\/revisions\/19514"}],"wp:featuredmedia":[{"embeddable":true,"href":"https:\/\/elconquistadorredloslagos.cl\/test\/wp-json\/wp\/v2\/media\/19513"}],"wp:attachment":[{"href":"https:\/\/elconquistadorredloslagos.cl\/test\/wp-json\/wp\/v2\/media?parent=19510"}],"wp:term":[{"taxonomy":"category","embeddable":true,"href":"https:\/\/elconquistadorredloslagos.cl\/test\/wp-json\/wp\/v2\/categories?post=19510"},{"taxonomy":"post_tag","embeddable":true,"href":"https:\/\/elconquistadorredloslagos.cl\/test\/wp-json\/wp\/v2\/tags?post=19510"}],"curies":[{"name":"wp","href":"https:\/\/api.w.org\/{rel}","templated":true}]}}