{"id":19503,"date":"2026-03-13T14:05:17","date_gmt":"2026-03-13T17:05:17","guid":{"rendered":"https:\/\/elconquistadorredloslagos.cl\/test\/?p=19503"},"modified":"2026-03-13T14:51:23","modified_gmt":"2026-03-13T17:51:23","slug":"delegado-presidencial-regional-presenta-a-nuevas-autoridades-provinciales-de-osorno-chiloe-y-palena","status":"publish","type":"post","link":"https:\/\/elconquistadorredloslagos.cl\/test\/blog\/2026\/03\/13\/delegado-presidencial-regional-presenta-a-nuevas-autoridades-provinciales-de-osorno-chiloe-y-palena\/","title":{"rendered":"Delegado Presidencial Regional presenta a nuevas autoridades provinciales de Osorno, Chilo\u00e9 y Palena"},"content":{"rendered":"\n<p>El delegado presidencial regional de Los Lagos, Cristian Palma, present\u00f3 oficialmente a quienes asumir\u00e1n la responsabilidad de representar al Gobierno del Presidente Jos\u00e9 Antonio Kast en las provincias de Osorno, Chilo\u00e9 y Palena, fortaleciendo as\u00ed la presencia del Ejecutivo en el territorio y la coordinaci\u00f3n con las distintas instituciones del Estado.<\/p>\n\n\n\n<p>En la provincia de Osorno, el cargo de delegado presidencial provincial ser\u00e1 asumido por el abogado Alejandro Rehbein, profesional formado en la zona con experiencia en el servicio p\u00fablico y quien se desempe\u00f1\u00f3 como asesor del exdiputado Harry J\u00fcrgensen.<\/p>\n\n\n\n<figure class=\"wp-block-audio\"><audio controls src=\"https:\/\/elconquistadorredloslagos.cl\/test\/wp-content\/uploads\/2026\/03\/REBHEIN-online-audio-converter.com_.mp3\"><\/audio><\/figure>\n\n\n\n<p>En tanto, en la provincia de Chilo\u00e9, asumir\u00e1 como delegado presidencial provincial Fernando B\u00f3rquez, exdiputado, consejero regional y exgobernador provincial durante el segundo gobierno del Presidente Sebasti\u00e1n Pi\u00f1era.<\/p>\n\n\n\n<figure class=\"wp-block-audio\"><audio controls src=\"https:\/\/elconquistadorredloslagos.cl\/test\/wp-content\/uploads\/2026\/03\/BORQUEZ-MP3.mp3\"><\/audio><\/figure>\n\n\n\n<p>Por su parte, el periodista Marcelo Cifuentes retornar\u00e1 a su tierra natal para asumir como delegado presidencial provincial de Palena.<\/p>\n\n\n\n<figure class=\"wp-block-audio\"><audio controls src=\"https:\/\/elconquistadorredloslagos.cl\/test\/wp-content\/uploads\/2026\/03\/MARCELO-MP3.mp3\"><\/audio><\/figure>\n\n\n\n<p>Al respecto, el delegado Cristian Palma manifest\u00f3 su confianza en que cada uno de ellos desempe\u00f1ar\u00e1 esta responsabilidad con vocaci\u00f3n de servicio, cercan\u00eda con las comunidades y un profundo compromiso con el desarrollo de sus territorios.<\/p>\n\n\n\n<figure class=\"wp-block-audio\"><audio controls src=\"https:\/\/elconquistadorredloslagos.cl\/test\/wp-content\/uploads\/2026\/03\/PALMA-online-audio-converter.com_.mp3\"><\/audio><\/figure>\n\n\n\n<p>Asimismo, destac\u00f3 que los desaf\u00edos de la regi\u00f3n requieren trabajo serio, coordinaci\u00f3n entre las distintas instituciones y unidad para avanzar en las tareas encomendadas por el Presidente Jos\u00e9 Antonio Kast.<\/p>\n\n\n\n<figure class=\"wp-block-gallery has-nested-images columns-default is-cropped wp-block-gallery-1 is-layout-flex wp-block-gallery-is-layout-flex\">\n<figure class=\"wp-block-image size-large\"><img loading=\"lazy\" decoding=\"async\" width=\"1024\" height=\"683\" data-id=\"19507\" src=\"https:\/\/elconquistadorredloslagos.cl\/test\/wp-content\/uploads\/2026\/03\/WhatsApp-Image-2026-03-13-at-13.08.51-1024x683.jpeg\" alt=\"\" class=\"wp-image-19507\" \/><\/figure>\n<\/figure>\n","protected":false},"excerpt":{"rendered":"<p>El delegado presidencial regional de Los Lagos, Cristian Palma, present\u00f3 oficialmente a quienes asumir\u00e1n la responsabilidad de representar al Gobierno del Presidente Jos\u00e9 Antonio Kast en las provincias de Osorno,..<\/p>\n","protected":false},"author":2,"featured_media":19508,"comment_status":"closed","ping_status":"open","sticky":false,"template":"","format":"standard","meta":{"footnotes":""},"categories":[1,28,51,55,38,56],"tags":[],"class_list":["post-19503","post","type-post","status-publish","format-standard","has-post-thumbnail","hentry","category-acontecer","category-actual","category-chiloe","category-osorno","category-politica","category-puerto-montt"],"rttpg_featured_image_url":{"full":["https:\/\/elconquistadorredloslagos.cl\/test\/wp-content\/uploads\/2026\/03\/Diseno-sin-titulo-34.jpg",780,470,false],"landscape":["https:\/\/elconquistadorredloslagos.cl\/test\/wp-content\/uploads\/2026\/03\/Diseno-sin-titulo-34.jpg",780,470,false],"portraits":["https:\/\/elconquistadorredloslagos.cl\/test\/wp-content\/uploads\/2026\/03\/Diseno-sin-titulo-34.jpg",780,470,false],"thumbnail":["https:\/\/elconquistadorredloslagos.cl\/test\/wp-content\/uploads\/2026\/03\/Diseno-sin-titulo-34-150x150.jpg",150,150,true],"medium":["https:\/\/elconquistadorredloslagos.cl\/test\/wp-content\/uploads\/2026\/03\/Diseno-sin-titulo-34-300x181.jpg",300,181,true],"large":["https:\/\/elconquistadorredloslagos.cl\/test\/wp-content\/uploads\/2026\/03\/Diseno-sin-titulo-34.jpg",780,470,false],"1536x1536":["https:\/\/elconquistadorredloslagos.cl\/test\/wp-content\/uploads\/2026\/03\/Diseno-sin-titulo-34.jpg",780,470,false],"2048x2048":["https:\/\/elconquistadorredloslagos.cl\/test\/wp-content\/uploads\/2026\/03\/Diseno-sin-titulo-34.jpg",780,470,false]},"rttpg_author":{"display_name":"ccardenas","author_link":"https:\/\/elconquistadorredloslagos.cl\/test\/blog\/author\/ccardenas\/"},"rttpg_comment":0,"rttpg_category":"<a href=\"https:\/\/elconquistadorredloslagos.cl\/test\/blog\/category\/actual\/acontecer\/\" rel=\"category tag\">Acontecer<\/a> <a href=\"https:\/\/elconquistadorredloslagos.cl\/test\/blog\/category\/actual\/\" rel=\"category tag\">Actualidad<\/a> <a href=\"https:\/\/elconquistadorredloslagos.cl\/test\/blog\/category\/chile\/chiloe\/\" rel=\"category tag\">Chilo\u00e9<\/a> <a href=\"https:\/\/elconquistadorredloslagos.cl\/test\/blog\/category\/chile\/osorno\/\" rel=\"category tag\">Osorno<\/a> <a href=\"https:\/\/elconquistadorredloslagos.cl\/test\/blog\/category\/actual\/politica\/\" rel=\"category tag\">Politica<\/a> <a href=\"https:\/\/elconquistadorredloslagos.cl\/test\/blog\/category\/chile\/puerto-montt\/\" rel=\"category tag\">Puerto Montt<\/a>","rttpg_excerpt":"El delegado presidencial regional de Los Lagos, Cristian Palma, present\u00f3 oficialmente a quienes asumir\u00e1n la responsabilidad de representar al Gobierno del Presidente Jos\u00e9 Antonio Kast en las provincias de Osorno,..","_links":{"self":[{"href":"https:\/\/elconquistadorredloslagos.cl\/test\/wp-json\/wp\/v2\/posts\/19503","targetHints":{"allow":["GET"]}}],"collection":[{"href":"https:\/\/elconquistadorredloslagos.cl\/test\/wp-json\/wp\/v2\/posts"}],"about":[{"href":"https:\/\/elconquistadorredloslagos.cl\/test\/wp-json\/wp\/v2\/types\/post"}],"author":[{"embeddable":true,"href":"https:\/\/elconquistadorredloslagos.cl\/test\/wp-json\/wp\/v2\/users\/2"}],"replies":[{"embeddable":true,"href":"https:\/\/elconquistadorredloslagos.cl\/test\/wp-json\/wp\/v2\/comments?post=19503"}],"version-history":[{"count":3,"href":"https:\/\/elconquistadorredloslagos.cl\/test\/wp-json\/wp\/v2\/posts\/19503\/revisions"}],"predecessor-version":[{"id":19518,"href":"https:\/\/elconquistadorredloslagos.cl\/test\/wp-json\/wp\/v2\/posts\/19503\/revisions\/19518"}],"wp:featuredmedia":[{"embeddable":true,"href":"https:\/\/elconquistadorredloslagos.cl\/test\/wp-json\/wp\/v2\/media\/19508"}],"wp:attachment":[{"href":"https:\/\/elconquistadorredloslagos.cl\/test\/wp-json\/wp\/v2\/media?parent=19503"}],"wp:term":[{"taxonomy":"category","embeddable":true,"href":"https:\/\/elconquistadorredloslagos.cl\/test\/wp-json\/wp\/v2\/categories?post=19503"},{"taxonomy":"post_tag","embeddable":true,"href":"https:\/\/elconquistadorredloslagos.cl\/test\/wp-json\/wp\/v2\/tags?post=19503"}],"curies":[{"name":"wp","href":"https:\/\/api.w.org\/{rel}","templated":true}]}}