{"id":19500,"date":"2026-03-13T08:34:00","date_gmt":"2026-03-13T11:34:00","guid":{"rendered":"https:\/\/elconquistadorredloslagos.cl\/test\/?p=19500"},"modified":"2026-03-13T08:34:00","modified_gmt":"2026-03-13T11:34:00","slug":"suspenden-paso-de-tren-para-intensificar-rastreo-tras-ataque-a-carabinero-en-puerto-varas","status":"publish","type":"post","link":"https:\/\/elconquistadorredloslagos.cl\/test\/blog\/2026\/03\/13\/suspenden-paso-de-tren-para-intensificar-rastreo-tras-ataque-a-carabinero-en-puerto-varas\/","title":{"rendered":"Suspenden paso de tren para intensificar rastreo tras ataque a carabinero en Puerto Varas"},"content":{"rendered":"\n<p>Las diligencias para esclarecer el ataque que dej\u00f3 gravemente herido a un funcionario de Carabineros en Puerto Varas contin\u00faan desarroll\u00e1ndose con un amplio despliegue policial en la zona. <\/p>\n\n\n\n<p>En ese contexto, las autoridades decidieron suspender temporalmente el servicio ferroviario que conecta Puerto Montt con Llanquihue para facilitar nuevas pericias en el lugar donde ocurri\u00f3 el hecho.<\/p>\n\n\n\n<p>La medida busca permitir labores de limpieza en el sector cercano a la l\u00ednea f\u00e9rrea, donde se registr\u00f3 el ataque contra el sargento segundo Javier Figueroa. <\/p>\n\n\n\n<p>El corte de la vegetaci\u00f3n permitir\u00e1 repetir el rastreo en el \u00e1rea con el objetivo de encontrar posibles evidencias que ayuden a reconstruir lo ocurrido.<\/p>\n\n\n\n<p>Seg\u00fan explic\u00f3 el subcomisario de la Brigada de Homicidios de la Polic\u00eda de Investigaciones, Gustavo Guichapani, adem\u00e1s se est\u00e1n revisando c\u00e1maras de seguridad del entorno para determinar la eventual ruta de escape del autor del disparo.<\/p>\n\n\n\n<p>El oficial tambi\u00e9n confirm\u00f3 que parte de la evidencia bal\u00edstica recuperada en el sitio del suceso est\u00e1 siendo analizada por especialistas, aunque evit\u00f3 entregar mayores detalles debido a que la investigaci\u00f3n se encuentra en desarrollo.<\/p>\n\n\n\n<p>Paralelamente, los equipos policiales mantienen diversas l\u00edneas investigativas y han identificado a varios sujetos de inter\u00e9s que podr\u00edan aportar antecedentes relevantes para esclarecer el caso.<\/p>\n\n\n\n<p>\ud83d\udcf7 PDI<\/p>\n","protected":false},"excerpt":{"rendered":"<p>Las diligencias para esclarecer el ataque que dej\u00f3 gravemente herido a un funcionario de Carabineros en Puerto Varas contin\u00faan desarroll\u00e1ndose con un amplio despliegue policial en la zona. En ese..<\/p>\n","protected":false},"author":2,"featured_media":19501,"comment_status":"closed","ping_status":"open","sticky":false,"template":"","format":"standard","meta":{"footnotes":""},"categories":[1,28,56,63],"tags":[],"class_list":["post-19500","post","type-post","status-publish","format-standard","has-post-thumbnail","hentry","category-acontecer","category-actual","category-puerto-montt","category-puerto-varas"],"rttpg_featured_image_url":{"full":["https:\/\/elconquistadorredloslagos.cl\/test\/wp-content\/uploads\/2026\/03\/20260313_082415_0000.jpg",780,470,false],"landscape":["https:\/\/elconquistadorredloslagos.cl\/test\/wp-content\/uploads\/2026\/03\/20260313_082415_0000.jpg",780,470,false],"portraits":["https:\/\/elconquistadorredloslagos.cl\/test\/wp-content\/uploads\/2026\/03\/20260313_082415_0000.jpg",780,470,false],"thumbnail":["https:\/\/elconquistadorredloslagos.cl\/test\/wp-content\/uploads\/2026\/03\/20260313_082415_0000-150x150.jpg",150,150,true],"medium":["https:\/\/elconquistadorredloslagos.cl\/test\/wp-content\/uploads\/2026\/03\/20260313_082415_0000-300x181.jpg",300,181,true],"large":["https:\/\/elconquistadorredloslagos.cl\/test\/wp-content\/uploads\/2026\/03\/20260313_082415_0000.jpg",780,470,false],"1536x1536":["https:\/\/elconquistadorredloslagos.cl\/test\/wp-content\/uploads\/2026\/03\/20260313_082415_0000.jpg",780,470,false],"2048x2048":["https:\/\/elconquistadorredloslagos.cl\/test\/wp-content\/uploads\/2026\/03\/20260313_082415_0000.jpg",780,470,false]},"rttpg_author":{"display_name":"ccardenas","author_link":"https:\/\/elconquistadorredloslagos.cl\/test\/blog\/author\/ccardenas\/"},"rttpg_comment":0,"rttpg_category":"<a href=\"https:\/\/elconquistadorredloslagos.cl\/test\/blog\/category\/actual\/acontecer\/\" rel=\"category tag\">Acontecer<\/a> <a href=\"https:\/\/elconquistadorredloslagos.cl\/test\/blog\/category\/actual\/\" rel=\"category tag\">Actualidad<\/a> <a href=\"https:\/\/elconquistadorredloslagos.cl\/test\/blog\/category\/chile\/puerto-montt\/\" rel=\"category tag\">Puerto Montt<\/a> <a href=\"https:\/\/elconquistadorredloslagos.cl\/test\/blog\/category\/puerto-varas\/\" rel=\"category tag\">Puerto Varas<\/a>","rttpg_excerpt":"Las diligencias para esclarecer el ataque que dej\u00f3 gravemente herido a un funcionario de Carabineros en Puerto Varas contin\u00faan desarroll\u00e1ndose con un amplio despliegue policial en la zona. En ese..","_links":{"self":[{"href":"https:\/\/elconquistadorredloslagos.cl\/test\/wp-json\/wp\/v2\/posts\/19500","targetHints":{"allow":["GET"]}}],"collection":[{"href":"https:\/\/elconquistadorredloslagos.cl\/test\/wp-json\/wp\/v2\/posts"}],"about":[{"href":"https:\/\/elconquistadorredloslagos.cl\/test\/wp-json\/wp\/v2\/types\/post"}],"author":[{"embeddable":true,"href":"https:\/\/elconquistadorredloslagos.cl\/test\/wp-json\/wp\/v2\/users\/2"}],"replies":[{"embeddable":true,"href":"https:\/\/elconquistadorredloslagos.cl\/test\/wp-json\/wp\/v2\/comments?post=19500"}],"version-history":[{"count":1,"href":"https:\/\/elconquistadorredloslagos.cl\/test\/wp-json\/wp\/v2\/posts\/19500\/revisions"}],"predecessor-version":[{"id":19502,"href":"https:\/\/elconquistadorredloslagos.cl\/test\/wp-json\/wp\/v2\/posts\/19500\/revisions\/19502"}],"wp:featuredmedia":[{"embeddable":true,"href":"https:\/\/elconquistadorredloslagos.cl\/test\/wp-json\/wp\/v2\/media\/19501"}],"wp:attachment":[{"href":"https:\/\/elconquistadorredloslagos.cl\/test\/wp-json\/wp\/v2\/media?parent=19500"}],"wp:term":[{"taxonomy":"category","embeddable":true,"href":"https:\/\/elconquistadorredloslagos.cl\/test\/wp-json\/wp\/v2\/categories?post=19500"},{"taxonomy":"post_tag","embeddable":true,"href":"https:\/\/elconquistadorredloslagos.cl\/test\/wp-json\/wp\/v2\/tags?post=19500"}],"curies":[{"name":"wp","href":"https:\/\/api.w.org\/{rel}","templated":true}]}}