{"id":19497,"date":"2026-03-12T21:41:06","date_gmt":"2026-03-13T00:41:06","guid":{"rendered":"https:\/\/elconquistadorredloslagos.cl\/test\/?p=19497"},"modified":"2026-03-12T21:41:07","modified_gmt":"2026-03-13T00:41:07","slug":"nuevos-delegados-provinciales-se-alistan-para-asumir-en-la-region-de-los-lagos","status":"publish","type":"post","link":"https:\/\/elconquistadorredloslagos.cl\/test\/blog\/2026\/03\/12\/nuevos-delegados-provinciales-se-alistan-para-asumir-en-la-region-de-los-lagos\/","title":{"rendered":"Nuevos delegados provinciales se alistan para asumir en la Regi\u00f3n de Los Lagos"},"content":{"rendered":"\n<p>En las pr\u00f3ximas horas se concretar\u00eda el nombramiento de nuevos delegados provinciales en la Regi\u00f3n de Los Lagos, seg\u00fan informaci\u00f3n conocida en las \u00faltimas horas. Los nombres que suenan para asumir estos cargos son Fernando B\u00f3rquez en la provincia de Chilo\u00e9, Alejandro Rehbein en Osorno y Marcelo Cifuentes en Palena.<\/p>\n\n\n\n<p>Las designaciones formar\u00edan parte de una serie de ajustes en la representaci\u00f3n del Gobierno en las provincias de la regi\u00f3n. <\/p>\n\n\n\n<p>De confirmarse oficialmente, las nuevas autoridades deber\u00e1n asumir la coordinaci\u00f3n de las pol\u00edticas p\u00fablicas y la gesti\u00f3n del Ejecutivo en sus respectivos territorios.<\/p>\n\n\n\n<p>Por ahora, las confirmaciones oficiales se esperan dentro de las pr\u00f3ximas horas, en medio de una noticia que contin\u00faa en desarrollo.<\/p>\n","protected":false},"excerpt":{"rendered":"<p>En las pr\u00f3ximas horas se concretar\u00eda el nombramiento de nuevos delegados provinciales en la Regi\u00f3n de Los Lagos, seg\u00fan informaci\u00f3n conocida en las \u00faltimas horas. Los nombres que suenan para..<\/p>\n","protected":false},"author":2,"featured_media":19498,"comment_status":"closed","ping_status":"open","sticky":false,"template":"","format":"standard","meta":{"footnotes":""},"categories":[1,28,51,55,38],"tags":[],"class_list":["post-19497","post","type-post","status-publish","format-standard","has-post-thumbnail","hentry","category-acontecer","category-actual","category-chiloe","category-osorno","category-politica"],"rttpg_featured_image_url":{"full":["https:\/\/elconquistadorredloslagos.cl\/test\/wp-content\/uploads\/2026\/03\/Diseno-sin-titulo_20260312_213614_0000.jpg",1920,1080,false],"landscape":["https:\/\/elconquistadorredloslagos.cl\/test\/wp-content\/uploads\/2026\/03\/Diseno-sin-titulo_20260312_213614_0000.jpg",1920,1080,false],"portraits":["https:\/\/elconquistadorredloslagos.cl\/test\/wp-content\/uploads\/2026\/03\/Diseno-sin-titulo_20260312_213614_0000.jpg",1920,1080,false],"thumbnail":["https:\/\/elconquistadorredloslagos.cl\/test\/wp-content\/uploads\/2026\/03\/Diseno-sin-titulo_20260312_213614_0000-150x150.jpg",150,150,true],"medium":["https:\/\/elconquistadorredloslagos.cl\/test\/wp-content\/uploads\/2026\/03\/Diseno-sin-titulo_20260312_213614_0000-300x169.jpg",300,169,true],"large":["https:\/\/elconquistadorredloslagos.cl\/test\/wp-content\/uploads\/2026\/03\/Diseno-sin-titulo_20260312_213614_0000-1024x576.jpg",1024,576,true],"1536x1536":["https:\/\/elconquistadorredloslagos.cl\/test\/wp-content\/uploads\/2026\/03\/Diseno-sin-titulo_20260312_213614_0000-1536x864.jpg",1536,864,true],"2048x2048":["https:\/\/elconquistadorredloslagos.cl\/test\/wp-content\/uploads\/2026\/03\/Diseno-sin-titulo_20260312_213614_0000.jpg",1920,1080,false]},"rttpg_author":{"display_name":"ccardenas","author_link":"https:\/\/elconquistadorredloslagos.cl\/test\/blog\/author\/ccardenas\/"},"rttpg_comment":0,"rttpg_category":"<a href=\"https:\/\/elconquistadorredloslagos.cl\/test\/blog\/category\/actual\/acontecer\/\" rel=\"category tag\">Acontecer<\/a> <a href=\"https:\/\/elconquistadorredloslagos.cl\/test\/blog\/category\/actual\/\" rel=\"category tag\">Actualidad<\/a> <a href=\"https:\/\/elconquistadorredloslagos.cl\/test\/blog\/category\/chile\/chiloe\/\" rel=\"category tag\">Chilo\u00e9<\/a> <a href=\"https:\/\/elconquistadorredloslagos.cl\/test\/blog\/category\/chile\/osorno\/\" rel=\"category tag\">Osorno<\/a> <a href=\"https:\/\/elconquistadorredloslagos.cl\/test\/blog\/category\/actual\/politica\/\" rel=\"category tag\">Politica<\/a>","rttpg_excerpt":"En las pr\u00f3ximas horas se concretar\u00eda el nombramiento de nuevos delegados provinciales en la Regi\u00f3n de Los Lagos, seg\u00fan informaci\u00f3n conocida en las \u00faltimas horas. Los nombres que suenan para..","_links":{"self":[{"href":"https:\/\/elconquistadorredloslagos.cl\/test\/wp-json\/wp\/v2\/posts\/19497","targetHints":{"allow":["GET"]}}],"collection":[{"href":"https:\/\/elconquistadorredloslagos.cl\/test\/wp-json\/wp\/v2\/posts"}],"about":[{"href":"https:\/\/elconquistadorredloslagos.cl\/test\/wp-json\/wp\/v2\/types\/post"}],"author":[{"embeddable":true,"href":"https:\/\/elconquistadorredloslagos.cl\/test\/wp-json\/wp\/v2\/users\/2"}],"replies":[{"embeddable":true,"href":"https:\/\/elconquistadorredloslagos.cl\/test\/wp-json\/wp\/v2\/comments?post=19497"}],"version-history":[{"count":1,"href":"https:\/\/elconquistadorredloslagos.cl\/test\/wp-json\/wp\/v2\/posts\/19497\/revisions"}],"predecessor-version":[{"id":19499,"href":"https:\/\/elconquistadorredloslagos.cl\/test\/wp-json\/wp\/v2\/posts\/19497\/revisions\/19499"}],"wp:featuredmedia":[{"embeddable":true,"href":"https:\/\/elconquistadorredloslagos.cl\/test\/wp-json\/wp\/v2\/media\/19498"}],"wp:attachment":[{"href":"https:\/\/elconquistadorredloslagos.cl\/test\/wp-json\/wp\/v2\/media?parent=19497"}],"wp:term":[{"taxonomy":"category","embeddable":true,"href":"https:\/\/elconquistadorredloslagos.cl\/test\/wp-json\/wp\/v2\/categories?post=19497"},{"taxonomy":"post_tag","embeddable":true,"href":"https:\/\/elconquistadorredloslagos.cl\/test\/wp-json\/wp\/v2\/tags?post=19497"}],"curies":[{"name":"wp","href":"https:\/\/api.w.org\/{rel}","templated":true}]}}