{"id":19494,"date":"2026-03-12T18:58:45","date_gmt":"2026-03-12T21:58:45","guid":{"rendered":"https:\/\/elconquistadorredloslagos.cl\/test\/?p=19494"},"modified":"2026-03-12T18:58:46","modified_gmt":"2026-03-12T21:58:46","slug":"una-falla-en-el-cambio-de-redes-sociales-genero-confusion-con-cuenta-de-presidencia-en-x","status":"publish","type":"post","link":"https:\/\/elconquistadorredloslagos.cl\/test\/blog\/2026\/03\/12\/una-falla-en-el-cambio-de-redes-sociales-genero-confusion-con-cuenta-de-presidencia-en-x\/","title":{"rendered":"Una falla en el cambio de redes sociales gener\u00f3 confusi\u00f3n con cuenta de Presidencia en X"},"content":{"rendered":"\n<p>La jornada de cambio de mando tambi\u00e9n estuvo marcada por un inconveniente en el \u00e1mbito digital. La cuenta oficial de la Presidencia de Chile en X pas\u00f3 brevemente a manos de un usuario an\u00f3nimo debido a un error ocurrido durante el traspaso de administraci\u00f3n.<\/p>\n\n\n\n<p>El hecho ocurri\u00f3 este 11 de marzo, d\u00eda en que Jos\u00e9 Antonio Kast asumi\u00f3 como nuevo presidente tras el t\u00e9rmino del mandato de Gabriel Boric. En paralelo al proceso pol\u00edtico, se realizan modificaciones en las redes sociales institucionales del gobierno.<\/p>\n\n\n\n<p>Como parte de ese procedimiento, los contenidos del periodo que finaliza son trasladados a perfiles de resguardo para mantener el registro hist\u00f3rico de la gesti\u00f3n.<\/p>\n\n\n\n<p>As\u00ed, las publicaciones correspondientes a la administraci\u00f3n de Boric fueron derivadas a la cuenta \u201cArchivo Presidencia de Chile 2022-2026\u201d. Dicho perfil posteriormente queda bajo la responsabilidad del Archivo Nacional para su conservaci\u00f3n.<\/p>\n\n\n\n<p><\/p>\n","protected":false},"excerpt":{"rendered":"<p>La jornada de cambio de mando tambi\u00e9n estuvo marcada por un inconveniente en el \u00e1mbito digital. La cuenta oficial de la Presidencia de Chile en X pas\u00f3 brevemente a manos..<\/p>\n","protected":false},"author":2,"featured_media":19495,"comment_status":"closed","ping_status":"open","sticky":false,"template":"","format":"standard","meta":{"footnotes":""},"categories":[1,28,52,38],"tags":[],"class_list":["post-19494","post","type-post","status-publish","format-standard","has-post-thumbnail","hentry","category-acontecer","category-actual","category-chile","category-politica"],"rttpg_featured_image_url":{"full":["https:\/\/elconquistadorredloslagos.cl\/test\/wp-content\/uploads\/2026\/03\/Sin-titulo-1.jpg",1920,1080,false],"landscape":["https:\/\/elconquistadorredloslagos.cl\/test\/wp-content\/uploads\/2026\/03\/Sin-titulo-1.jpg",1920,1080,false],"portraits":["https:\/\/elconquistadorredloslagos.cl\/test\/wp-content\/uploads\/2026\/03\/Sin-titulo-1.jpg",1920,1080,false],"thumbnail":["https:\/\/elconquistadorredloslagos.cl\/test\/wp-content\/uploads\/2026\/03\/Sin-titulo-1-150x150.jpg",150,150,true],"medium":["https:\/\/elconquistadorredloslagos.cl\/test\/wp-content\/uploads\/2026\/03\/Sin-titulo-1-300x169.jpg",300,169,true],"large":["https:\/\/elconquistadorredloslagos.cl\/test\/wp-content\/uploads\/2026\/03\/Sin-titulo-1-1024x576.jpg",1024,576,true],"1536x1536":["https:\/\/elconquistadorredloslagos.cl\/test\/wp-content\/uploads\/2026\/03\/Sin-titulo-1-1536x864.jpg",1536,864,true],"2048x2048":["https:\/\/elconquistadorredloslagos.cl\/test\/wp-content\/uploads\/2026\/03\/Sin-titulo-1.jpg",1920,1080,false]},"rttpg_author":{"display_name":"ccardenas","author_link":"https:\/\/elconquistadorredloslagos.cl\/test\/blog\/author\/ccardenas\/"},"rttpg_comment":0,"rttpg_category":"<a href=\"https:\/\/elconquistadorredloslagos.cl\/test\/blog\/category\/actual\/acontecer\/\" rel=\"category tag\">Acontecer<\/a> <a href=\"https:\/\/elconquistadorredloslagos.cl\/test\/blog\/category\/actual\/\" rel=\"category tag\">Actualidad<\/a> <a href=\"https:\/\/elconquistadorredloslagos.cl\/test\/blog\/category\/chile\/\" rel=\"category tag\">Nacional<\/a> <a href=\"https:\/\/elconquistadorredloslagos.cl\/test\/blog\/category\/actual\/politica\/\" rel=\"category tag\">Politica<\/a>","rttpg_excerpt":"La jornada de cambio de mando tambi\u00e9n estuvo marcada por un inconveniente en el \u00e1mbito digital. La cuenta oficial de la Presidencia de Chile en X pas\u00f3 brevemente a manos..","_links":{"self":[{"href":"https:\/\/elconquistadorredloslagos.cl\/test\/wp-json\/wp\/v2\/posts\/19494","targetHints":{"allow":["GET"]}}],"collection":[{"href":"https:\/\/elconquistadorredloslagos.cl\/test\/wp-json\/wp\/v2\/posts"}],"about":[{"href":"https:\/\/elconquistadorredloslagos.cl\/test\/wp-json\/wp\/v2\/types\/post"}],"author":[{"embeddable":true,"href":"https:\/\/elconquistadorredloslagos.cl\/test\/wp-json\/wp\/v2\/users\/2"}],"replies":[{"embeddable":true,"href":"https:\/\/elconquistadorredloslagos.cl\/test\/wp-json\/wp\/v2\/comments?post=19494"}],"version-history":[{"count":1,"href":"https:\/\/elconquistadorredloslagos.cl\/test\/wp-json\/wp\/v2\/posts\/19494\/revisions"}],"predecessor-version":[{"id":19496,"href":"https:\/\/elconquistadorredloslagos.cl\/test\/wp-json\/wp\/v2\/posts\/19494\/revisions\/19496"}],"wp:featuredmedia":[{"embeddable":true,"href":"https:\/\/elconquistadorredloslagos.cl\/test\/wp-json\/wp\/v2\/media\/19495"}],"wp:attachment":[{"href":"https:\/\/elconquistadorredloslagos.cl\/test\/wp-json\/wp\/v2\/media?parent=19494"}],"wp:term":[{"taxonomy":"category","embeddable":true,"href":"https:\/\/elconquistadorredloslagos.cl\/test\/wp-json\/wp\/v2\/categories?post=19494"},{"taxonomy":"post_tag","embeddable":true,"href":"https:\/\/elconquistadorredloslagos.cl\/test\/wp-json\/wp\/v2\/tags?post=19494"}],"curies":[{"name":"wp","href":"https:\/\/api.w.org\/{rel}","templated":true}]}}