{"id":19491,"date":"2026-03-12T18:32:36","date_gmt":"2026-03-12T21:32:36","guid":{"rendered":"https:\/\/elconquistadorredloslagos.cl\/test\/?p=19491"},"modified":"2026-03-12T18:32:37","modified_gmt":"2026-03-12T21:32:37","slug":"que-hay-detras-del-ataque-a-rojas-vade-aparecen-nuevas-pistas-del-caso","status":"publish","type":"post","link":"https:\/\/elconquistadorredloslagos.cl\/test\/blog\/2026\/03\/12\/que-hay-detras-del-ataque-a-rojas-vade-aparecen-nuevas-pistas-del-caso\/","title":{"rendered":"\u00bfQu\u00e9 hay detr\u00e1s del ataque a Rojas Vade? Aparecen nuevas pistas del caso"},"content":{"rendered":"\n<p>Diversas diligencias policiales se mantienen en curso para esclarecer el ataque que dej\u00f3 al exconvencional constituyente Rodrigo Rojas Vade en estado cr\u00edtico. El hecho ha generado amplio inter\u00e9s p\u00fablico y ha sido analizado en distintos espacios informativos.<\/p>\n\n\n\n<p>El exintegrante de la Convenci\u00f3n Constitucional fue hallado durante la madrugada en la caletera de la Ruta 78, a la altura del kil\u00f3metro 59, en el tramo que conecta las localidades de Pomaire y Melipilla, en la Regi\u00f3n Metropolitana.<\/p>\n\n\n\n<p>Seg\u00fan los antecedentes preliminares, Rojas Vade fue encontrado inconsciente, con sus manos atadas y con evidentes signos de haber sido rociado con bencina, lo que activ\u00f3 un amplio operativo policial y m\u00e9dico debido a la gravedad de sus lesiones.<\/p>\n\n\n\n<p>Otro elemento que llam\u00f3 la atenci\u00f3n de los investigadores fue la presencia de consignas pol\u00edticas escritas con plum\u00f3n en sus brazos. En uno de ellos se le\u00eda \u201cviva Kast\u201d, mientras que en el otro aparec\u00eda el mensaje \u201cno + zurdos\u201d.<\/p>\n\n\n\n<p>Adem\u00e1s, el exconvencional se encontraba tendido detr\u00e1s del veh\u00edculo en el que se desplazaba, el cual ten\u00eda una puerta abierta y el intermitente encendido.<\/p>\n\n\n\n<p>Por ahora, la polic\u00eda maneja distintas hip\u00f3tesis sobre lo ocurrido, entre ellas un posible secuestro o una agresi\u00f3n vinculada a su entorno personal, antecedentes que contin\u00faan siendo materia de investigaci\u00f3n.<\/p>\n\n\n\n<p>\ud83d\udcf7 Redes Sociales<\/p>\n","protected":false},"excerpt":{"rendered":"<p>Diversas diligencias policiales se mantienen en curso para esclarecer el ataque que dej\u00f3 al exconvencional constituyente Rodrigo Rojas Vade en estado cr\u00edtico. El hecho ha generado amplio inter\u00e9s p\u00fablico y..<\/p>\n","protected":false},"author":2,"featured_media":19492,"comment_status":"closed","ping_status":"open","sticky":false,"template":"","format":"standard","meta":{"footnotes":""},"categories":[1,28,52],"tags":[],"class_list":["post-19491","post","type-post","status-publish","format-standard","has-post-thumbnail","hentry","category-acontecer","category-actual","category-chile"],"rttpg_featured_image_url":{"full":["https:\/\/elconquistadorredloslagos.cl\/test\/wp-content\/uploads\/2026\/03\/Diseno-sin-titulo-1-12.jpg",1920,1080,false],"landscape":["https:\/\/elconquistadorredloslagos.cl\/test\/wp-content\/uploads\/2026\/03\/Diseno-sin-titulo-1-12.jpg",1920,1080,false],"portraits":["https:\/\/elconquistadorredloslagos.cl\/test\/wp-content\/uploads\/2026\/03\/Diseno-sin-titulo-1-12.jpg",1920,1080,false],"thumbnail":["https:\/\/elconquistadorredloslagos.cl\/test\/wp-content\/uploads\/2026\/03\/Diseno-sin-titulo-1-12-150x150.jpg",150,150,true],"medium":["https:\/\/elconquistadorredloslagos.cl\/test\/wp-content\/uploads\/2026\/03\/Diseno-sin-titulo-1-12-300x169.jpg",300,169,true],"large":["https:\/\/elconquistadorredloslagos.cl\/test\/wp-content\/uploads\/2026\/03\/Diseno-sin-titulo-1-12-1024x576.jpg",1024,576,true],"1536x1536":["https:\/\/elconquistadorredloslagos.cl\/test\/wp-content\/uploads\/2026\/03\/Diseno-sin-titulo-1-12-1536x864.jpg",1536,864,true],"2048x2048":["https:\/\/elconquistadorredloslagos.cl\/test\/wp-content\/uploads\/2026\/03\/Diseno-sin-titulo-1-12.jpg",1920,1080,false]},"rttpg_author":{"display_name":"ccardenas","author_link":"https:\/\/elconquistadorredloslagos.cl\/test\/blog\/author\/ccardenas\/"},"rttpg_comment":0,"rttpg_category":"<a href=\"https:\/\/elconquistadorredloslagos.cl\/test\/blog\/category\/actual\/acontecer\/\" rel=\"category tag\">Acontecer<\/a> <a href=\"https:\/\/elconquistadorredloslagos.cl\/test\/blog\/category\/actual\/\" rel=\"category tag\">Actualidad<\/a> <a href=\"https:\/\/elconquistadorredloslagos.cl\/test\/blog\/category\/chile\/\" rel=\"category tag\">Nacional<\/a>","rttpg_excerpt":"Diversas diligencias policiales se mantienen en curso para esclarecer el ataque que dej\u00f3 al exconvencional constituyente Rodrigo Rojas Vade en estado cr\u00edtico. El hecho ha generado amplio inter\u00e9s p\u00fablico y..","_links":{"self":[{"href":"https:\/\/elconquistadorredloslagos.cl\/test\/wp-json\/wp\/v2\/posts\/19491","targetHints":{"allow":["GET"]}}],"collection":[{"href":"https:\/\/elconquistadorredloslagos.cl\/test\/wp-json\/wp\/v2\/posts"}],"about":[{"href":"https:\/\/elconquistadorredloslagos.cl\/test\/wp-json\/wp\/v2\/types\/post"}],"author":[{"embeddable":true,"href":"https:\/\/elconquistadorredloslagos.cl\/test\/wp-json\/wp\/v2\/users\/2"}],"replies":[{"embeddable":true,"href":"https:\/\/elconquistadorredloslagos.cl\/test\/wp-json\/wp\/v2\/comments?post=19491"}],"version-history":[{"count":1,"href":"https:\/\/elconquistadorredloslagos.cl\/test\/wp-json\/wp\/v2\/posts\/19491\/revisions"}],"predecessor-version":[{"id":19493,"href":"https:\/\/elconquistadorredloslagos.cl\/test\/wp-json\/wp\/v2\/posts\/19491\/revisions\/19493"}],"wp:featuredmedia":[{"embeddable":true,"href":"https:\/\/elconquistadorredloslagos.cl\/test\/wp-json\/wp\/v2\/media\/19492"}],"wp:attachment":[{"href":"https:\/\/elconquistadorredloslagos.cl\/test\/wp-json\/wp\/v2\/media?parent=19491"}],"wp:term":[{"taxonomy":"category","embeddable":true,"href":"https:\/\/elconquistadorredloslagos.cl\/test\/wp-json\/wp\/v2\/categories?post=19491"},{"taxonomy":"post_tag","embeddable":true,"href":"https:\/\/elconquistadorredloslagos.cl\/test\/wp-json\/wp\/v2\/tags?post=19491"}],"curies":[{"name":"wp","href":"https:\/\/api.w.org\/{rel}","templated":true}]}}