{"id":19481,"date":"2026-03-12T17:31:06","date_gmt":"2026-03-12T20:31:06","guid":{"rendered":"https:\/\/elconquistadorredloslagos.cl\/test\/?p=19481"},"modified":"2026-03-12T17:31:07","modified_gmt":"2026-03-12T20:31:07","slug":"en-ancud-inician-dialogos-para-proyectar-la-cultura-chilota-hacia-europa-con-festival-internacional-en-malaga","status":"publish","type":"post","link":"https:\/\/elconquistadorredloslagos.cl\/test\/blog\/2026\/03\/12\/en-ancud-inician-dialogos-para-proyectar-la-cultura-chilota-hacia-europa-con-festival-internacional-en-malaga\/","title":{"rendered":"En Ancud inician di\u00e1logos para proyectar la cultura chilota hacia Europa con festival internacional en M\u00e1laga"},"content":{"rendered":"\n<p>Con el objetivo de posicionar a Chilo\u00e9 como un destino cultural de alcance internacional, Fundaci\u00f3n El Toldo, la Asociaci\u00f3n Comunicaci\u00f3n Cooperativa  a trav\u00e9s de la Escuela Audiovisual y Fotogr\u00e1fica Trasfoco y la Fundaci\u00f3n Comarca Contuy convocan a artesanos, gestores culturales, operadores tur\u00edsticos e instituciones p\u00fablicas y privadas para comenzar a dise\u00f1ar el Festival Internacional \u201cChilo\u00e9 como ecosistema creativo cultural: estrategias de internacionalizaci\u00f3n desde la identidad rural insular\u201d.<\/p>\n\n\n\n<p>En ese contexto, este mi\u00e9rcoles se realiz\u00f3 en el Museo Regional de Ancud un di\u00e1logo curatorial que marc\u00f3 el inicio de las actividades previas al evento que llevar\u00e1 expresiones art\u00edsticas, patrimoniales y productivas del archipi\u00e9lago hasta la ciudad de M\u00e1laga, Espa\u00f1a, durante 2026.<\/p>\n\n\n\n<p>La iniciativa es financiada por la Convocatoria P\u00fablica 2025 para el Fomento a la Interdisciplinariedad en el Ecosistema Creativo, en el marco del Programa de Fomento y Desarrollo de Ecosistemas Creativos del Ministerio de las Culturas, las Artes y el Patrimonio, y busca fortalecer la proyecci\u00f3n internacional de la cultura chilota mediante un trabajo colaborativo entre diversos actores del territorio.<\/p>\n\n\n\n<p>Sobre el origen de esta iniciativa y el proceso de articulaci\u00f3n entre distintas organizaciones del Archipi\u00e9lago, se refiri\u00f3 <strong>Ana S\u00e1nchez, coordinadora de proyectos de la Asociaci\u00f3n Comunicaci\u00f3n Cooperativa<\/strong>.<\/p>\n\n\n\n<figure class=\"wp-block-audio\"><audio controls src=\"https:\/\/elconquistadorredloslagos.cl\/test\/wp-content\/uploads\/2026\/03\/Cuna-de-Ana-Sanchez.mp3\"><\/audio><\/figure>\n\n\n\n<p>El encuentro en Ancud dio inicio a una serie de instancias participativas que permitir\u00e1n recoger visiones y propuestas desde el territorio para el dise\u00f1o curatorial y program\u00e1tico del festival. La actividad convoc\u00f3 especialmente a artesanos y representantes del sector tur\u00edstico, quienes aportaron su mirada sobre c\u00f3mo la identidad rural, los oficios tradicionales y la relaci\u00f3n con la naturaleza forman parte del patrimonio vivo de Chilo\u00e9.<\/p>\n\n\n\n<p>Uno de los ejes centrales del proyecto es la articulaci\u00f3n p\u00fablico-privada que sustenta esta iniciativa. En total, 24 instituciones de distintos \u00e1mbitos -entre ellas organizaciones culturales, municipios, entidades educativas, \u00e1reas silvestres protegidas y actores del sector agroalimentario- participan en este ecosistema creativo que busca fortalecer la cooperaci\u00f3n estrat\u00e9gica y generar nuevas oportunidades de desarrollo cultural y econ\u00f3mico para el territorio.<\/p>\n\n\n\n<p>Sonia Mu\u00f1oz, directora ejecutiva de Fundaci\u00f3n El Toldo, destac\u00f3 la importancia de crear una plataforma internacional para visibilizar el patrimonio cultural de Chilo\u00e9 y fortalecer su identidad y desarrollo territorial.<\/p>\n\n\n\n<figure class=\"wp-block-audio\"><audio controls src=\"https:\/\/elconquistadorredloslagos.cl\/test\/wp-content\/uploads\/2026\/03\/Cuna-Sonia-Munoz.mp3\"><\/audio><\/figure>\n\n\n\n<p>La convocatoria y facilitaci\u00f3n de las distintas actividades vinculadas al proyecto y al futuro festival internacional es liderada por Fundaci\u00f3n El Toldo, la Asociaci\u00f3n Comunicaci\u00f3n Cooperativa \u2014a trav\u00e9s de la Escuela Audiovisual y Fotogr\u00e1fica Trasfoco\u2014 y la Fundaci\u00f3n Comarca Contuy, organizaciones que articulan el trabajo colaborativo entre los distintos actores involucrados.<\/p>\n\n\n\n<p>El festival internacional se realizar\u00e1 entre el 11 de septiembre y el 12 de octubre de 2026 en M\u00e1laga, en colaboraci\u00f3n con organizaciones culturales espa\u00f1olas. La programaci\u00f3n contemplar\u00e1 exposiciones y muestras de artesan\u00eda, fotograf\u00eda, literatura, arquitectura, gastronom\u00eda y artes visuales, adem\u00e1s de seminarios, talleres y laboratorios de intercambio de saberes entre Chile y Europa.<\/p>\n\n\n\n<p>Desde la organizaci\u00f3n destacan que el proyecto busca no solo difundir la cultura chilota en el extranjero, sino tambi\u00e9n poner en valor su identidad rural e insular como motor de desarrollo cultural, tur\u00edstico y creativo, integrando a comunidades, escuelas rurales y agentes culturales del archipi\u00e9lago en un proceso participativo que permitir\u00e1 construir colectivamente esta plataforma internacional para Chilo\u00e9.<\/p>\n\n\n\n<figure class=\"wp-block-gallery has-nested-images columns-default is-cropped wp-block-gallery-1 is-layout-flex wp-block-gallery-is-layout-flex\">\n<figure class=\"wp-block-image size-large\"><img loading=\"lazy\" decoding=\"async\" width=\"1024\" height=\"683\" data-id=\"19485\" src=\"https:\/\/elconquistadorredloslagos.cl\/test\/wp-content\/uploads\/2026\/03\/WhatsApp-Image-2026-03-12-at-17.26.43-1024x683.jpeg\" alt=\"\" class=\"wp-image-19485\" \/><\/figure>\n\n\n\n<figure class=\"wp-block-image size-large\"><img loading=\"lazy\" decoding=\"async\" width=\"1024\" height=\"683\" data-id=\"19487\" src=\"https:\/\/elconquistadorredloslagos.cl\/test\/wp-content\/uploads\/2026\/03\/WhatsApp-Image-2026-03-12-at-17.26.47-1-1024x683.jpeg\" alt=\"\" class=\"wp-image-19487\" \/><\/figure>\n\n\n\n<figure class=\"wp-block-image size-large\"><img loading=\"lazy\" decoding=\"async\" width=\"1024\" height=\"683\" data-id=\"19489\" src=\"https:\/\/elconquistadorredloslagos.cl\/test\/wp-content\/uploads\/2026\/03\/WhatsApp-Image-2026-03-12-at-17.26.47-1024x683.jpeg\" alt=\"\" class=\"wp-image-19489\" \/><\/figure>\n\n\n\n<figure class=\"wp-block-image size-large\"><img loading=\"lazy\" decoding=\"async\" width=\"1024\" height=\"576\" data-id=\"19486\" src=\"https:\/\/elconquistadorredloslagos.cl\/test\/wp-content\/uploads\/2026\/03\/WhatsApp-Image-2026-03-12-at-17.26.48-1024x576.jpeg\" alt=\"\" class=\"wp-image-19486\" \/><\/figure>\n\n\n\n<figure class=\"wp-block-image size-large\"><img loading=\"lazy\" decoding=\"async\" width=\"1024\" height=\"683\" data-id=\"19488\" src=\"https:\/\/elconquistadorredloslagos.cl\/test\/wp-content\/uploads\/2026\/03\/WhatsApp-Image-2026-03-12-at-17.27.08-1024x683.jpeg\" alt=\"\" class=\"wp-image-19488\" \/><\/figure>\n<\/figure>\n","protected":false},"excerpt":{"rendered":"<p>Con el objetivo de posicionar a Chilo\u00e9 como un destino cultural de alcance internacional, Fundaci\u00f3n El Toldo, la Asociaci\u00f3n Comunicaci\u00f3n Cooperativa a trav\u00e9s de la Escuela Audiovisual y Fotogr\u00e1fica Trasfoco..<\/p>\n","protected":false},"author":2,"featured_media":19484,"comment_status":"closed","ping_status":"open","sticky":false,"template":"","format":"standard","meta":{"footnotes":""},"categories":[1,28,51,34,53],"tags":[],"class_list":["post-19481","post","type-post","status-publish","format-standard","has-post-thumbnail","hentry","category-acontecer","category-actual","category-chiloe","category-cultura","category-mundo"],"rttpg_featured_image_url":{"full":["https:\/\/elconquistadorredloslagos.cl\/test\/wp-content\/uploads\/2026\/03\/Diseno-sin-titulo-33.jpg",780,470,false],"landscape":["https:\/\/elconquistadorredloslagos.cl\/test\/wp-content\/uploads\/2026\/03\/Diseno-sin-titulo-33.jpg",780,470,false],"portraits":["https:\/\/elconquistadorredloslagos.cl\/test\/wp-content\/uploads\/2026\/03\/Diseno-sin-titulo-33.jpg",780,470,false],"thumbnail":["https:\/\/elconquistadorredloslagos.cl\/test\/wp-content\/uploads\/2026\/03\/Diseno-sin-titulo-33-150x150.jpg",150,150,true],"medium":["https:\/\/elconquistadorredloslagos.cl\/test\/wp-content\/uploads\/2026\/03\/Diseno-sin-titulo-33-300x181.jpg",300,181,true],"large":["https:\/\/elconquistadorredloslagos.cl\/test\/wp-content\/uploads\/2026\/03\/Diseno-sin-titulo-33.jpg",780,470,false],"1536x1536":["https:\/\/elconquistadorredloslagos.cl\/test\/wp-content\/uploads\/2026\/03\/Diseno-sin-titulo-33.jpg",780,470,false],"2048x2048":["https:\/\/elconquistadorredloslagos.cl\/test\/wp-content\/uploads\/2026\/03\/Diseno-sin-titulo-33.jpg",780,470,false]},"rttpg_author":{"display_name":"ccardenas","author_link":"https:\/\/elconquistadorredloslagos.cl\/test\/blog\/author\/ccardenas\/"},"rttpg_comment":0,"rttpg_category":"<a href=\"https:\/\/elconquistadorredloslagos.cl\/test\/blog\/category\/actual\/acontecer\/\" rel=\"category tag\">Acontecer<\/a> <a href=\"https:\/\/elconquistadorredloslagos.cl\/test\/blog\/category\/actual\/\" rel=\"category tag\">Actualidad<\/a> <a href=\"https:\/\/elconquistadorredloslagos.cl\/test\/blog\/category\/chile\/chiloe\/\" rel=\"category tag\">Chilo\u00e9<\/a> <a href=\"https:\/\/elconquistadorredloslagos.cl\/test\/blog\/category\/cultura\/\" rel=\"category tag\">Cultural<\/a> <a href=\"https:\/\/elconquistadorredloslagos.cl\/test\/blog\/category\/mundo\/\" rel=\"category tag\">Internacional<\/a>","rttpg_excerpt":"Con el objetivo de posicionar a Chilo\u00e9 como un destino cultural de alcance internacional, Fundaci\u00f3n El Toldo, la Asociaci\u00f3n Comunicaci\u00f3n Cooperativa a trav\u00e9s de la Escuela Audiovisual y Fotogr\u00e1fica Trasfoco..","_links":{"self":[{"href":"https:\/\/elconquistadorredloslagos.cl\/test\/wp-json\/wp\/v2\/posts\/19481","targetHints":{"allow":["GET"]}}],"collection":[{"href":"https:\/\/elconquistadorredloslagos.cl\/test\/wp-json\/wp\/v2\/posts"}],"about":[{"href":"https:\/\/elconquistadorredloslagos.cl\/test\/wp-json\/wp\/v2\/types\/post"}],"author":[{"embeddable":true,"href":"https:\/\/elconquistadorredloslagos.cl\/test\/wp-json\/wp\/v2\/users\/2"}],"replies":[{"embeddable":true,"href":"https:\/\/elconquistadorredloslagos.cl\/test\/wp-json\/wp\/v2\/comments?post=19481"}],"version-history":[{"count":1,"href":"https:\/\/elconquistadorredloslagos.cl\/test\/wp-json\/wp\/v2\/posts\/19481\/revisions"}],"predecessor-version":[{"id":19490,"href":"https:\/\/elconquistadorredloslagos.cl\/test\/wp-json\/wp\/v2\/posts\/19481\/revisions\/19490"}],"wp:featuredmedia":[{"embeddable":true,"href":"https:\/\/elconquistadorredloslagos.cl\/test\/wp-json\/wp\/v2\/media\/19484"}],"wp:attachment":[{"href":"https:\/\/elconquistadorredloslagos.cl\/test\/wp-json\/wp\/v2\/media?parent=19481"}],"wp:term":[{"taxonomy":"category","embeddable":true,"href":"https:\/\/elconquistadorredloslagos.cl\/test\/wp-json\/wp\/v2\/categories?post=19481"},{"taxonomy":"post_tag","embeddable":true,"href":"https:\/\/elconquistadorredloslagos.cl\/test\/wp-json\/wp\/v2\/tags?post=19481"}],"curies":[{"name":"wp","href":"https:\/\/api.w.org\/{rel}","templated":true}]}}