{"id":19478,"date":"2026-03-12T17:02:30","date_gmt":"2026-03-12T20:02:30","guid":{"rendered":"https:\/\/elconquistadorredloslagos.cl\/test\/?p=19478"},"modified":"2026-03-12T17:02:31","modified_gmt":"2026-03-12T20:02:31","slug":"nuevo-gobierno-parte-sin-delegados-provinciales-en-bio-bio-malleco-y-osorno","status":"publish","type":"post","link":"https:\/\/elconquistadorredloslagos.cl\/test\/blog\/2026\/03\/12\/nuevo-gobierno-parte-sin-delegados-provinciales-en-bio-bio-malleco-y-osorno\/","title":{"rendered":"Nuevo gobierno parte sin delegados provinciales en B\u00edo B\u00edo, Malleco y Osorno"},"content":{"rendered":"\n<p>Sin autoridades entrantes se desarrollaron varias ceremonias de traspaso en delegaciones presidenciales provinciales durante el inicio del gobierno de Jos\u00e9 Antonio Kast. La situaci\u00f3n ocurri\u00f3 luego de que el Ejecutivo no informara los nombramientos antes del cambio de mando, por lo que algunos delegados salientes debieron cerrar sus funciones sin entregar el cargo a sus reemplazantes.<\/p>\n\n\n\n<p>El escenario se repiti\u00f3 en provincias como Malleco, B\u00edo B\u00edo y Osorno, donde las autoridades finalizaron su gesti\u00f3n sin la presencia de quienes asumir\u00e1n los puestos. En el caso del B\u00edo B\u00edo, el nuevo gobierno comenz\u00f3 su administraci\u00f3n sin delegado presidencial provincial, generando dudas en el \u00e1mbito pol\u00edtico local.<\/p>\n\n\n\n<p>Durante la jornada, el entonces delegado de Malleco, Leopoldo Rosales, concret\u00f3 la entrega administrativa del cargo mediante la firma de un acta junto a dos funcionarios de carrera de la repartici\u00f3n, la jefa jur\u00eddica y el jefe de Administraci\u00f3n y Finanzas. El exdelegado se\u00f1al\u00f3 que esperaba haber dialogado con quien lo suceder\u00eda, lo que finalmente no ocurri\u00f3.<\/p>\n\n\n\n<p>En Osorno, en tanto, la ahora exdelegada Claudia Pailalef firm\u00f3 el decreto que puso fin a su gesti\u00f3n, quedando el asesor jur\u00eddico como representante interino, seg\u00fan las instrucciones del Ministerio del Interior.<\/p>\n\n\n\n<p>Desde el Partido Socialista del B\u00edo B\u00edo criticaron la situaci\u00f3n y acusaron falta de planificaci\u00f3n del nuevo Ejecutivo. Consultado por el tema, el Ministerio del Interior indic\u00f3 que los nombramientos de delegados provinciales deber\u00edan comunicarse durante las pr\u00f3ximas horas.<\/p>\n\n\n\n<p>\ud83d\udcf7 Referencial<\/p>\n","protected":false},"excerpt":{"rendered":"<p>Sin autoridades entrantes se desarrollaron varias ceremonias de traspaso en delegaciones presidenciales provinciales durante el inicio del gobierno de Jos\u00e9 Antonio Kast. La situaci\u00f3n ocurri\u00f3 luego de que el Ejecutivo..<\/p>\n","protected":false},"author":2,"featured_media":19479,"comment_status":"closed","ping_status":"open","sticky":false,"template":"","format":"standard","meta":{"footnotes":""},"categories":[1,28,55],"tags":[],"class_list":["post-19478","post","type-post","status-publish","format-standard","has-post-thumbnail","hentry","category-acontecer","category-actual","category-osorno"],"rttpg_featured_image_url":{"full":["https:\/\/elconquistadorredloslagos.cl\/test\/wp-content\/uploads\/2026\/03\/Diseno-sin-titulo-4-1.jpg",780,470,false],"landscape":["https:\/\/elconquistadorredloslagos.cl\/test\/wp-content\/uploads\/2026\/03\/Diseno-sin-titulo-4-1.jpg",780,470,false],"portraits":["https:\/\/elconquistadorredloslagos.cl\/test\/wp-content\/uploads\/2026\/03\/Diseno-sin-titulo-4-1.jpg",780,470,false],"thumbnail":["https:\/\/elconquistadorredloslagos.cl\/test\/wp-content\/uploads\/2026\/03\/Diseno-sin-titulo-4-1-150x150.jpg",150,150,true],"medium":["https:\/\/elconquistadorredloslagos.cl\/test\/wp-content\/uploads\/2026\/03\/Diseno-sin-titulo-4-1-300x181.jpg",300,181,true],"large":["https:\/\/elconquistadorredloslagos.cl\/test\/wp-content\/uploads\/2026\/03\/Diseno-sin-titulo-4-1.jpg",780,470,false],"1536x1536":["https:\/\/elconquistadorredloslagos.cl\/test\/wp-content\/uploads\/2026\/03\/Diseno-sin-titulo-4-1.jpg",780,470,false],"2048x2048":["https:\/\/elconquistadorredloslagos.cl\/test\/wp-content\/uploads\/2026\/03\/Diseno-sin-titulo-4-1.jpg",780,470,false]},"rttpg_author":{"display_name":"ccardenas","author_link":"https:\/\/elconquistadorredloslagos.cl\/test\/blog\/author\/ccardenas\/"},"rttpg_comment":0,"rttpg_category":"<a href=\"https:\/\/elconquistadorredloslagos.cl\/test\/blog\/category\/actual\/acontecer\/\" rel=\"category tag\">Acontecer<\/a> <a href=\"https:\/\/elconquistadorredloslagos.cl\/test\/blog\/category\/actual\/\" rel=\"category tag\">Actualidad<\/a> <a href=\"https:\/\/elconquistadorredloslagos.cl\/test\/blog\/category\/chile\/osorno\/\" rel=\"category tag\">Osorno<\/a>","rttpg_excerpt":"Sin autoridades entrantes se desarrollaron varias ceremonias de traspaso en delegaciones presidenciales provinciales durante el inicio del gobierno de Jos\u00e9 Antonio Kast. La situaci\u00f3n ocurri\u00f3 luego de que el Ejecutivo..","_links":{"self":[{"href":"https:\/\/elconquistadorredloslagos.cl\/test\/wp-json\/wp\/v2\/posts\/19478","targetHints":{"allow":["GET"]}}],"collection":[{"href":"https:\/\/elconquistadorredloslagos.cl\/test\/wp-json\/wp\/v2\/posts"}],"about":[{"href":"https:\/\/elconquistadorredloslagos.cl\/test\/wp-json\/wp\/v2\/types\/post"}],"author":[{"embeddable":true,"href":"https:\/\/elconquistadorredloslagos.cl\/test\/wp-json\/wp\/v2\/users\/2"}],"replies":[{"embeddable":true,"href":"https:\/\/elconquistadorredloslagos.cl\/test\/wp-json\/wp\/v2\/comments?post=19478"}],"version-history":[{"count":1,"href":"https:\/\/elconquistadorredloslagos.cl\/test\/wp-json\/wp\/v2\/posts\/19478\/revisions"}],"predecessor-version":[{"id":19480,"href":"https:\/\/elconquistadorredloslagos.cl\/test\/wp-json\/wp\/v2\/posts\/19478\/revisions\/19480"}],"wp:featuredmedia":[{"embeddable":true,"href":"https:\/\/elconquistadorredloslagos.cl\/test\/wp-json\/wp\/v2\/media\/19479"}],"wp:attachment":[{"href":"https:\/\/elconquistadorredloslagos.cl\/test\/wp-json\/wp\/v2\/media?parent=19478"}],"wp:term":[{"taxonomy":"category","embeddable":true,"href":"https:\/\/elconquistadorredloslagos.cl\/test\/wp-json\/wp\/v2\/categories?post=19478"},{"taxonomy":"post_tag","embeddable":true,"href":"https:\/\/elconquistadorredloslagos.cl\/test\/wp-json\/wp\/v2\/tags?post=19478"}],"curies":[{"name":"wp","href":"https:\/\/api.w.org\/{rel}","templated":true}]}}