{"id":19475,"date":"2026-03-12T16:49:45","date_gmt":"2026-03-12T19:49:45","guid":{"rendered":"https:\/\/elconquistadorredloslagos.cl\/test\/?p=19475"},"modified":"2026-03-12T16:49:46","modified_gmt":"2026-03-12T19:49:46","slug":"hospital-de-osorno-se-prepara-para-el-invierno-con-refuerzo-de-personal-y-habilitacion-de-camas","status":"publish","type":"post","link":"https:\/\/elconquistadorredloslagos.cl\/test\/blog\/2026\/03\/12\/hospital-de-osorno-se-prepara-para-el-invierno-con-refuerzo-de-personal-y-habilitacion-de-camas\/","title":{"rendered":"Hospital de Osorno se prepara para el invierno con refuerzo de personal y habilitaci\u00f3n de camas"},"content":{"rendered":"\n<p>Ante la proximidad de una nueva temporada invernal, el Hospital Base de Osorno comenz\u00f3 a implementar una serie de medidas destinadas a enfrentar el aumento en la demanda de atenciones m\u00e9dicas, especialmente por enfermedades respiratorias.<\/p>\n\n\n\n<p>El director del recinto, Julio Vargas, explic\u00f3 que una de las primeras acciones corresponde al proceso de vacunaci\u00f3n, considerado una estrategia preventiva clave para disminuir los casos graves de influenza que podr\u00edan requerir hospitalizaci\u00f3n e incluso provocar fallecimientos.<\/p>\n\n\n\n<p>En el caso de los lactantes, tambi\u00e9n se contempla la inmunizaci\u00f3n contra el virus sincicial, medida que en los \u00faltimos a\u00f1os ha permitido reducir significativamente las complicaciones asociadas a este virus y evitar muertes.<\/p>\n\n\n\n<p>El directivo destac\u00f3 adem\u00e1s que actualmente la ocupaci\u00f3n en la Unidad de Cuidados Intensivos pedi\u00e1trica se mantiene pr\u00e1cticamente en cero, situaci\u00f3n que refuerza la importancia de prevenir cuadros graves que puedan requerir el uso de camas cr\u00edticas, tanto en ni\u00f1os como en adultos mayores.<\/p>\n\n\n\n<p>Junto con ello, el hospital ha reforzado distintas unidades mediante el aumento de personal y la planificaci\u00f3n de ajustes en la red interna de camas. Seg\u00fan Vargas, cuando crece la demanda por patolog\u00edas respiratorias, particularmente en pediatr\u00eda, el recinto habilita y redistribuye camas entre servicios seg\u00fan las necesidades.<\/p>\n\n\n\n<p>Asimismo, se\u00f1al\u00f3 que ya no se registran hospitalizaciones en el \u00e1rea de urgencia, una situaci\u00f3n que en a\u00f1os anteriores afectaba principalmente a pacientes adultos mayores.<\/p>\n\n\n\n<p>\ud83d\udcf7 Referencial<\/p>\n","protected":false},"excerpt":{"rendered":"<p>Ante la proximidad de una nueva temporada invernal, el Hospital Base de Osorno comenz\u00f3 a implementar una serie de medidas destinadas a enfrentar el aumento en la demanda de atenciones..<\/p>\n","protected":false},"author":2,"featured_media":19476,"comment_status":"closed","ping_status":"open","sticky":false,"template":"","format":"standard","meta":{"footnotes":""},"categories":[1,28,55],"tags":[],"class_list":["post-19475","post","type-post","status-publish","format-standard","has-post-thumbnail","hentry","category-acontecer","category-actual","category-osorno"],"rttpg_featured_image_url":{"full":["https:\/\/elconquistadorredloslagos.cl\/test\/wp-content\/uploads\/2026\/03\/Diseno-sin-titulo-1-11.jpg",780,470,false],"landscape":["https:\/\/elconquistadorredloslagos.cl\/test\/wp-content\/uploads\/2026\/03\/Diseno-sin-titulo-1-11.jpg",780,470,false],"portraits":["https:\/\/elconquistadorredloslagos.cl\/test\/wp-content\/uploads\/2026\/03\/Diseno-sin-titulo-1-11.jpg",780,470,false],"thumbnail":["https:\/\/elconquistadorredloslagos.cl\/test\/wp-content\/uploads\/2026\/03\/Diseno-sin-titulo-1-11-150x150.jpg",150,150,true],"medium":["https:\/\/elconquistadorredloslagos.cl\/test\/wp-content\/uploads\/2026\/03\/Diseno-sin-titulo-1-11-300x181.jpg",300,181,true],"large":["https:\/\/elconquistadorredloslagos.cl\/test\/wp-content\/uploads\/2026\/03\/Diseno-sin-titulo-1-11.jpg",780,470,false],"1536x1536":["https:\/\/elconquistadorredloslagos.cl\/test\/wp-content\/uploads\/2026\/03\/Diseno-sin-titulo-1-11.jpg",780,470,false],"2048x2048":["https:\/\/elconquistadorredloslagos.cl\/test\/wp-content\/uploads\/2026\/03\/Diseno-sin-titulo-1-11.jpg",780,470,false]},"rttpg_author":{"display_name":"ccardenas","author_link":"https:\/\/elconquistadorredloslagos.cl\/test\/blog\/author\/ccardenas\/"},"rttpg_comment":0,"rttpg_category":"<a href=\"https:\/\/elconquistadorredloslagos.cl\/test\/blog\/category\/actual\/acontecer\/\" rel=\"category tag\">Acontecer<\/a> <a href=\"https:\/\/elconquistadorredloslagos.cl\/test\/blog\/category\/actual\/\" rel=\"category tag\">Actualidad<\/a> <a href=\"https:\/\/elconquistadorredloslagos.cl\/test\/blog\/category\/chile\/osorno\/\" rel=\"category tag\">Osorno<\/a>","rttpg_excerpt":"Ante la proximidad de una nueva temporada invernal, el Hospital Base de Osorno comenz\u00f3 a implementar una serie de medidas destinadas a enfrentar el aumento en la demanda de atenciones..","_links":{"self":[{"href":"https:\/\/elconquistadorredloslagos.cl\/test\/wp-json\/wp\/v2\/posts\/19475","targetHints":{"allow":["GET"]}}],"collection":[{"href":"https:\/\/elconquistadorredloslagos.cl\/test\/wp-json\/wp\/v2\/posts"}],"about":[{"href":"https:\/\/elconquistadorredloslagos.cl\/test\/wp-json\/wp\/v2\/types\/post"}],"author":[{"embeddable":true,"href":"https:\/\/elconquistadorredloslagos.cl\/test\/wp-json\/wp\/v2\/users\/2"}],"replies":[{"embeddable":true,"href":"https:\/\/elconquistadorredloslagos.cl\/test\/wp-json\/wp\/v2\/comments?post=19475"}],"version-history":[{"count":1,"href":"https:\/\/elconquistadorredloslagos.cl\/test\/wp-json\/wp\/v2\/posts\/19475\/revisions"}],"predecessor-version":[{"id":19477,"href":"https:\/\/elconquistadorredloslagos.cl\/test\/wp-json\/wp\/v2\/posts\/19475\/revisions\/19477"}],"wp:featuredmedia":[{"embeddable":true,"href":"https:\/\/elconquistadorredloslagos.cl\/test\/wp-json\/wp\/v2\/media\/19476"}],"wp:attachment":[{"href":"https:\/\/elconquistadorredloslagos.cl\/test\/wp-json\/wp\/v2\/media?parent=19475"}],"wp:term":[{"taxonomy":"category","embeddable":true,"href":"https:\/\/elconquistadorredloslagos.cl\/test\/wp-json\/wp\/v2\/categories?post=19475"},{"taxonomy":"post_tag","embeddable":true,"href":"https:\/\/elconquistadorredloslagos.cl\/test\/wp-json\/wp\/v2\/tags?post=19475"}],"curies":[{"name":"wp","href":"https:\/\/api.w.org\/{rel}","templated":true}]}}