{"id":18763,"date":"2026-02-23T10:47:52","date_gmt":"2026-02-23T13:47:52","guid":{"rendered":"https:\/\/elconquistadorredloslagos.cl\/test\/?p=18763"},"modified":"2026-02-23T10:47:53","modified_gmt":"2026-02-23T13:47:53","slug":"deporte-comunidad-y-tradicion-marcaron-la-21a-vuelta-ciclista-internacional-de-la-leche-en-puerto-octay","status":"publish","type":"post","link":"https:\/\/elconquistadorredloslagos.cl\/test\/blog\/2026\/02\/23\/deporte-comunidad-y-tradicion-marcaron-la-21a-vuelta-ciclista-internacional-de-la-leche-en-puerto-octay\/","title":{"rendered":"Deporte, comunidad y tradici\u00f3n marcaron la 21\u00aa Vuelta Ciclista Internacional de la Leche en Puerto Octay"},"content":{"rendered":"\n<h2 class=\"wp-block-heading\"><\/h2>\n\n\n\n<p><strong>Febrero, 2026.-<\/strong> Con m\u00e1s de 180 ciclistas nacionales y extranjeros y una masiva asistencia de p\u00fablico, se desarroll\u00f3 con gran \u00e9xito la <strong>21\u00aa Vuelta Ciclista Internacional de la Leche<\/strong>, realizada los d\u00edas 20, 21 y 22 de febrero en la comuna de Puerto Octay, transformando al territorio en el epicentro del deporte y la vida saludable en la regi\u00f3n de Los Lagos.<\/p>\n\n\n\n<p>Esta destacada competencia fue impulsada por <strong>Aproleche Osorno<\/strong>, la <strong>Asociaci\u00f3n de Ciclismo de Osorno<\/strong> y la <strong>Corporaci\u00f3n de Desarrollo Tur\u00edstico de Puerto Octay<\/strong>, contando adem\u00e1s con el apoyo clave de la <strong>Municipalidad de Puerto Octay<\/strong>, la <strong>Municipalidad de Purranque<\/strong>, el <strong>Consejo Local de Deportes de Osorno<\/strong>, el <strong>Cuerpo de Bomberos de Puerto Octay y Las Cascadas<\/strong>, junto a diversas instituciones locales.<\/p>\n\n\n\n<figure class=\"wp-block-image size-large\"><img loading=\"lazy\" decoding=\"async\" width=\"1024\" height=\"683\" src=\"https:\/\/elconquistadorredloslagos.cl\/test\/wp-content\/uploads\/2026\/02\/5-1-1024x683.jpg\" alt=\"\" class=\"wp-image-18768\" \/><\/figure>\n\n\n\n<p>El evento contempl\u00f3 categor\u00edas que fueron desde <strong>Juniors (16 a 18 a\u00f1os)<\/strong> hasta <strong>Master D (60 a\u00f1os y m\u00e1s)<\/strong>, desarroll\u00e1ndose en etapas de <strong>contrarreloj individual<\/strong>, <strong>ascensi\u00f3n al Volc\u00e1n Osorno<\/strong> y la tradicional <strong>ruta Doble Puerto Octay \u2013 Las Cascadas<\/strong>, recorridos que fueron acompa\u00f1ados por un entusiasta p\u00fablico durante las tres jornadas.<\/p>\n\n\n\n<h3 class=\"wp-block-heading\"><strong>Ganadoras y ganadores generales<\/strong><\/h3>\n\n\n\n<p>En damas, la gran vencedora general \u2014tanto en la contrarreloj como en la ascensi\u00f3n al volc\u00e1n\u2014 fue <strong>Safka Hern\u00e1ndez<\/strong>, del <strong>Club Ruteros La Uni\u00f3n<\/strong>. \u201c<strong>Estuve aproximadamente un mes prepar\u00e1ndola, pero ten\u00eda mis dudas. Es una ruta que le tengo respeto, una de las m\u00e1s duras de Chile<\/strong>\u201d, coment\u00f3. A\u00f1adi\u00f3 que este triunfo tiene un sabor especial, ya que es sure\u00f1a y \u201c<strong>ya era hora de que el logro se quede en el sur<\/strong>\u201d.<\/p>\n\n\n\n<figure class=\"wp-block-image size-large\"><img loading=\"lazy\" decoding=\"async\" width=\"1024\" height=\"682\" src=\"https:\/\/elconquistadorredloslagos.cl\/test\/wp-content\/uploads\/2026\/02\/6-1-1024x682.jpg\" alt=\"\" class=\"wp-image-18769\" \/><\/figure>\n\n\n\n<p>En varones, el vencedor general en la ascensi\u00f3n al volc\u00e1n fue <strong>Dennis Heredia<\/strong>, tambi\u00e9n del <strong>Club Ruteros La Uni\u00f3n<\/strong>. \u201c<strong>Esta carrera es una ruta que me gusta mucho y est\u00e1 a nivel europeo. La vengo corriendo desde que soy junior, as\u00ed que la conozco bastante<\/strong>\u201d, se\u00f1al\u00f3, destacando que la subida al volc\u00e1n convierte esta competencia en una experiencia \u00fanica.<\/p>\n\n\n\n<h3 class=\"wp-block-heading\"><strong>Auspiciadores y colaboradores<\/strong><\/h3>\n\n\n\n<p>La iniciativa cont\u00f3 con el respaldo de importantes auspiciadores: <strong>Colun<\/strong>, <strong>Soprole<\/strong>, <strong>Mantagua<\/strong>, <strong>Kila<\/strong>, <strong>Cooperativa Campos Australes<\/strong>, <strong>FuturoCoop<\/strong>, <strong>Espantap\u00e1jaros Restaurant<\/strong>, <strong>Consejo Local de Deportes Osorno<\/strong>, <strong>Hotel Haase<\/strong>, <strong>Hoster\u00eda La Baja<\/strong> y <strong>Skippy Sport<\/strong>, quienes aportaron en hidrataci\u00f3n, log\u00edstica y premiaci\u00f3n.<\/p>\n\n\n\n<figure class=\"wp-block-image size-large\"><img loading=\"lazy\" decoding=\"async\" width=\"1024\" height=\"683\" src=\"https:\/\/elconquistadorredloslagos.cl\/test\/wp-content\/uploads\/2026\/02\/4-1-1024x683.jpg\" alt=\"\" class=\"wp-image-18770\" \/><\/figure>\n\n\n\n<p>La gerente de <strong>Aproleche Osorno<\/strong>, <strong>Anita Jans<\/strong>, destac\u00f3 la magnitud y esp\u00edritu del encuentro:<br>\u201c<strong>Fueron tres d\u00edas de emociones, esfuerzo y tremendo sacrificio. Estamos muy agradecidos de los deportistas y sus equipos que participaron<\/strong>\u201d. Asimismo, expres\u00f3 su reconocimiento al apoyo de auspiciadores y colaboradores que hicieron posible la realizaci\u00f3n del evento.<\/p>\n\n\n\n<h3 class=\"wp-block-heading\"><strong>Un cierre con sabor local<\/strong><\/h3>\n\n\n\n<p>La jornada final incluy\u00f3 un atractivo cierre gastron\u00f3mico en el <strong>Museo El Colono de Puerto Octay<\/strong>, donde el chef <strong>Alonso Barraza<\/strong> realiz\u00f3 una <strong>demostraci\u00f3n culinaria en vivo de postres elaborados con leche<\/strong>, actividad abierta a todos los asistentes y que coron\u00f3 tres d\u00edas de deporte, tradici\u00f3n y comunidad.<\/p>\n","protected":false},"excerpt":{"rendered":"<p>Febrero, 2026.- Con m\u00e1s de 180 ciclistas nacionales y extranjeros y una masiva asistencia de p\u00fablico, se desarroll\u00f3 con gran \u00e9xito la 21\u00aa Vuelta Ciclista Internacional de la Leche, realizada..<\/p>\n","protected":false},"author":9,"featured_media":18766,"comment_status":"closed","ping_status":"open","sticky":false,"template":"","format":"standard","meta":{"footnotes":""},"categories":[1,28,26,39,25,27,29],"tags":[],"class_list":["post-18763","post","type-post","status-publish","format-standard","has-post-thumbnail","hentry","category-acontecer","category-actual","category-comunidad","category-educacion","category-empresas","category-tecnologia","category-turismo"],"rttpg_featured_image_url":{"full":["https:\/\/elconquistadorredloslagos.cl\/test\/wp-content\/uploads\/2026\/02\/1-4.jpg",1920,1280,false],"landscape":["https:\/\/elconquistadorredloslagos.cl\/test\/wp-content\/uploads\/2026\/02\/1-4.jpg",1920,1280,false],"portraits":["https:\/\/elconquistadorredloslagos.cl\/test\/wp-content\/uploads\/2026\/02\/1-4.jpg",1920,1280,false],"thumbnail":["https:\/\/elconquistadorredloslagos.cl\/test\/wp-content\/uploads\/2026\/02\/1-4-150x150.jpg",150,150,true],"medium":["https:\/\/elconquistadorredloslagos.cl\/test\/wp-content\/uploads\/2026\/02\/1-4-300x200.jpg",300,200,true],"large":["https:\/\/elconquistadorredloslagos.cl\/test\/wp-content\/uploads\/2026\/02\/1-4-1024x683.jpg",1024,683,true],"1536x1536":["https:\/\/elconquistadorredloslagos.cl\/test\/wp-content\/uploads\/2026\/02\/1-4-1536x1024.jpg",1536,1024,true],"2048x2048":["https:\/\/elconquistadorredloslagos.cl\/test\/wp-content\/uploads\/2026\/02\/1-4.jpg",1920,1280,false]},"rttpg_author":{"display_name":"mcifuentes","author_link":"https:\/\/elconquistadorredloslagos.cl\/test\/blog\/author\/mcifuentes\/"},"rttpg_comment":0,"rttpg_category":"<a href=\"https:\/\/elconquistadorredloslagos.cl\/test\/blog\/category\/actual\/acontecer\/\" rel=\"category tag\">Acontecer<\/a> <a href=\"https:\/\/elconquistadorredloslagos.cl\/test\/blog\/category\/actual\/\" rel=\"category tag\">Actualidad<\/a> <a href=\"https:\/\/elconquistadorredloslagos.cl\/test\/blog\/category\/comunidad\/\" rel=\"category tag\">Comunidad<\/a> <a href=\"https:\/\/elconquistadorredloslagos.cl\/test\/blog\/category\/actual\/educacion\/\" rel=\"category tag\">Educaci\u00f3n<\/a> <a href=\"https:\/\/elconquistadorredloslagos.cl\/test\/blog\/category\/empresas\/\" rel=\"category tag\">Empresarial<\/a> <a href=\"https:\/\/elconquistadorredloslagos.cl\/test\/blog\/category\/actual\/tecnologia\/\" rel=\"category tag\">Tecnologias<\/a> <a href=\"https:\/\/elconquistadorredloslagos.cl\/test\/blog\/category\/actual\/turismo\/\" rel=\"category tag\">Turismo<\/a>","rttpg_excerpt":"Febrero, 2026.- Con m\u00e1s de 180 ciclistas nacionales y extranjeros y una masiva asistencia de p\u00fablico, se desarroll\u00f3 con gran \u00e9xito la 21\u00aa Vuelta Ciclista Internacional de la Leche, realizada..","_links":{"self":[{"href":"https:\/\/elconquistadorredloslagos.cl\/test\/wp-json\/wp\/v2\/posts\/18763","targetHints":{"allow":["GET"]}}],"collection":[{"href":"https:\/\/elconquistadorredloslagos.cl\/test\/wp-json\/wp\/v2\/posts"}],"about":[{"href":"https:\/\/elconquistadorredloslagos.cl\/test\/wp-json\/wp\/v2\/types\/post"}],"author":[{"embeddable":true,"href":"https:\/\/elconquistadorredloslagos.cl\/test\/wp-json\/wp\/v2\/users\/9"}],"replies":[{"embeddable":true,"href":"https:\/\/elconquistadorredloslagos.cl\/test\/wp-json\/wp\/v2\/comments?post=18763"}],"version-history":[{"count":1,"href":"https:\/\/elconquistadorredloslagos.cl\/test\/wp-json\/wp\/v2\/posts\/18763\/revisions"}],"predecessor-version":[{"id":18771,"href":"https:\/\/elconquistadorredloslagos.cl\/test\/wp-json\/wp\/v2\/posts\/18763\/revisions\/18771"}],"wp:featuredmedia":[{"embeddable":true,"href":"https:\/\/elconquistadorredloslagos.cl\/test\/wp-json\/wp\/v2\/media\/18766"}],"wp:attachment":[{"href":"https:\/\/elconquistadorredloslagos.cl\/test\/wp-json\/wp\/v2\/media?parent=18763"}],"wp:term":[{"taxonomy":"category","embeddable":true,"href":"https:\/\/elconquistadorredloslagos.cl\/test\/wp-json\/wp\/v2\/categories?post=18763"},{"taxonomy":"post_tag","embeddable":true,"href":"https:\/\/elconquistadorredloslagos.cl\/test\/wp-json\/wp\/v2\/tags?post=18763"}],"curies":[{"name":"wp","href":"https:\/\/api.w.org\/{rel}","templated":true}]}}