{"id":18418,"date":"2026-01-30T15:41:38","date_gmt":"2026-01-30T18:41:38","guid":{"rendered":"https:\/\/elconquistadorredloslagos.cl\/test\/?p=18418"},"modified":"2026-01-30T15:41:42","modified_gmt":"2026-01-30T18:41:42","slug":"corte-suprema-confirma-dano-ambiental-en-lago-chapo-y-exige-medidas-de-reparacion-a-colbun","status":"publish","type":"post","link":"https:\/\/elconquistadorredloslagos.cl\/test\/blog\/2026\/01\/30\/corte-suprema-confirma-dano-ambiental-en-lago-chapo-y-exige-medidas-de-reparacion-a-colbun\/","title":{"rendered":"Corte Suprema confirma da\u00f1o ambiental en Lago Chapo y exige medidas de reparaci\u00f3n a Colb\u00fan"},"content":{"rendered":"\n<p><em>El m\u00e1ximo tribunal confirm\u00f3 el fallo del Tercer Tribunal Ambiental y orden\u00f3 que la empresa se someta retroactivamente al Sistema de Evaluaci\u00f3n de Impacto Ambiental por los efectos de su central hidroel\u00e9ctrica.<\/em><\/p>\n\n\n\n<p>La&nbsp;<strong>Corte Suprema de Chile<\/strong>&nbsp;ratific\u00f3 la responsabilidad de&nbsp;<strong>Colb\u00fan<\/strong>&nbsp;en el da\u00f1o ambiental provocado en el&nbsp;<strong>Lago Chapo<\/strong>, en la comuna de Puerto Montt, a ra\u00edz de la operaci\u00f3n de una central hidroel\u00e9ctrica emplazada en un \u00e1rea protegida por la Reserva Nacional Llanquihue y el Parque Nacional Alerce Andino.<\/p>\n\n\n\n<p>De esta forma, el m\u00e1ximo tribunal confirm\u00f3 la sentencia del Tercer Tribunal Ambiental dictada en mayo de 2025, que acogi\u00f3 la demanda por da\u00f1o ambiental y estableci\u00f3, de manera in\u00e9dita, que la compa\u00f1\u00eda deber\u00e1 someterse retroactivamente al Sistema de Evaluaci\u00f3n de Impacto Ambiental (SEIA).<\/p>\n\n\n\n<p>El fallo reconoce que las variaciones en los niveles del lago generaron procesos de erosi\u00f3n y afectaciones en los bordes de r\u00edos, en el ecosistema y en comunidades aleda\u00f1as, por lo que Colb\u00fan deber\u00e1 elaborar y ejecutar un plan de reparaci\u00f3n ambiental para mitigar y revertir los impactos constatados.<\/p>\n\n\n\n<p>La Corte Suprema rechaz\u00f3 el recurso de casaci\u00f3n presentado por la empresa, dejando firme la obligaci\u00f3n de cumplir con las medidas de reparaci\u00f3n. No obstante, desde Colb\u00fan se\u00f1alaron mediante una declaraci\u00f3n que no comparten la decisi\u00f3n del tribunal y que presentaron un recurso de reposici\u00f3n para que se revisen los argumentos de fondo.<\/p>\n\n\n\n<p>Asimismo, la compa\u00f1\u00eda indic\u00f3 que, una vez resuelta dicha acci\u00f3n, presentar\u00e1 el Plan de Reparaci\u00f3n Ambiental del Lago Chapo en los t\u00e9rminos establecidos por la autoridad ambiental, dentro del plazo de 120 d\u00edas.<\/p>\n","protected":false},"excerpt":{"rendered":"<p>El m\u00e1ximo tribunal confirm\u00f3 el fallo del Tercer Tribunal Ambiental y orden\u00f3 que la empresa se someta retroactivamente al Sistema de Evaluaci\u00f3n de Impacto Ambiental por los efectos de su..<\/p>\n","protected":false},"author":7,"featured_media":18419,"comment_status":"closed","ping_status":"open","sticky":false,"template":"","format":"standard","meta":{"footnotes":""},"categories":[1,28,56],"tags":[],"class_list":["post-18418","post","type-post","status-publish","format-standard","has-post-thumbnail","hentry","category-acontecer","category-actual","category-puerto-montt"],"rttpg_featured_image_url":{"full":["https:\/\/elconquistadorredloslagos.cl\/test\/wp-content\/uploads\/2026\/01\/colbun-lago-chapo.png",1920,1080,false],"landscape":["https:\/\/elconquistadorredloslagos.cl\/test\/wp-content\/uploads\/2026\/01\/colbun-lago-chapo.png",1920,1080,false],"portraits":["https:\/\/elconquistadorredloslagos.cl\/test\/wp-content\/uploads\/2026\/01\/colbun-lago-chapo.png",1920,1080,false],"thumbnail":["https:\/\/elconquistadorredloslagos.cl\/test\/wp-content\/uploads\/2026\/01\/colbun-lago-chapo-150x150.png",150,150,true],"medium":["https:\/\/elconquistadorredloslagos.cl\/test\/wp-content\/uploads\/2026\/01\/colbun-lago-chapo-300x169.png",300,169,true],"large":["https:\/\/elconquistadorredloslagos.cl\/test\/wp-content\/uploads\/2026\/01\/colbun-lago-chapo-1024x576.png",1024,576,true],"1536x1536":["https:\/\/elconquistadorredloslagos.cl\/test\/wp-content\/uploads\/2026\/01\/colbun-lago-chapo-1536x864.png",1536,864,true],"2048x2048":["https:\/\/elconquistadorredloslagos.cl\/test\/wp-content\/uploads\/2026\/01\/colbun-lago-chapo.png",1920,1080,false]},"rttpg_author":{"display_name":"enzodelahoz1988","author_link":"https:\/\/elconquistadorredloslagos.cl\/test\/blog\/author\/enzodelahoz1988\/"},"rttpg_comment":0,"rttpg_category":"<a href=\"https:\/\/elconquistadorredloslagos.cl\/test\/blog\/category\/actual\/acontecer\/\" rel=\"category tag\">Acontecer<\/a> <a href=\"https:\/\/elconquistadorredloslagos.cl\/test\/blog\/category\/actual\/\" rel=\"category tag\">Actualidad<\/a> <a href=\"https:\/\/elconquistadorredloslagos.cl\/test\/blog\/category\/chile\/puerto-montt\/\" rel=\"category tag\">Puerto Montt<\/a>","rttpg_excerpt":"El m\u00e1ximo tribunal confirm\u00f3 el fallo del Tercer Tribunal Ambiental y orden\u00f3 que la empresa se someta retroactivamente al Sistema de Evaluaci\u00f3n de Impacto Ambiental por los efectos de su..","_links":{"self":[{"href":"https:\/\/elconquistadorredloslagos.cl\/test\/wp-json\/wp\/v2\/posts\/18418","targetHints":{"allow":["GET"]}}],"collection":[{"href":"https:\/\/elconquistadorredloslagos.cl\/test\/wp-json\/wp\/v2\/posts"}],"about":[{"href":"https:\/\/elconquistadorredloslagos.cl\/test\/wp-json\/wp\/v2\/types\/post"}],"author":[{"embeddable":true,"href":"https:\/\/elconquistadorredloslagos.cl\/test\/wp-json\/wp\/v2\/users\/7"}],"replies":[{"embeddable":true,"href":"https:\/\/elconquistadorredloslagos.cl\/test\/wp-json\/wp\/v2\/comments?post=18418"}],"version-history":[{"count":1,"href":"https:\/\/elconquistadorredloslagos.cl\/test\/wp-json\/wp\/v2\/posts\/18418\/revisions"}],"predecessor-version":[{"id":18420,"href":"https:\/\/elconquistadorredloslagos.cl\/test\/wp-json\/wp\/v2\/posts\/18418\/revisions\/18420"}],"wp:featuredmedia":[{"embeddable":true,"href":"https:\/\/elconquistadorredloslagos.cl\/test\/wp-json\/wp\/v2\/media\/18419"}],"wp:attachment":[{"href":"https:\/\/elconquistadorredloslagos.cl\/test\/wp-json\/wp\/v2\/media?parent=18418"}],"wp:term":[{"taxonomy":"category","embeddable":true,"href":"https:\/\/elconquistadorredloslagos.cl\/test\/wp-json\/wp\/v2\/categories?post=18418"},{"taxonomy":"post_tag","embeddable":true,"href":"https:\/\/elconquistadorredloslagos.cl\/test\/wp-json\/wp\/v2\/tags?post=18418"}],"curies":[{"name":"wp","href":"https:\/\/api.w.org\/{rel}","templated":true}]}}