{"id":18400,"date":"2026-01-30T13:43:35","date_gmt":"2026-01-30T16:43:35","guid":{"rendered":"https:\/\/elconquistadorredloslagos.cl\/test\/?p=18400"},"modified":"2026-01-30T13:43:36","modified_gmt":"2026-01-30T16:43:36","slug":"gobernador-santana-fija-plazos-y-confirma-inicio-de-obras-en-cancha-rayada","status":"publish","type":"post","link":"https:\/\/elconquistadorredloslagos.cl\/test\/blog\/2026\/01\/30\/gobernador-santana-fija-plazos-y-confirma-inicio-de-obras-en-cancha-rayada\/","title":{"rendered":"Gobernador Santana fija plazos y confirma inicio de obras en Cancha Rayada"},"content":{"rendered":"\n<p>Tras m\u00e1s de 14 a\u00f1os de espera, el proyecto del recinto deportivo Cancha Rayada en Castro dio un paso clave hacia su concreci\u00f3n. El gobernador regional de Los Lagos, Alejandro Santana, confirm\u00f3 la firma del convenio que permitir\u00e1 iniciar las obras, marcando el avance definitivo de una iniciativa largamente demandada por deportistas y vecinos de la capital chilota.<\/p>\n\n\n\n<p>En conversaci\u00f3n con Radio El Conquistador, la autoridad explic\u00f3 que la suscripci\u00f3n de la agenda habilita el env\u00edo del proyecto a Contralor\u00eda y su posterior licitaci\u00f3n por parte del Instituto Nacional de Deportes (IND), proceso que permitir\u00e1 comenzar la ejecuci\u00f3n de las obras. Santana destac\u00f3 el trabajo sostenido de dirigentes y equipos t\u00e9cnicos que han impulsado la iniciativa durante m\u00e1s de una d\u00e9cada, subrayando la paciencia y el compromiso de la comunidad local.<\/p>\n\n\n\n<figure class=\"wp-block-audio\"><audio controls src=\"https:\/\/elconquistadorredloslagos.cl\/test\/wp-content\/uploads\/2026\/01\/SANTANA-X-CANCHA-RAYADA.mp3\"><\/audio><\/figure>\n\n\n\n<p>En cuanto a los plazos, el gobernador se\u00f1al\u00f3 que existen dos escenarios posibles para la finalizaci\u00f3n del recinto. El m\u00e1s optimista proyecta su t\u00e9rmino hacia fines de 2026, mientras que una estimaci\u00f3n m\u00e1s conservadora, considerando eventuales retrasos por factores clim\u00e1ticos, sit\u00faa su entrega durante el primer cuatrimestre de 2027. El proyecto cuenta con recursos aprobados por el Gobierno Regional y con el compromiso del Ministerio del Deporte, a trav\u00e9s de un complemento financiero del IND, lo que permitir\u00e1 dar certeza a su ejecuci\u00f3n.<\/p>\n\n\n\n<p>En paralelo, Santana confirm\u00f3 que asumir\u00e1 la presidencia nacional de los gobernadores regionales de Chile para el per\u00edodo 2026-2027. El cambio de mando se realizar\u00e1 el pr\u00f3ximo 4 de marzo en Puerto Montt, luego de que la instancia originalmente prevista para febrero fuera suspendida debido a los incendios forestales que afectan al sur del pa\u00eds.<\/p>\n","protected":false},"excerpt":{"rendered":"<p>Tras m\u00e1s de 14 a\u00f1os de espera, el proyecto del recinto deportivo Cancha Rayada en Castro dio un paso clave hacia su concreci\u00f3n. El gobernador regional de Los Lagos, Alejandro..<\/p>\n","protected":false},"author":2,"featured_media":18402,"comment_status":"closed","ping_status":"open","sticky":false,"template":"","format":"standard","meta":{"footnotes":""},"categories":[1,28,51],"tags":[],"class_list":["post-18400","post","type-post","status-publish","format-standard","has-post-thumbnail","hentry","category-acontecer","category-actual","category-chiloe"],"rttpg_featured_image_url":{"full":["https:\/\/elconquistadorredloslagos.cl\/test\/wp-content\/uploads\/2026\/01\/IMG-171.jpg",1920,1080,false],"landscape":["https:\/\/elconquistadorredloslagos.cl\/test\/wp-content\/uploads\/2026\/01\/IMG-171.jpg",1920,1080,false],"portraits":["https:\/\/elconquistadorredloslagos.cl\/test\/wp-content\/uploads\/2026\/01\/IMG-171.jpg",1920,1080,false],"thumbnail":["https:\/\/elconquistadorredloslagos.cl\/test\/wp-content\/uploads\/2026\/01\/IMG-171-150x150.jpg",150,150,true],"medium":["https:\/\/elconquistadorredloslagos.cl\/test\/wp-content\/uploads\/2026\/01\/IMG-171-300x169.jpg",300,169,true],"large":["https:\/\/elconquistadorredloslagos.cl\/test\/wp-content\/uploads\/2026\/01\/IMG-171-1024x576.jpg",1024,576,true],"1536x1536":["https:\/\/elconquistadorredloslagos.cl\/test\/wp-content\/uploads\/2026\/01\/IMG-171-1536x864.jpg",1536,864,true],"2048x2048":["https:\/\/elconquistadorredloslagos.cl\/test\/wp-content\/uploads\/2026\/01\/IMG-171.jpg",1920,1080,false]},"rttpg_author":{"display_name":"ccardenas","author_link":"https:\/\/elconquistadorredloslagos.cl\/test\/blog\/author\/ccardenas\/"},"rttpg_comment":0,"rttpg_category":"<a href=\"https:\/\/elconquistadorredloslagos.cl\/test\/blog\/category\/actual\/acontecer\/\" rel=\"category tag\">Acontecer<\/a> <a href=\"https:\/\/elconquistadorredloslagos.cl\/test\/blog\/category\/actual\/\" rel=\"category tag\">Actualidad<\/a> <a href=\"https:\/\/elconquistadorredloslagos.cl\/test\/blog\/category\/chile\/chiloe\/\" rel=\"category tag\">Chilo\u00e9<\/a>","rttpg_excerpt":"Tras m\u00e1s de 14 a\u00f1os de espera, el proyecto del recinto deportivo Cancha Rayada en Castro dio un paso clave hacia su concreci\u00f3n. El gobernador regional de Los Lagos, Alejandro..","_links":{"self":[{"href":"https:\/\/elconquistadorredloslagos.cl\/test\/wp-json\/wp\/v2\/posts\/18400","targetHints":{"allow":["GET"]}}],"collection":[{"href":"https:\/\/elconquistadorredloslagos.cl\/test\/wp-json\/wp\/v2\/posts"}],"about":[{"href":"https:\/\/elconquistadorredloslagos.cl\/test\/wp-json\/wp\/v2\/types\/post"}],"author":[{"embeddable":true,"href":"https:\/\/elconquistadorredloslagos.cl\/test\/wp-json\/wp\/v2\/users\/2"}],"replies":[{"embeddable":true,"href":"https:\/\/elconquistadorredloslagos.cl\/test\/wp-json\/wp\/v2\/comments?post=18400"}],"version-history":[{"count":1,"href":"https:\/\/elconquistadorredloslagos.cl\/test\/wp-json\/wp\/v2\/posts\/18400\/revisions"}],"predecessor-version":[{"id":18403,"href":"https:\/\/elconquistadorredloslagos.cl\/test\/wp-json\/wp\/v2\/posts\/18400\/revisions\/18403"}],"wp:featuredmedia":[{"embeddable":true,"href":"https:\/\/elconquistadorredloslagos.cl\/test\/wp-json\/wp\/v2\/media\/18402"}],"wp:attachment":[{"href":"https:\/\/elconquistadorredloslagos.cl\/test\/wp-json\/wp\/v2\/media?parent=18400"}],"wp:term":[{"taxonomy":"category","embeddable":true,"href":"https:\/\/elconquistadorredloslagos.cl\/test\/wp-json\/wp\/v2\/categories?post=18400"},{"taxonomy":"post_tag","embeddable":true,"href":"https:\/\/elconquistadorredloslagos.cl\/test\/wp-json\/wp\/v2\/tags?post=18400"}],"curies":[{"name":"wp","href":"https:\/\/api.w.org\/{rel}","templated":true}]}}