{"id":18348,"date":"2026-01-29T10:03:10","date_gmt":"2026-01-29T13:03:10","guid":{"rendered":"https:\/\/elconquistadorredloslagos.cl\/test\/?p=18348"},"modified":"2026-01-29T10:03:10","modified_gmt":"2026-01-29T13:03:10","slug":"productores-ganaderos-fortalecen-sus-planes-de-negocio-con-apoyo-del-pti-de-la-carne-bovina","status":"publish","type":"post","link":"https:\/\/elconquistadorredloslagos.cl\/test\/blog\/2026\/01\/29\/productores-ganaderos-fortalecen-sus-planes-de-negocio-con-apoyo-del-pti-de-la-carne-bovina\/","title":{"rendered":"Productores ganaderos fortalecen sus planes de negocio con apoyo del PTI de la Carne Bovina"},"content":{"rendered":"\n<h2 class=\"wp-block-heading\"><\/h2>\n\n\n\n<p>Con el prop\u00f3sito de mejorar la gesti\u00f3n productiva y abrir nuevas v\u00edas de comercializaci\u00f3n para la agricultura familiar campesina, el <strong>PTI de la Carne Bovina<\/strong>, impulsado por <strong>Corfo Los Lagos<\/strong>, desarroll\u00f3 en Los Muermos una jornada de asesor\u00eda para avanzar en la implementaci\u00f3n de planes de negocio junto a productores ganaderos de la zona.<\/p>\n\n\n\n<p>La actividad permiti\u00f3 analizar resultados, evaluar estrategias y proyectar modelos de comercializaci\u00f3n m\u00e1s eficientes, incluyendo el <strong>modelo maquila<\/strong>, que agrega valor mediante el procesamiento de cortes en plantas externas.<\/p>\n\n\n\n<p>Durante la jornada, la gestora del PTI, <strong>Loreto Santelices<\/strong>, dio la bienvenida a los asistentes, tras lo cual la consultora <strong>Leonor N\u00fa\u00f1ez<\/strong> present\u00f3 recomendaciones clave: formalizaci\u00f3n comercial, construcci\u00f3n de una marca territorial, fortalecimiento de la gobernanza, articulaci\u00f3n de financiamiento regional y creaci\u00f3n de planes de contingencia.<\/p>\n\n\n\n<p>Asimismo, la ingeniera comercial <strong>Sandra R\u00edos<\/strong> expuso la evaluaci\u00f3n econ\u00f3mica de los planes, destacando la <strong>viabilidad del modelo<\/strong> y su aporte al fortalecimiento de la cadena de valor. Posteriormente, el investigador de INIA Remehue, <strong>Sergio Iraira<\/strong>, abord\u00f3 lineamientos productivos esenciales, como mejorar peso al destete, potenciar el manejo forrajero y definir sistemas productivos rentables.<\/p>\n\n\n\n<p>Los participantes tambi\u00e9n desarrollaron un trabajo pr\u00e1ctico guiado por N\u00fa\u00f1ez y conocieron la experiencia de la <strong>Cooperativa Ganacoop<\/strong>, presentada por su gerente <strong>Paola N\u00fa\u00f1ez<\/strong>, quienes destacaron el valor del trabajo asociativo y la comercializaci\u00f3n conjunta.<\/p>\n\n\n\n<p>El ejecutivo de Corfo, <strong>Juan Carlos Silva<\/strong>, afirm\u00f3 que el objetivo es \u201cmostrar alternativas reales para que los agricultores tomen decisiones informadas y puedan mejorar la rentabilidad del negocio\u201d. En la misma l\u00ednea, <strong>Patricia Montaldo<\/strong>, de INDAP Los Lagos, subray\u00f3 la importancia de abrir nuevas opciones de venta m\u00e1s all\u00e1 de la feria tradicional.<\/p>\n\n\n\n<figure class=\"wp-block-audio\"><audio controls src=\"https:\/\/elconquistadorredloslagos.cl\/test\/wp-content\/uploads\/2026\/01\/Juan-Carlos-Silva-Ejecutivo-de-Corfo-Los-Lagos.mp3\"><\/audio><\/figure>\n\n\n\n<p>Finalmente, el productor <strong>Marcelo Alejandro de la Hoz<\/strong>, de Tegualda, valor\u00f3 la instancia, destacando que estas herramientas permiten \u201cobtener valor agregado y comercializar de manera m\u00e1s eficiente\u201d.<\/p>\n","protected":false},"excerpt":{"rendered":"<p>Con el prop\u00f3sito de mejorar la gesti\u00f3n productiva y abrir nuevas v\u00edas de comercializaci\u00f3n para la agricultura familiar campesina, el PTI de la Carne Bovina, impulsado por Corfo Los Lagos,..<\/p>\n","protected":false},"author":9,"featured_media":18349,"comment_status":"closed","ping_status":"open","sticky":false,"template":"","format":"standard","meta":{"footnotes":""},"categories":[28],"tags":[],"class_list":["post-18348","post","type-post","status-publish","format-standard","has-post-thumbnail","hentry","category-actual"],"rttpg_featured_image_url":{"full":["https:\/\/elconquistadorredloslagos.cl\/test\/wp-content\/uploads\/2026\/01\/1-2.jpg",1920,1440,false],"landscape":["https:\/\/elconquistadorredloslagos.cl\/test\/wp-content\/uploads\/2026\/01\/1-2.jpg",1920,1440,false],"portraits":["https:\/\/elconquistadorredloslagos.cl\/test\/wp-content\/uploads\/2026\/01\/1-2.jpg",1920,1440,false],"thumbnail":["https:\/\/elconquistadorredloslagos.cl\/test\/wp-content\/uploads\/2026\/01\/1-2-150x150.jpg",150,150,true],"medium":["https:\/\/elconquistadorredloslagos.cl\/test\/wp-content\/uploads\/2026\/01\/1-2-300x225.jpg",300,225,true],"large":["https:\/\/elconquistadorredloslagos.cl\/test\/wp-content\/uploads\/2026\/01\/1-2-1024x768.jpg",1024,768,true],"1536x1536":["https:\/\/elconquistadorredloslagos.cl\/test\/wp-content\/uploads\/2026\/01\/1-2-1536x1152.jpg",1536,1152,true],"2048x2048":["https:\/\/elconquistadorredloslagos.cl\/test\/wp-content\/uploads\/2026\/01\/1-2.jpg",1920,1440,false]},"rttpg_author":{"display_name":"mcifuentes","author_link":"https:\/\/elconquistadorredloslagos.cl\/test\/blog\/author\/mcifuentes\/"},"rttpg_comment":0,"rttpg_category":"<a href=\"https:\/\/elconquistadorredloslagos.cl\/test\/blog\/category\/actual\/\" rel=\"category tag\">Actualidad<\/a>","rttpg_excerpt":"Con el prop\u00f3sito de mejorar la gesti\u00f3n productiva y abrir nuevas v\u00edas de comercializaci\u00f3n para la agricultura familiar campesina, el PTI de la Carne Bovina, impulsado por Corfo Los Lagos,..","_links":{"self":[{"href":"https:\/\/elconquistadorredloslagos.cl\/test\/wp-json\/wp\/v2\/posts\/18348","targetHints":{"allow":["GET"]}}],"collection":[{"href":"https:\/\/elconquistadorredloslagos.cl\/test\/wp-json\/wp\/v2\/posts"}],"about":[{"href":"https:\/\/elconquistadorredloslagos.cl\/test\/wp-json\/wp\/v2\/types\/post"}],"author":[{"embeddable":true,"href":"https:\/\/elconquistadorredloslagos.cl\/test\/wp-json\/wp\/v2\/users\/9"}],"replies":[{"embeddable":true,"href":"https:\/\/elconquistadorredloslagos.cl\/test\/wp-json\/wp\/v2\/comments?post=18348"}],"version-history":[{"count":1,"href":"https:\/\/elconquistadorredloslagos.cl\/test\/wp-json\/wp\/v2\/posts\/18348\/revisions"}],"predecessor-version":[{"id":18351,"href":"https:\/\/elconquistadorredloslagos.cl\/test\/wp-json\/wp\/v2\/posts\/18348\/revisions\/18351"}],"wp:featuredmedia":[{"embeddable":true,"href":"https:\/\/elconquistadorredloslagos.cl\/test\/wp-json\/wp\/v2\/media\/18349"}],"wp:attachment":[{"href":"https:\/\/elconquistadorredloslagos.cl\/test\/wp-json\/wp\/v2\/media?parent=18348"}],"wp:term":[{"taxonomy":"category","embeddable":true,"href":"https:\/\/elconquistadorredloslagos.cl\/test\/wp-json\/wp\/v2\/categories?post=18348"},{"taxonomy":"post_tag","embeddable":true,"href":"https:\/\/elconquistadorredloslagos.cl\/test\/wp-json\/wp\/v2\/tags?post=18348"}],"curies":[{"name":"wp","href":"https:\/\/api.w.org\/{rel}","templated":true}]}}