{"id":18341,"date":"2026-01-28T16:10:45","date_gmt":"2026-01-28T19:10:45","guid":{"rendered":"https:\/\/elconquistadorredloslagos.cl\/test\/?p=18341"},"modified":"2026-01-28T16:10:46","modified_gmt":"2026-01-28T19:10:46","slug":"patricio-melero-asumira-como-nuevo-presidente-de-salmonchile-a-partir-de-marzo","status":"publish","type":"post","link":"https:\/\/elconquistadorredloslagos.cl\/test\/blog\/2026\/01\/28\/patricio-melero-asumira-como-nuevo-presidente-de-salmonchile-a-partir-de-marzo\/","title":{"rendered":"Patricio Melero asumir\u00e1 como nuevo presidente de SalmonChile a partir de marzo"},"content":{"rendered":"\n<p>El directorio de SalmonChile, asociaci\u00f3n gremial que agrupa a productores y proveedores de la salmonicultura chilena, eligi\u00f3 como su nuevo presidente al ingeniero agr\u00f3nomo de la Universidad de Chile, Patricio Melero Abaroa.<\/p>\n\n\n\n<p>Melero asumir\u00e1 sus funciones a partir del pr\u00f3ximo 1 de marzo. En su trayectoria p\u00fablica fue diputado por dos distritos de la Regi\u00f3n Metropolitana entre 1990 y 2021, presidente de la C\u00e1mara de Diputados entre 2011 y 2012, y Ministro del Trabajo y Previsi\u00f3n Social durante el segundo gobierno del presidente Sebasti\u00e1n Pi\u00f1era, entre 2021 y 2022.<\/p>\n\n\n\n<p>Durante su labor parlamentaria, integr\u00f3 y presidi\u00f3 durante cinco per\u00edodos la Comisi\u00f3n de Pesca y Acuicultura de la C\u00e1mara Baja, destacando su contribuci\u00f3n en la aprobaci\u00f3n de la primera Ley de Pesca y Acuicultura de 1991, normativa que incorpor\u00f3 el desarrollo de la acuicultura y el uso sustentable de los recursos marinos.<\/p>\n\n\n\n<p>Tras su designaci\u00f3n, Melero se\u00f1al\u00f3 que \u201cla salmonicultura es hoy el segundo producto de exportaci\u00f3n del pa\u00eds y tiene un enorme potencial para seguir creciendo y ampliando sus mercados, generando m\u00e1s empleos de calidad e inversiones. Asumo el desaf\u00edo de presidir SalmonChile con el prop\u00f3sito de impulsar ese crecimiento en un marco de sustentabilidad ambiental, innovaci\u00f3n tecnol\u00f3gica y colaboraci\u00f3n p\u00fablico-privada que genere mayores certezas que faciliten su desarrollo\u201d.<\/p>\n\n\n\n<p>El nuevo presidente de SalmonChile reemplazar\u00e1 en el cargo a Arturo Cl\u00e9ment, quien, tras concluir su mandato, se desempe\u00f1ar\u00e1 como&nbsp;<em>past president<\/em>&nbsp;y apoyar\u00e1 la gesti\u00f3n de Melero por un per\u00edodo de tres meses.<\/p>\n\n\n\n<p>Asimismo, el directorio del gremio inform\u00f3 que a partir del 1 de febrero pr\u00f3ximo, el actual gerente de Asuntos Corporativos de SalmonChile, Tom\u00e1s Monge, asumir\u00e1 como gerente general de la asociaci\u00f3n.<\/p>\n","protected":false},"excerpt":{"rendered":"<p>El directorio de SalmonChile, asociaci\u00f3n gremial que agrupa a productores y proveedores de la salmonicultura chilena, eligi\u00f3 como su nuevo presidente al ingeniero agr\u00f3nomo de la Universidad de Chile, Patricio..<\/p>\n","protected":false},"author":7,"featured_media":18342,"comment_status":"closed","ping_status":"open","sticky":false,"template":"","format":"standard","meta":{"footnotes":""},"categories":[1,28,56],"tags":[],"class_list":["post-18341","post","type-post","status-publish","format-standard","has-post-thumbnail","hentry","category-acontecer","category-actual","category-puerto-montt"],"rttpg_featured_image_url":{"full":["https:\/\/elconquistadorredloslagos.cl\/test\/wp-content\/uploads\/2026\/01\/patricio-melero.png",1920,1080,false],"landscape":["https:\/\/elconquistadorredloslagos.cl\/test\/wp-content\/uploads\/2026\/01\/patricio-melero.png",1920,1080,false],"portraits":["https:\/\/elconquistadorredloslagos.cl\/test\/wp-content\/uploads\/2026\/01\/patricio-melero.png",1920,1080,false],"thumbnail":["https:\/\/elconquistadorredloslagos.cl\/test\/wp-content\/uploads\/2026\/01\/patricio-melero-150x150.png",150,150,true],"medium":["https:\/\/elconquistadorredloslagos.cl\/test\/wp-content\/uploads\/2026\/01\/patricio-melero-300x169.png",300,169,true],"large":["https:\/\/elconquistadorredloslagos.cl\/test\/wp-content\/uploads\/2026\/01\/patricio-melero-1024x576.png",1024,576,true],"1536x1536":["https:\/\/elconquistadorredloslagos.cl\/test\/wp-content\/uploads\/2026\/01\/patricio-melero-1536x864.png",1536,864,true],"2048x2048":["https:\/\/elconquistadorredloslagos.cl\/test\/wp-content\/uploads\/2026\/01\/patricio-melero.png",1920,1080,false]},"rttpg_author":{"display_name":"enzodelahoz1988","author_link":"https:\/\/elconquistadorredloslagos.cl\/test\/blog\/author\/enzodelahoz1988\/"},"rttpg_comment":0,"rttpg_category":"<a href=\"https:\/\/elconquistadorredloslagos.cl\/test\/blog\/category\/actual\/acontecer\/\" rel=\"category tag\">Acontecer<\/a> <a href=\"https:\/\/elconquistadorredloslagos.cl\/test\/blog\/category\/actual\/\" rel=\"category tag\">Actualidad<\/a> <a href=\"https:\/\/elconquistadorredloslagos.cl\/test\/blog\/category\/chile\/puerto-montt\/\" rel=\"category tag\">Puerto Montt<\/a>","rttpg_excerpt":"El directorio de SalmonChile, asociaci\u00f3n gremial que agrupa a productores y proveedores de la salmonicultura chilena, eligi\u00f3 como su nuevo presidente al ingeniero agr\u00f3nomo de la Universidad de Chile, Patricio..","_links":{"self":[{"href":"https:\/\/elconquistadorredloslagos.cl\/test\/wp-json\/wp\/v2\/posts\/18341","targetHints":{"allow":["GET"]}}],"collection":[{"href":"https:\/\/elconquistadorredloslagos.cl\/test\/wp-json\/wp\/v2\/posts"}],"about":[{"href":"https:\/\/elconquistadorredloslagos.cl\/test\/wp-json\/wp\/v2\/types\/post"}],"author":[{"embeddable":true,"href":"https:\/\/elconquistadorredloslagos.cl\/test\/wp-json\/wp\/v2\/users\/7"}],"replies":[{"embeddable":true,"href":"https:\/\/elconquistadorredloslagos.cl\/test\/wp-json\/wp\/v2\/comments?post=18341"}],"version-history":[{"count":1,"href":"https:\/\/elconquistadorredloslagos.cl\/test\/wp-json\/wp\/v2\/posts\/18341\/revisions"}],"predecessor-version":[{"id":18343,"href":"https:\/\/elconquistadorredloslagos.cl\/test\/wp-json\/wp\/v2\/posts\/18341\/revisions\/18343"}],"wp:featuredmedia":[{"embeddable":true,"href":"https:\/\/elconquistadorredloslagos.cl\/test\/wp-json\/wp\/v2\/media\/18342"}],"wp:attachment":[{"href":"https:\/\/elconquistadorredloslagos.cl\/test\/wp-json\/wp\/v2\/media?parent=18341"}],"wp:term":[{"taxonomy":"category","embeddable":true,"href":"https:\/\/elconquistadorredloslagos.cl\/test\/wp-json\/wp\/v2\/categories?post=18341"},{"taxonomy":"post_tag","embeddable":true,"href":"https:\/\/elconquistadorredloslagos.cl\/test\/wp-json\/wp\/v2\/tags?post=18341"}],"curies":[{"name":"wp","href":"https:\/\/api.w.org\/{rel}","templated":true}]}}