{"id":18340,"date":"2026-01-28T16:13:11","date_gmt":"2026-01-28T19:13:11","guid":{"rendered":"https:\/\/elconquistadorredloslagos.cl\/test\/?p=18340"},"modified":"2026-01-28T16:13:12","modified_gmt":"2026-01-28T19:13:12","slug":"con-hallazgo-de-los-ultimos-cuerpos-concluye-busqueda-tras-naufragio-en-reloncavi","status":"publish","type":"post","link":"https:\/\/elconquistadorredloslagos.cl\/test\/blog\/2026\/01\/28\/con-hallazgo-de-los-ultimos-cuerpos-concluye-busqueda-tras-naufragio-en-reloncavi\/","title":{"rendered":"Con hallazgo de los \u00faltimos cuerpos concluye b\u00fasqueda tras naufragio en Reloncav\u00ed"},"content":{"rendered":"\n<p>Durante la segunda jornada de rebusca, fueron encontrados los \u00faltimos dos tripulantes desaparecidos tras el hundimiento de la embarcaci\u00f3n Ko\u00f1im\u00f3 I, confirmando un total de seis v\u00edctimas fatales producto del accidente mar\u00edtimo.<\/p>\n\n\n\n<p>El hallazgo se concret\u00f3 durante la tarde, sum\u00e1ndose a la recuperaci\u00f3n de un cuerpo realizada horas antes y a los tres tripulantes encontrados durante la jornada del martes. Con ello, se complet\u00f3 el registro de todos los trabajadores que inicialmente hab\u00edan sido reportados como desaparecidos tras el naufragio ocurrido en la madrugada del martes.<\/p>\n\n\n\n<p>La informaci\u00f3n fue ratificada por la Gobernaci\u00f3n Mar\u00edtima de Puerto Montt, organismo que confirm\u00f3 el cierre oficial de las labores de b\u00fasqueda en la zona, luego de intensos operativos desplegados por mar y aire.<\/p>\n\n\n\n<p>Concluida la fase de rebusca, las diligencias entran ahora en una etapa clave: la implementaci\u00f3n del plan de reflotamiento de la nave siniestrada. Este procedimiento ser\u00e1 fundamental para la investigaci\u00f3n que encabeza el Ministerio P\u00fablico, orientada a establecer las causas y eventuales responsabilidades asociadas al hundimiento.<\/p>\n\n\n\n<p>Mientras avanzan los peritajes, el estuario deja atr\u00e1s la incertidumbre para dar paso a un proceso investigativo que buscar\u00e1 esclarecer c\u00f3mo una nave termin\u00f3 convertida en escenario de una de las tragedias mar\u00edtimas m\u00e1s graves registradas recientemente en la zona sur del pa\u00eds.<\/p>\n\n\n\n<p>\ud83d\udcf7 Redes Sociales<\/p>\n","protected":false},"excerpt":{"rendered":"<p>Durante la segunda jornada de rebusca, fueron encontrados los \u00faltimos dos tripulantes desaparecidos tras el hundimiento de la embarcaci\u00f3n Ko\u00f1im\u00f3 I, confirmando un total de seis v\u00edctimas fatales producto del..<\/p>\n","protected":false},"author":2,"featured_media":18344,"comment_status":"closed","ping_status":"open","sticky":false,"template":"","format":"standard","meta":{"footnotes":""},"categories":[1,28,56],"tags":[],"class_list":["post-18340","post","type-post","status-publish","format-standard","has-post-thumbnail","hentry","category-acontecer","category-actual","category-puerto-montt"],"rttpg_featured_image_url":{"full":["https:\/\/elconquistadorredloslagos.cl\/test\/wp-content\/uploads\/2026\/01\/img-159.jpg",1920,1080,false],"landscape":["https:\/\/elconquistadorredloslagos.cl\/test\/wp-content\/uploads\/2026\/01\/img-159.jpg",1920,1080,false],"portraits":["https:\/\/elconquistadorredloslagos.cl\/test\/wp-content\/uploads\/2026\/01\/img-159.jpg",1920,1080,false],"thumbnail":["https:\/\/elconquistadorredloslagos.cl\/test\/wp-content\/uploads\/2026\/01\/img-159-150x150.jpg",150,150,true],"medium":["https:\/\/elconquistadorredloslagos.cl\/test\/wp-content\/uploads\/2026\/01\/img-159-300x169.jpg",300,169,true],"large":["https:\/\/elconquistadorredloslagos.cl\/test\/wp-content\/uploads\/2026\/01\/img-159-1024x576.jpg",1024,576,true],"1536x1536":["https:\/\/elconquistadorredloslagos.cl\/test\/wp-content\/uploads\/2026\/01\/img-159-1536x864.jpg",1536,864,true],"2048x2048":["https:\/\/elconquistadorredloslagos.cl\/test\/wp-content\/uploads\/2026\/01\/img-159.jpg",1920,1080,false]},"rttpg_author":{"display_name":"ccardenas","author_link":"https:\/\/elconquistadorredloslagos.cl\/test\/blog\/author\/ccardenas\/"},"rttpg_comment":0,"rttpg_category":"<a href=\"https:\/\/elconquistadorredloslagos.cl\/test\/blog\/category\/actual\/acontecer\/\" rel=\"category tag\">Acontecer<\/a> <a href=\"https:\/\/elconquistadorredloslagos.cl\/test\/blog\/category\/actual\/\" rel=\"category tag\">Actualidad<\/a> <a href=\"https:\/\/elconquistadorredloslagos.cl\/test\/blog\/category\/chile\/puerto-montt\/\" rel=\"category tag\">Puerto Montt<\/a>","rttpg_excerpt":"Durante la segunda jornada de rebusca, fueron encontrados los \u00faltimos dos tripulantes desaparecidos tras el hundimiento de la embarcaci\u00f3n Ko\u00f1im\u00f3 I, confirmando un total de seis v\u00edctimas fatales producto del..","_links":{"self":[{"href":"https:\/\/elconquistadorredloslagos.cl\/test\/wp-json\/wp\/v2\/posts\/18340","targetHints":{"allow":["GET"]}}],"collection":[{"href":"https:\/\/elconquistadorredloslagos.cl\/test\/wp-json\/wp\/v2\/posts"}],"about":[{"href":"https:\/\/elconquistadorredloslagos.cl\/test\/wp-json\/wp\/v2\/types\/post"}],"author":[{"embeddable":true,"href":"https:\/\/elconquistadorredloslagos.cl\/test\/wp-json\/wp\/v2\/users\/2"}],"replies":[{"embeddable":true,"href":"https:\/\/elconquistadorredloslagos.cl\/test\/wp-json\/wp\/v2\/comments?post=18340"}],"version-history":[{"count":1,"href":"https:\/\/elconquistadorredloslagos.cl\/test\/wp-json\/wp\/v2\/posts\/18340\/revisions"}],"predecessor-version":[{"id":18345,"href":"https:\/\/elconquistadorredloslagos.cl\/test\/wp-json\/wp\/v2\/posts\/18340\/revisions\/18345"}],"wp:featuredmedia":[{"embeddable":true,"href":"https:\/\/elconquistadorredloslagos.cl\/test\/wp-json\/wp\/v2\/media\/18344"}],"wp:attachment":[{"href":"https:\/\/elconquistadorredloslagos.cl\/test\/wp-json\/wp\/v2\/media?parent=18340"}],"wp:term":[{"taxonomy":"category","embeddable":true,"href":"https:\/\/elconquistadorredloslagos.cl\/test\/wp-json\/wp\/v2\/categories?post=18340"},{"taxonomy":"post_tag","embeddable":true,"href":"https:\/\/elconquistadorredloslagos.cl\/test\/wp-json\/wp\/v2\/tags?post=18340"}],"curies":[{"name":"wp","href":"https:\/\/api.w.org\/{rel}","templated":true}]}}