{"id":18338,"date":"2026-01-28T17:38:03","date_gmt":"2026-01-28T20:38:03","guid":{"rendered":"https:\/\/elconquistadorredloslagos.cl\/test\/?p=18338"},"modified":"2026-01-28T17:38:04","modified_gmt":"2026-01-28T20:38:04","slug":"castro-investigan-hallazgo-de-hombre-fallecido-en-sector-cancha-rayada","status":"publish","type":"post","link":"https:\/\/elconquistadorredloslagos.cl\/test\/blog\/2026\/01\/28\/castro-investigan-hallazgo-de-hombre-fallecido-en-sector-cancha-rayada\/","title":{"rendered":"Castro: investigan hallazgo de hombre fallecido en sector Cancha Rayada"},"content":{"rendered":"\n<p>Un hallazgo en plena v\u00eda p\u00fablica encendi\u00f3 las alertas policiales la tarde de este mi\u00e9rcoles en Castro, luego de que un hombre fuera encontrado sin vida en las cercan\u00edas del recinto deportivo Cancha Rayada, en la capital provincial de Chilo\u00e9.<\/p>\n\n\n\n<p>El procedimiento se origin\u00f3 pasadas las 14.00 horas, cuando el SAMU recibi\u00f3 un llamado alertando sobre una persona gravemente herida y con abundante sangrado. Al llegar al lugar, personal de emergencia y efectivos de Carabineros de la Segunda Comisar\u00eda confirmaron que la v\u00edctima ya no presentaba signos vitales.<\/p>\n\n\n\n<p>El fallecido corresponde a un hombre de entre 35 y 40 a\u00f1os, quien se encontraba tendido en el suelo y presentaba lesiones visibles, las que ahora son materia de investigaci\u00f3n. Carabineros intent\u00f3 prestar los primeros auxilios mientras se esperaba la llegada del equipo m\u00e9dico, sin embargo, el personal del SAMU solo pudo constatar el deceso en el lugar.<\/p>\n\n\n\n<p>Desde la polic\u00eda uniformada indicaron que a\u00fan no se ha determinado las circunstancias que provocaron la muerte. No se descarta la participaci\u00f3n de terceros, mientras se investiga si las heridas fueron provocadas por un arma blanca o eventualmente un arma de fuego.<\/p>\n\n\n\n<p>El sitio del suceso fue aislado para el desarrollo de las diligencias correspondientes, mientras los antecedentes fueron puestos a disposici\u00f3n del Ministerio P\u00fablico. La investigaci\u00f3n busca reconstruir las \u00faltimas horas de la v\u00edctima y establecer las circunstancias que rodearon el hecho. <\/p>\n\n\n\n<p><strong>CONCEJAL<\/strong><\/p>\n\n\n\n<p>El hecho vuelve a instalar el debate sobre la inseguridad en la capital chilota, una preocupaci\u00f3n que ya hab\u00eda sido advertida por autoridades locales. En ese contexto, el concejal de Castro, Jorge B\u00f3rquez, se hab\u00eda referido previamente a actual estado en que se encuentra el sector de Cancha Rayada, escenario de este macabro acontecimiento:<\/p>\n\n\n\n<figure class=\"wp-block-video\"><video height=\"1080\" style=\"aspect-ratio: 1920 \/ 1080;\" width=\"1920\" controls src=\"https:\/\/elconquistadorredloslagos.cl\/test\/wp-content\/uploads\/2026\/01\/video-concejal.mp4\"><\/video><\/figure>\n","protected":false},"excerpt":{"rendered":"<p>Un hallazgo en plena v\u00eda p\u00fablica encendi\u00f3 las alertas policiales la tarde de este mi\u00e9rcoles en Castro, luego de que un hombre fuera encontrado sin vida en las cercan\u00edas del..<\/p>\n","protected":false},"author":2,"featured_media":18346,"comment_status":"closed","ping_status":"open","sticky":false,"template":"","format":"standard","meta":{"footnotes":""},"categories":[1,28,51],"tags":[],"class_list":["post-18338","post","type-post","status-publish","format-standard","has-post-thumbnail","hentry","category-acontecer","category-actual","category-chiloe"],"rttpg_featured_image_url":{"full":["https:\/\/elconquistadorredloslagos.cl\/test\/wp-content\/uploads\/2026\/01\/img-160.jpg",1920,1080,false],"landscape":["https:\/\/elconquistadorredloslagos.cl\/test\/wp-content\/uploads\/2026\/01\/img-160.jpg",1920,1080,false],"portraits":["https:\/\/elconquistadorredloslagos.cl\/test\/wp-content\/uploads\/2026\/01\/img-160.jpg",1920,1080,false],"thumbnail":["https:\/\/elconquistadorredloslagos.cl\/test\/wp-content\/uploads\/2026\/01\/img-160-150x150.jpg",150,150,true],"medium":["https:\/\/elconquistadorredloslagos.cl\/test\/wp-content\/uploads\/2026\/01\/img-160-300x169.jpg",300,169,true],"large":["https:\/\/elconquistadorredloslagos.cl\/test\/wp-content\/uploads\/2026\/01\/img-160-1024x576.jpg",1024,576,true],"1536x1536":["https:\/\/elconquistadorredloslagos.cl\/test\/wp-content\/uploads\/2026\/01\/img-160-1536x864.jpg",1536,864,true],"2048x2048":["https:\/\/elconquistadorredloslagos.cl\/test\/wp-content\/uploads\/2026\/01\/img-160.jpg",1920,1080,false]},"rttpg_author":{"display_name":"ccardenas","author_link":"https:\/\/elconquistadorredloslagos.cl\/test\/blog\/author\/ccardenas\/"},"rttpg_comment":0,"rttpg_category":"<a href=\"https:\/\/elconquistadorredloslagos.cl\/test\/blog\/category\/actual\/acontecer\/\" rel=\"category tag\">Acontecer<\/a> <a href=\"https:\/\/elconquistadorredloslagos.cl\/test\/blog\/category\/actual\/\" rel=\"category tag\">Actualidad<\/a> <a href=\"https:\/\/elconquistadorredloslagos.cl\/test\/blog\/category\/chile\/chiloe\/\" rel=\"category tag\">Chilo\u00e9<\/a>","rttpg_excerpt":"Un hallazgo en plena v\u00eda p\u00fablica encendi\u00f3 las alertas policiales la tarde de este mi\u00e9rcoles en Castro, luego de que un hombre fuera encontrado sin vida en las cercan\u00edas del..","_links":{"self":[{"href":"https:\/\/elconquistadorredloslagos.cl\/test\/wp-json\/wp\/v2\/posts\/18338","targetHints":{"allow":["GET"]}}],"collection":[{"href":"https:\/\/elconquistadorredloslagos.cl\/test\/wp-json\/wp\/v2\/posts"}],"about":[{"href":"https:\/\/elconquistadorredloslagos.cl\/test\/wp-json\/wp\/v2\/types\/post"}],"author":[{"embeddable":true,"href":"https:\/\/elconquistadorredloslagos.cl\/test\/wp-json\/wp\/v2\/users\/2"}],"replies":[{"embeddable":true,"href":"https:\/\/elconquistadorredloslagos.cl\/test\/wp-json\/wp\/v2\/comments?post=18338"}],"version-history":[{"count":1,"href":"https:\/\/elconquistadorredloslagos.cl\/test\/wp-json\/wp\/v2\/posts\/18338\/revisions"}],"predecessor-version":[{"id":18347,"href":"https:\/\/elconquistadorredloslagos.cl\/test\/wp-json\/wp\/v2\/posts\/18338\/revisions\/18347"}],"wp:featuredmedia":[{"embeddable":true,"href":"https:\/\/elconquistadorredloslagos.cl\/test\/wp-json\/wp\/v2\/media\/18346"}],"wp:attachment":[{"href":"https:\/\/elconquistadorredloslagos.cl\/test\/wp-json\/wp\/v2\/media?parent=18338"}],"wp:term":[{"taxonomy":"category","embeddable":true,"href":"https:\/\/elconquistadorredloslagos.cl\/test\/wp-json\/wp\/v2\/categories?post=18338"},{"taxonomy":"post_tag","embeddable":true,"href":"https:\/\/elconquistadorredloslagos.cl\/test\/wp-json\/wp\/v2\/tags?post=18338"}],"curies":[{"name":"wp","href":"https:\/\/api.w.org\/{rel}","templated":true}]}}