{"id":18331,"date":"2026-01-28T14:00:51","date_gmt":"2026-01-28T17:00:51","guid":{"rendered":"https:\/\/elconquistadorredloslagos.cl\/test\/?p=18331"},"modified":"2026-01-28T14:00:52","modified_gmt":"2026-01-28T17:00:52","slug":"bombero-de-quemchi-figura-entre-los-desaparecidos-tras-naufragio-en-reloncavi","status":"publish","type":"post","link":"https:\/\/elconquistadorredloslagos.cl\/test\/blog\/2026\/01\/28\/bombero-de-quemchi-figura-entre-los-desaparecidos-tras-naufragio-en-reloncavi\/","title":{"rendered":"Bombero de Quemchi figura entre los desaparecidos tras naufragio en Reloncav\u00ed"},"content":{"rendered":"\n<p>El naufragio del catamar\u00e1n Ko\u00f1imo I en el Estuario del Reloncav\u00ed sigue dejando una estela de dolor que ahora alcanza a la comuna de Quemchi. Entre los tripulantes desaparecidos se encuentra Marcelo \u00c1rgel Lebtun, voluntario de la Primera Compa\u00f1\u00eda de Bomberos de la comuna, de 35 a\u00f1os, quien se desempe\u00f1aba como cocinero a bordo de la nave siniestrada.<\/p>\n\n\n\n<p>La informaci\u00f3n fue confirmada mientras contin\u00faan las labores de b\u00fasqueda en el sector de Ral\u00fan, en la provincia de Llanquihue. El caso ha generado profunda conmoci\u00f3n en Chilo\u00e9, donde autoridades locales, compa\u00f1eros de instituci\u00f3n y vecinos se han volcado en apoyo a la familia del voluntario.<\/p>\n\n\n\n<p>El alcalde de Quemchi, Javier Ugarte, expres\u00f3 p\u00fablicamente su pesar, se\u00f1alando que se trata de un golpe duro para la comunidad, subrayando que Marcelo \u201cera uno de los nuestros\u201d. En paralelo, el Cuerpo de Bomberos de Quemchi lament\u00f3 la tragedia y convoc\u00f3 a una velat\u00f3n frente a su cuartel, como se\u00f1al de acompa\u00f1amiento y esperanza.<\/p>\n\n\n\n<p>Desde el entorno familiar, su padre, Manuel \u00c1rgel, manifest\u00f3 que esperan mayor informaci\u00f3n por parte de la empresa responsable de la embarcaci\u00f3n, reconociendo el temor de que el joven est\u00e9 atrapado en el interior de la nave hundida. Marcelo \u00c1rgel era el mayor de dos hermanos, padre de un hijo y vecino de toda la vida de Quemchi.<\/p>\n","protected":false},"excerpt":{"rendered":"<p>El naufragio del catamar\u00e1n Ko\u00f1imo I en el Estuario del Reloncav\u00ed sigue dejando una estela de dolor que ahora alcanza a la comuna de Quemchi. Entre los tripulantes desaparecidos se..<\/p>\n","protected":false},"author":2,"featured_media":18332,"comment_status":"closed","ping_status":"open","sticky":false,"template":"","format":"standard","meta":{"footnotes":""},"categories":[1,28,51,56],"tags":[],"class_list":["post-18331","post","type-post","status-publish","format-standard","has-post-thumbnail","hentry","category-acontecer","category-actual","category-chiloe","category-puerto-montt"],"rttpg_featured_image_url":{"full":["https:\/\/elconquistadorredloslagos.cl\/test\/wp-content\/uploads\/2026\/01\/img-157.jpg",1920,1080,false],"landscape":["https:\/\/elconquistadorredloslagos.cl\/test\/wp-content\/uploads\/2026\/01\/img-157.jpg",1920,1080,false],"portraits":["https:\/\/elconquistadorredloslagos.cl\/test\/wp-content\/uploads\/2026\/01\/img-157.jpg",1920,1080,false],"thumbnail":["https:\/\/elconquistadorredloslagos.cl\/test\/wp-content\/uploads\/2026\/01\/img-157-150x150.jpg",150,150,true],"medium":["https:\/\/elconquistadorredloslagos.cl\/test\/wp-content\/uploads\/2026\/01\/img-157-300x169.jpg",300,169,true],"large":["https:\/\/elconquistadorredloslagos.cl\/test\/wp-content\/uploads\/2026\/01\/img-157-1024x576.jpg",1024,576,true],"1536x1536":["https:\/\/elconquistadorredloslagos.cl\/test\/wp-content\/uploads\/2026\/01\/img-157-1536x864.jpg",1536,864,true],"2048x2048":["https:\/\/elconquistadorredloslagos.cl\/test\/wp-content\/uploads\/2026\/01\/img-157.jpg",1920,1080,false]},"rttpg_author":{"display_name":"ccardenas","author_link":"https:\/\/elconquistadorredloslagos.cl\/test\/blog\/author\/ccardenas\/"},"rttpg_comment":0,"rttpg_category":"<a href=\"https:\/\/elconquistadorredloslagos.cl\/test\/blog\/category\/actual\/acontecer\/\" rel=\"category tag\">Acontecer<\/a> <a href=\"https:\/\/elconquistadorredloslagos.cl\/test\/blog\/category\/actual\/\" rel=\"category tag\">Actualidad<\/a> <a href=\"https:\/\/elconquistadorredloslagos.cl\/test\/blog\/category\/chile\/chiloe\/\" rel=\"category tag\">Chilo\u00e9<\/a> <a href=\"https:\/\/elconquistadorredloslagos.cl\/test\/blog\/category\/chile\/puerto-montt\/\" rel=\"category tag\">Puerto Montt<\/a>","rttpg_excerpt":"El naufragio del catamar\u00e1n Ko\u00f1imo I en el Estuario del Reloncav\u00ed sigue dejando una estela de dolor que ahora alcanza a la comuna de Quemchi. Entre los tripulantes desaparecidos se..","_links":{"self":[{"href":"https:\/\/elconquistadorredloslagos.cl\/test\/wp-json\/wp\/v2\/posts\/18331","targetHints":{"allow":["GET"]}}],"collection":[{"href":"https:\/\/elconquistadorredloslagos.cl\/test\/wp-json\/wp\/v2\/posts"}],"about":[{"href":"https:\/\/elconquistadorredloslagos.cl\/test\/wp-json\/wp\/v2\/types\/post"}],"author":[{"embeddable":true,"href":"https:\/\/elconquistadorredloslagos.cl\/test\/wp-json\/wp\/v2\/users\/2"}],"replies":[{"embeddable":true,"href":"https:\/\/elconquistadorredloslagos.cl\/test\/wp-json\/wp\/v2\/comments?post=18331"}],"version-history":[{"count":1,"href":"https:\/\/elconquistadorredloslagos.cl\/test\/wp-json\/wp\/v2\/posts\/18331\/revisions"}],"predecessor-version":[{"id":18333,"href":"https:\/\/elconquistadorredloslagos.cl\/test\/wp-json\/wp\/v2\/posts\/18331\/revisions\/18333"}],"wp:featuredmedia":[{"embeddable":true,"href":"https:\/\/elconquistadorredloslagos.cl\/test\/wp-json\/wp\/v2\/media\/18332"}],"wp:attachment":[{"href":"https:\/\/elconquistadorredloslagos.cl\/test\/wp-json\/wp\/v2\/media?parent=18331"}],"wp:term":[{"taxonomy":"category","embeddable":true,"href":"https:\/\/elconquistadorredloslagos.cl\/test\/wp-json\/wp\/v2\/categories?post=18331"},{"taxonomy":"post_tag","embeddable":true,"href":"https:\/\/elconquistadorredloslagos.cl\/test\/wp-json\/wp\/v2\/tags?post=18331"}],"curies":[{"name":"wp","href":"https:\/\/api.w.org\/{rel}","templated":true}]}}