{"id":18328,"date":"2026-01-28T13:48:14","date_gmt":"2026-01-28T16:48:14","guid":{"rendered":"https:\/\/elconquistadorredloslagos.cl\/test\/?p=18328"},"modified":"2026-01-28T13:48:14","modified_gmt":"2026-01-28T16:48:14","slug":"plantaciones-forestales-elevan-el-riesgo-de-incendios-en-zonas-habitadas-de-los-lagos","status":"publish","type":"post","link":"https:\/\/elconquistadorredloslagos.cl\/test\/blog\/2026\/01\/28\/plantaciones-forestales-elevan-el-riesgo-de-incendios-en-zonas-habitadas-de-los-lagos\/","title":{"rendered":"Plantaciones forestales elevan el riesgo de incendios en zonas habitadas de Los Lagos"},"content":{"rendered":"\n<p>M\u00e1s de 67 mil hect\u00e1reas de plantaciones forestales mantienen abierta una discusi\u00f3n latente en la regi\u00f3n de Los Lagos, donde el avance del pino y el eucaliptus convive con comunidades, infraestructura cr\u00edtica y un escenario cada vez m\u00e1s marcado por los incendios forestales en el sur del pa\u00eds.<\/p>\n\n\n\n<p>Aunque se trata de un territorio con predominio hist\u00f3rico de bosque nativo, la regi\u00f3n a\u00fan registra 67.890 hect\u00e1reas de plantaciones productivas, concentradas principalmente en las provincias de Osorno y Llanquihue. Una cifra que, tras las recientes emergencias por fuego, vuelve a poner bajo la lupa las medidas de prevenci\u00f3n y mitigaci\u00f3n asociadas a esta actividad.<\/p>\n\n\n\n<p>Desde la Corporaci\u00f3n Nacional Forestal se\u00f1alaron que las exigencias para reducir riesgos est\u00e1n incorporadas en los planes de manejo, los que deben presentarse al momento de la cosecha. Asimismo, explicaron que las plantaciones m\u00e1s antiguas se van adecuando a la normativa vigente cada vez que se ejecutan faenas forestales.<\/p>\n\n\n\n<p>Osorno lidera la superficie plantada con m\u00e1s de 45 mil hect\u00e1reas, seguida por Llanquihue, mientras Chilo\u00e9 y Palena registran una presencia significativamente menor. En paralelo, el v\u00ednculo entre municipios y empresas forestales muestra un mapa disparejo: algunas comunas reportan avances en coordinaci\u00f3n y prevenci\u00f3n, mientras otras advierten escaso di\u00e1logo, riesgos de incendios, afectaci\u00f3n al suministro el\u00e9ctrico y presi\u00f3n sobre los recursos h\u00eddricos.<\/p>\n\n\n\n<p>\ud83d\udcf7 Referencial<\/p>\n","protected":false},"excerpt":{"rendered":"<p>M\u00e1s de 67 mil hect\u00e1reas de plantaciones forestales mantienen abierta una discusi\u00f3n latente en la regi\u00f3n de Los Lagos, donde el avance del pino y el eucaliptus convive con comunidades,..<\/p>\n","protected":false},"author":2,"featured_media":18329,"comment_status":"closed","ping_status":"open","sticky":false,"template":"","format":"standard","meta":{"footnotes":""},"categories":[1,28,51,54,55,56],"tags":[],"class_list":["post-18328","post","type-post","status-publish","format-standard","has-post-thumbnail","hentry","category-acontecer","category-actual","category-chiloe","category-lago-llanquihue","category-osorno","category-puerto-montt"],"rttpg_featured_image_url":{"full":["https:\/\/elconquistadorredloslagos.cl\/test\/wp-content\/uploads\/2026\/01\/img-156.jpg",1920,1080,false],"landscape":["https:\/\/elconquistadorredloslagos.cl\/test\/wp-content\/uploads\/2026\/01\/img-156.jpg",1920,1080,false],"portraits":["https:\/\/elconquistadorredloslagos.cl\/test\/wp-content\/uploads\/2026\/01\/img-156.jpg",1920,1080,false],"thumbnail":["https:\/\/elconquistadorredloslagos.cl\/test\/wp-content\/uploads\/2026\/01\/img-156-150x150.jpg",150,150,true],"medium":["https:\/\/elconquistadorredloslagos.cl\/test\/wp-content\/uploads\/2026\/01\/img-156-300x169.jpg",300,169,true],"large":["https:\/\/elconquistadorredloslagos.cl\/test\/wp-content\/uploads\/2026\/01\/img-156-1024x576.jpg",1024,576,true],"1536x1536":["https:\/\/elconquistadorredloslagos.cl\/test\/wp-content\/uploads\/2026\/01\/img-156-1536x864.jpg",1536,864,true],"2048x2048":["https:\/\/elconquistadorredloslagos.cl\/test\/wp-content\/uploads\/2026\/01\/img-156.jpg",1920,1080,false]},"rttpg_author":{"display_name":"ccardenas","author_link":"https:\/\/elconquistadorredloslagos.cl\/test\/blog\/author\/ccardenas\/"},"rttpg_comment":0,"rttpg_category":"<a href=\"https:\/\/elconquistadorredloslagos.cl\/test\/blog\/category\/actual\/acontecer\/\" rel=\"category tag\">Acontecer<\/a> <a href=\"https:\/\/elconquistadorredloslagos.cl\/test\/blog\/category\/actual\/\" rel=\"category tag\">Actualidad<\/a> <a href=\"https:\/\/elconquistadorredloslagos.cl\/test\/blog\/category\/chile\/chiloe\/\" rel=\"category tag\">Chilo\u00e9<\/a> <a href=\"https:\/\/elconquistadorredloslagos.cl\/test\/blog\/category\/chile\/lago-llanquihue\/\" rel=\"category tag\">Lago LLanquihue<\/a> <a href=\"https:\/\/elconquistadorredloslagos.cl\/test\/blog\/category\/chile\/osorno\/\" rel=\"category tag\">Osorno<\/a> <a href=\"https:\/\/elconquistadorredloslagos.cl\/test\/blog\/category\/chile\/puerto-montt\/\" rel=\"category tag\">Puerto Montt<\/a>","rttpg_excerpt":"M\u00e1s de 67 mil hect\u00e1reas de plantaciones forestales mantienen abierta una discusi\u00f3n latente en la regi\u00f3n de Los Lagos, donde el avance del pino y el eucaliptus convive con comunidades,..","_links":{"self":[{"href":"https:\/\/elconquistadorredloslagos.cl\/test\/wp-json\/wp\/v2\/posts\/18328","targetHints":{"allow":["GET"]}}],"collection":[{"href":"https:\/\/elconquistadorredloslagos.cl\/test\/wp-json\/wp\/v2\/posts"}],"about":[{"href":"https:\/\/elconquistadorredloslagos.cl\/test\/wp-json\/wp\/v2\/types\/post"}],"author":[{"embeddable":true,"href":"https:\/\/elconquistadorredloslagos.cl\/test\/wp-json\/wp\/v2\/users\/2"}],"replies":[{"embeddable":true,"href":"https:\/\/elconquistadorredloslagos.cl\/test\/wp-json\/wp\/v2\/comments?post=18328"}],"version-history":[{"count":1,"href":"https:\/\/elconquistadorredloslagos.cl\/test\/wp-json\/wp\/v2\/posts\/18328\/revisions"}],"predecessor-version":[{"id":18330,"href":"https:\/\/elconquistadorredloslagos.cl\/test\/wp-json\/wp\/v2\/posts\/18328\/revisions\/18330"}],"wp:featuredmedia":[{"embeddable":true,"href":"https:\/\/elconquistadorredloslagos.cl\/test\/wp-json\/wp\/v2\/media\/18329"}],"wp:attachment":[{"href":"https:\/\/elconquistadorredloslagos.cl\/test\/wp-json\/wp\/v2\/media?parent=18328"}],"wp:term":[{"taxonomy":"category","embeddable":true,"href":"https:\/\/elconquistadorredloslagos.cl\/test\/wp-json\/wp\/v2\/categories?post=18328"},{"taxonomy":"post_tag","embeddable":true,"href":"https:\/\/elconquistadorredloslagos.cl\/test\/wp-json\/wp\/v2\/tags?post=18328"}],"curies":[{"name":"wp","href":"https:\/\/api.w.org\/{rel}","templated":true}]}}