{"id":18322,"date":"2026-01-28T13:13:09","date_gmt":"2026-01-28T16:13:09","guid":{"rendered":"https:\/\/elconquistadorredloslagos.cl\/test\/?p=18322"},"modified":"2026-01-28T13:13:10","modified_gmt":"2026-01-28T16:13:10","slug":"empresa-confirma-que-tripulacion-dormia-cuando-embarcacion-se-hundio-en-reloncavi","status":"publish","type":"post","link":"https:\/\/elconquistadorredloslagos.cl\/test\/blog\/2026\/01\/28\/empresa-confirma-que-tripulacion-dormia-cuando-embarcacion-se-hundio-en-reloncavi\/","title":{"rendered":"Empresa confirma que tripulaci\u00f3n dorm\u00eda cuando embarcaci\u00f3n se hundi\u00f3 en Reloncav\u00ed"},"content":{"rendered":"\n<p>A trav\u00e9s de una declaraci\u00f3n p\u00fablica, la empresa Salmones Austral confirm\u00f3 que la embarcaci\u00f3n Ko\u00f1imo I se hundi\u00f3 mientras la tripulaci\u00f3n descansaba al interior de la nave, en un episodio que mantiene a la zona marcada por la incertidumbre y el luto.<\/p>\n\n\n\n<p>El siniestro mar\u00edtimo, registrado en la regi\u00f3n de Los Lagos, deja hasta ahora un saldo provisorio de dos personas fallecidas, cuatro desaparecidas y dos sobrevivientes, mientras las labores de b\u00fasqueda contin\u00faan desplegadas en el \u00e1rea.<\/p>\n\n\n\n<p>Seg\u00fan detall\u00f3 la compa\u00f1\u00eda, la informaci\u00f3n recopilada apunta a que la embarcaci\u00f3n se encontraba fondeada a unos 70 metros de la costa y bajo condiciones clim\u00e1ticas consideradas normales al momento del hundimiento. Asimismo, precisaron que la nave hab\u00eda concluido sus labores a las 18.00 horas del lunes, por lo que no se realizaban faenas cuando ocurri\u00f3 la emergencia.<\/p>\n\n\n\n<p>Salmones Austral tambi\u00e9n aclar\u00f3 que la empresa Ko\u00f1imo, propietaria de la embarcaci\u00f3n, presta servicios de manera espor\u00e1dica y que la nave contaba con su documentaci\u00f3n vigente. Tras conocer el hecho, indicaron haber activado recursos t\u00e9cnicos y humanos, incluyendo buzos especializados, ROVs submarinos y embarcaciones de apoyo.<\/p>\n\n\n\n<p>Finalmente, la firma asegur\u00f3 que mantendr\u00e1 sus equipos en terreno y solicit\u00f3 una investigaci\u00f3n para esclarecer las causas del hundimiento.<\/p>\n\n\n\n<p>\ud83d\udcf7 Redes Sociales<\/p>\n","protected":false},"excerpt":{"rendered":"<p>A trav\u00e9s de una declaraci\u00f3n p\u00fablica, la empresa Salmones Austral confirm\u00f3 que la embarcaci\u00f3n Ko\u00f1imo I se hundi\u00f3 mientras la tripulaci\u00f3n descansaba al interior de la nave, en un episodio..<\/p>\n","protected":false},"author":2,"featured_media":18323,"comment_status":"closed","ping_status":"open","sticky":false,"template":"","format":"standard","meta":{"footnotes":""},"categories":[1,28,56],"tags":[],"class_list":["post-18322","post","type-post","status-publish","format-standard","has-post-thumbnail","hentry","category-acontecer","category-actual","category-puerto-montt"],"rttpg_featured_image_url":{"full":["https:\/\/elconquistadorredloslagos.cl\/test\/wp-content\/uploads\/2026\/01\/img-154.jpg",1920,1080,false],"landscape":["https:\/\/elconquistadorredloslagos.cl\/test\/wp-content\/uploads\/2026\/01\/img-154.jpg",1920,1080,false],"portraits":["https:\/\/elconquistadorredloslagos.cl\/test\/wp-content\/uploads\/2026\/01\/img-154.jpg",1920,1080,false],"thumbnail":["https:\/\/elconquistadorredloslagos.cl\/test\/wp-content\/uploads\/2026\/01\/img-154-150x150.jpg",150,150,true],"medium":["https:\/\/elconquistadorredloslagos.cl\/test\/wp-content\/uploads\/2026\/01\/img-154-300x169.jpg",300,169,true],"large":["https:\/\/elconquistadorredloslagos.cl\/test\/wp-content\/uploads\/2026\/01\/img-154-1024x576.jpg",1024,576,true],"1536x1536":["https:\/\/elconquistadorredloslagos.cl\/test\/wp-content\/uploads\/2026\/01\/img-154-1536x864.jpg",1536,864,true],"2048x2048":["https:\/\/elconquistadorredloslagos.cl\/test\/wp-content\/uploads\/2026\/01\/img-154.jpg",1920,1080,false]},"rttpg_author":{"display_name":"ccardenas","author_link":"https:\/\/elconquistadorredloslagos.cl\/test\/blog\/author\/ccardenas\/"},"rttpg_comment":0,"rttpg_category":"<a href=\"https:\/\/elconquistadorredloslagos.cl\/test\/blog\/category\/actual\/acontecer\/\" rel=\"category tag\">Acontecer<\/a> <a href=\"https:\/\/elconquistadorredloslagos.cl\/test\/blog\/category\/actual\/\" rel=\"category tag\">Actualidad<\/a> <a href=\"https:\/\/elconquistadorredloslagos.cl\/test\/blog\/category\/chile\/puerto-montt\/\" rel=\"category tag\">Puerto Montt<\/a>","rttpg_excerpt":"A trav\u00e9s de una declaraci\u00f3n p\u00fablica, la empresa Salmones Austral confirm\u00f3 que la embarcaci\u00f3n Ko\u00f1imo I se hundi\u00f3 mientras la tripulaci\u00f3n descansaba al interior de la nave, en un episodio..","_links":{"self":[{"href":"https:\/\/elconquistadorredloslagos.cl\/test\/wp-json\/wp\/v2\/posts\/18322","targetHints":{"allow":["GET"]}}],"collection":[{"href":"https:\/\/elconquistadorredloslagos.cl\/test\/wp-json\/wp\/v2\/posts"}],"about":[{"href":"https:\/\/elconquistadorredloslagos.cl\/test\/wp-json\/wp\/v2\/types\/post"}],"author":[{"embeddable":true,"href":"https:\/\/elconquistadorredloslagos.cl\/test\/wp-json\/wp\/v2\/users\/2"}],"replies":[{"embeddable":true,"href":"https:\/\/elconquistadorredloslagos.cl\/test\/wp-json\/wp\/v2\/comments?post=18322"}],"version-history":[{"count":1,"href":"https:\/\/elconquistadorredloslagos.cl\/test\/wp-json\/wp\/v2\/posts\/18322\/revisions"}],"predecessor-version":[{"id":18324,"href":"https:\/\/elconquistadorredloslagos.cl\/test\/wp-json\/wp\/v2\/posts\/18322\/revisions\/18324"}],"wp:featuredmedia":[{"embeddable":true,"href":"https:\/\/elconquistadorredloslagos.cl\/test\/wp-json\/wp\/v2\/media\/18323"}],"wp:attachment":[{"href":"https:\/\/elconquistadorredloslagos.cl\/test\/wp-json\/wp\/v2\/media?parent=18322"}],"wp:term":[{"taxonomy":"category","embeddable":true,"href":"https:\/\/elconquistadorredloslagos.cl\/test\/wp-json\/wp\/v2\/categories?post=18322"},{"taxonomy":"post_tag","embeddable":true,"href":"https:\/\/elconquistadorredloslagos.cl\/test\/wp-json\/wp\/v2\/tags?post=18322"}],"curies":[{"name":"wp","href":"https:\/\/api.w.org\/{rel}","templated":true}]}}