{"id":18315,"date":"2026-01-27T22:41:59","date_gmt":"2026-01-28T01:41:59","guid":{"rendered":"https:\/\/elconquistadorredloslagos.cl\/test\/?p=18315"},"modified":"2026-01-27T22:41:59","modified_gmt":"2026-01-28T01:41:59","slug":"festival-de-la-leche-y-la-carne-de-osorno-2026-sera-gratis-su-ingreso-y-artistas-confirmados","status":"publish","type":"post","link":"https:\/\/elconquistadorredloslagos.cl\/test\/blog\/2026\/01\/27\/festival-de-la-leche-y-la-carne-de-osorno-2026-sera-gratis-su-ingreso-y-artistas-confirmados\/","title":{"rendered":"Festival de la Leche y la Carne de Osorno 2026, ser\u00e1 gratis su ingreso y artistas confirmados"},"content":{"rendered":"\n<p><\/p>\n\n\n\n<h2 class=\"wp-block-heading\"><br>La parrilla art\u00edstica del <strong>Festival de la Leche y la Carne de Osorno 2026<\/strong> ya est\u00e1 completamente confirmada. El evento se realizar\u00e1 los d\u00edas <strong>viernes 13, s\u00e1bado 14 y domingo 15 de febrero<\/strong> en el <strong>Parque Chuyaca<\/strong>, en la Regi\u00f3n de Los Lagos, con <strong>entrada gratuita hasta completar aforo<\/strong>.<\/h2>\n\n\n\n<p>La programaci\u00f3n fue presentada en un show abierto al p\u00fablico desarrollado este lunes en la Plaza de Armas. Durante la actividad, el alcalde de Osorno, <strong>Jaime Bertin<\/strong>, destac\u00f3 que este a\u00f1o el ingreso ser\u00e1 liberado, lo que permitir\u00e1 mayor acceso a las familias y visitantes que cada verano disfrutan del tradicional festival.<\/p>\n\n\n\n<p>Adem\u00e1s, el cierre estar\u00e1 marcado por el reconocido concurso gastron\u00f3mico <strong>\u201cOsorno Asador\u201d<\/strong>, uno de los panoramas m\u00e1s esperados por la comunidad, que incluir\u00e1 m\u00fasica en vivo y degustaciones.<\/p>\n\n\n\n<hr class=\"wp-block-separator has-alpha-channel-opacity\" \/>\n\n\n\n<h2 class=\"wp-block-heading\"><strong>Programaci\u00f3n \u2013 Festival de la Leche y la Carne de Osorno 2026<\/strong><\/h2>\n\n\n\n<h3 class=\"wp-block-heading\"><strong>Viernes 13 de febrero<\/strong><\/h3>\n\n\n\n<ul class=\"wp-block-list\">\n<li><strong>Juanpi Oyarzo<\/strong><\/li>\n\n\n\n<li><strong>Andr\u00e9s de Le\u00f3n<\/strong><\/li>\n\n\n\n<li><strong>Los V\u00e1squez<\/strong><\/li>\n<\/ul>\n\n\n\n<h3 class=\"wp-block-heading\"><strong>S\u00e1bado 14 de febrero<\/strong><\/h3>\n\n\n\n<ul class=\"wp-block-list\">\n<li><strong>D\u00e9cimo<\/strong><\/li>\n\n\n\n<li><strong>Bombo Fica<\/strong><\/li>\n\n\n\n<li><strong>Mar\u00eda Jos\u00e9 Quintanilla<\/strong><\/li>\n<\/ul>\n\n\n\n<h3 class=\"wp-block-heading\"><strong>Domingo 15 de febrero<\/strong><\/h3>\n\n\n\n<ul class=\"wp-block-list\">\n<li><strong>Concurso \u201cOsorno Asador\u201d<\/strong><br>M\u00fasica en vivo y actividades gastron\u00f3micas.<\/li>\n<\/ul>\n\n\n\n<p>Adem\u00e1s de los espect\u00e1culos musicales y actividades gastron\u00f3micas, el Festival de la Leche y la Carne 2026 busca posicionarse nuevamente como uno de los eventos estivales m\u00e1s importantes del sur de Chile. La Municipalidad de Osorno destac\u00f3 que esta celebraci\u00f3n no solo promueve la identidad local asociada a la producci\u00f3n lechera y ganadera, sino que tambi\u00e9n dinamiza el comercio, el turismo y la oferta cultural de la comuna durante la temporada alta, atrayendo a miles de visitantes provenientes de distintas regiones del pa\u00eds.<\/p>\n","protected":false},"excerpt":{"rendered":"<p>La parrilla art\u00edstica del Festival de la Leche y la Carne de Osorno 2026 ya est\u00e1 completamente confirmada. El evento se realizar\u00e1 los d\u00edas viernes 13, s\u00e1bado 14 y domingo..<\/p>\n","protected":false},"author":9,"featured_media":18316,"comment_status":"closed","ping_status":"open","sticky":false,"template":"","format":"standard","meta":{"footnotes":""},"categories":[28,26,34,39,52,55,29],"tags":[],"class_list":["post-18315","post","type-post","status-publish","format-standard","has-post-thumbnail","hentry","category-actual","category-comunidad","category-cultura","category-educacion","category-chile","category-osorno","category-turismo"],"rttpg_featured_image_url":{"full":["https:\/\/elconquistadorredloslagos.cl\/test\/wp-content\/uploads\/2026\/01\/festival_de_la_leche_y_la_carne_de_osorno_2026_programacion_artista.jpg",1920,1368,false],"landscape":["https:\/\/elconquistadorredloslagos.cl\/test\/wp-content\/uploads\/2026\/01\/festival_de_la_leche_y_la_carne_de_osorno_2026_programacion_artista.jpg",1920,1368,false],"portraits":["https:\/\/elconquistadorredloslagos.cl\/test\/wp-content\/uploads\/2026\/01\/festival_de_la_leche_y_la_carne_de_osorno_2026_programacion_artista.jpg",1920,1368,false],"thumbnail":["https:\/\/elconquistadorredloslagos.cl\/test\/wp-content\/uploads\/2026\/01\/festival_de_la_leche_y_la_carne_de_osorno_2026_programacion_artista-150x150.jpg",150,150,true],"medium":["https:\/\/elconquistadorredloslagos.cl\/test\/wp-content\/uploads\/2026\/01\/festival_de_la_leche_y_la_carne_de_osorno_2026_programacion_artista-300x214.jpg",300,214,true],"large":["https:\/\/elconquistadorredloslagos.cl\/test\/wp-content\/uploads\/2026\/01\/festival_de_la_leche_y_la_carne_de_osorno_2026_programacion_artista-1024x730.jpg",1024,730,true],"1536x1536":["https:\/\/elconquistadorredloslagos.cl\/test\/wp-content\/uploads\/2026\/01\/festival_de_la_leche_y_la_carne_de_osorno_2026_programacion_artista-1536x1094.jpg",1536,1094,true],"2048x2048":["https:\/\/elconquistadorredloslagos.cl\/test\/wp-content\/uploads\/2026\/01\/festival_de_la_leche_y_la_carne_de_osorno_2026_programacion_artista.jpg",1920,1368,false]},"rttpg_author":{"display_name":"mcifuentes","author_link":"https:\/\/elconquistadorredloslagos.cl\/test\/blog\/author\/mcifuentes\/"},"rttpg_comment":0,"rttpg_category":"<a href=\"https:\/\/elconquistadorredloslagos.cl\/test\/blog\/category\/actual\/\" rel=\"category tag\">Actualidad<\/a> <a href=\"https:\/\/elconquistadorredloslagos.cl\/test\/blog\/category\/comunidad\/\" rel=\"category tag\">Comunidad<\/a> <a href=\"https:\/\/elconquistadorredloslagos.cl\/test\/blog\/category\/cultura\/\" rel=\"category tag\">Cultural<\/a> <a href=\"https:\/\/elconquistadorredloslagos.cl\/test\/blog\/category\/actual\/educacion\/\" rel=\"category tag\">Educaci\u00f3n<\/a> <a href=\"https:\/\/elconquistadorredloslagos.cl\/test\/blog\/category\/chile\/\" rel=\"category tag\">Nacional<\/a> <a href=\"https:\/\/elconquistadorredloslagos.cl\/test\/blog\/category\/chile\/osorno\/\" rel=\"category tag\">Osorno<\/a> <a href=\"https:\/\/elconquistadorredloslagos.cl\/test\/blog\/category\/actual\/turismo\/\" rel=\"category tag\">Turismo<\/a>","rttpg_excerpt":"La parrilla art\u00edstica del Festival de la Leche y la Carne de Osorno 2026 ya est\u00e1 completamente confirmada. El evento se realizar\u00e1 los d\u00edas viernes 13, s\u00e1bado 14 y domingo..","_links":{"self":[{"href":"https:\/\/elconquistadorredloslagos.cl\/test\/wp-json\/wp\/v2\/posts\/18315","targetHints":{"allow":["GET"]}}],"collection":[{"href":"https:\/\/elconquistadorredloslagos.cl\/test\/wp-json\/wp\/v2\/posts"}],"about":[{"href":"https:\/\/elconquistadorredloslagos.cl\/test\/wp-json\/wp\/v2\/types\/post"}],"author":[{"embeddable":true,"href":"https:\/\/elconquistadorredloslagos.cl\/test\/wp-json\/wp\/v2\/users\/9"}],"replies":[{"embeddable":true,"href":"https:\/\/elconquistadorredloslagos.cl\/test\/wp-json\/wp\/v2\/comments?post=18315"}],"version-history":[{"count":1,"href":"https:\/\/elconquistadorredloslagos.cl\/test\/wp-json\/wp\/v2\/posts\/18315\/revisions"}],"predecessor-version":[{"id":18317,"href":"https:\/\/elconquistadorredloslagos.cl\/test\/wp-json\/wp\/v2\/posts\/18315\/revisions\/18317"}],"wp:featuredmedia":[{"embeddable":true,"href":"https:\/\/elconquistadorredloslagos.cl\/test\/wp-json\/wp\/v2\/media\/18316"}],"wp:attachment":[{"href":"https:\/\/elconquistadorredloslagos.cl\/test\/wp-json\/wp\/v2\/media?parent=18315"}],"wp:term":[{"taxonomy":"category","embeddable":true,"href":"https:\/\/elconquistadorredloslagos.cl\/test\/wp-json\/wp\/v2\/categories?post=18315"},{"taxonomy":"post_tag","embeddable":true,"href":"https:\/\/elconquistadorredloslagos.cl\/test\/wp-json\/wp\/v2\/tags?post=18315"}],"curies":[{"name":"wp","href":"https:\/\/api.w.org\/{rel}","templated":true}]}}