{"id":18309,"date":"2026-01-27T13:14:30","date_gmt":"2026-01-27T16:14:30","guid":{"rendered":"https:\/\/elconquistadorredloslagos.cl\/test\/?p=18309"},"modified":"2026-01-27T13:14:30","modified_gmt":"2026-01-27T16:14:30","slug":"vegetacion-seca-eleva-riesgo-de-incendios-forestales-en-ruta-maullin-carelmapu","status":"publish","type":"post","link":"https:\/\/elconquistadorredloslagos.cl\/test\/blog\/2026\/01\/27\/vegetacion-seca-eleva-riesgo-de-incendios-forestales-en-ruta-maullin-carelmapu\/","title":{"rendered":"Vegetaci\u00f3n seca eleva riesgo de incendios forestales en ruta Maull\u00edn\u2013Carelmapu"},"content":{"rendered":"\n<p>Una combinaci\u00f3n peligrosa de vegetaci\u00f3n seca, pastizales sin desbrozar y espinillos acumulados a un costado de la ruta mantiene en alerta a vecinos y conductores que transitan entre Maull\u00edn y Carelmapu. La situaci\u00f3n, advierten, configura un escenario propicio para la ocurrencia de incendios forestales, especialmente en la antesala de la Fiesta de la Virgen de la Candelaria, que cada a\u00f1o convoca a cientos de personas los d\u00edas 1 y 2 de febrero.<\/p>\n\n\n\n<p>El material combustible presente en la faja fiscal no solo reduce la visibilidad y afecta la seguridad vial, sino que tambi\u00e9n act\u00faa como un verdadero corredor de fuego ante cualquier chispa, colilla o desperfecto vehicular. El riesgo se incrementa con el aumento del flujo vehicular y peatonal, particularmente de peregrinos que se desplazan por la berma en tramos donde no existe despeje adecuado.<\/p>\n\n\n\n<p>Desde la comunidad apuntan a la falta de mantenci\u00f3n preventiva en un sector que depende de la Direcci\u00f3n de Vialidad del Ministerio de Obras P\u00fablicas. Seg\u00fan indican, actualmente no habr\u00eda una empresa ejecutando labores de limpieza, lo que agrava la exposici\u00f3n frente a emergencias en plena temporada estival.<\/p>\n\n\n\n<p>Ante este panorama, vecinos realizaron un llamado urgente a las autoridades para ejecutar trabajos de despeje y control de vegetaci\u00f3n, con el fin de prevenir incendios y resguardar la seguridad de residentes y visitantes durante actividades de alta concurrencia.<\/p>\n\n\n\n<p>\ud83d\udcf7 Referencial<\/p>\n","protected":false},"excerpt":{"rendered":"<p>Una combinaci\u00f3n peligrosa de vegetaci\u00f3n seca, pastizales sin desbrozar y espinillos acumulados a un costado de la ruta mantiene en alerta a vecinos y conductores que transitan entre Maull\u00edn y..<\/p>\n","protected":false},"author":2,"featured_media":18310,"comment_status":"closed","ping_status":"open","sticky":false,"template":"","format":"standard","meta":{"footnotes":""},"categories":[1,28,56],"tags":[],"class_list":["post-18309","post","type-post","status-publish","format-standard","has-post-thumbnail","hentry","category-acontecer","category-actual","category-puerto-montt"],"rttpg_featured_image_url":{"full":["https:\/\/elconquistadorredloslagos.cl\/test\/wp-content\/uploads\/2026\/01\/img-151.jpg",1920,1080,false],"landscape":["https:\/\/elconquistadorredloslagos.cl\/test\/wp-content\/uploads\/2026\/01\/img-151.jpg",1920,1080,false],"portraits":["https:\/\/elconquistadorredloslagos.cl\/test\/wp-content\/uploads\/2026\/01\/img-151.jpg",1920,1080,false],"thumbnail":["https:\/\/elconquistadorredloslagos.cl\/test\/wp-content\/uploads\/2026\/01\/img-151-150x150.jpg",150,150,true],"medium":["https:\/\/elconquistadorredloslagos.cl\/test\/wp-content\/uploads\/2026\/01\/img-151-300x169.jpg",300,169,true],"large":["https:\/\/elconquistadorredloslagos.cl\/test\/wp-content\/uploads\/2026\/01\/img-151-1024x576.jpg",1024,576,true],"1536x1536":["https:\/\/elconquistadorredloslagos.cl\/test\/wp-content\/uploads\/2026\/01\/img-151-1536x864.jpg",1536,864,true],"2048x2048":["https:\/\/elconquistadorredloslagos.cl\/test\/wp-content\/uploads\/2026\/01\/img-151.jpg",1920,1080,false]},"rttpg_author":{"display_name":"ccardenas","author_link":"https:\/\/elconquistadorredloslagos.cl\/test\/blog\/author\/ccardenas\/"},"rttpg_comment":0,"rttpg_category":"<a href=\"https:\/\/elconquistadorredloslagos.cl\/test\/blog\/category\/actual\/acontecer\/\" rel=\"category tag\">Acontecer<\/a> <a href=\"https:\/\/elconquistadorredloslagos.cl\/test\/blog\/category\/actual\/\" rel=\"category tag\">Actualidad<\/a> <a href=\"https:\/\/elconquistadorredloslagos.cl\/test\/blog\/category\/chile\/puerto-montt\/\" rel=\"category tag\">Puerto Montt<\/a>","rttpg_excerpt":"Una combinaci\u00f3n peligrosa de vegetaci\u00f3n seca, pastizales sin desbrozar y espinillos acumulados a un costado de la ruta mantiene en alerta a vecinos y conductores que transitan entre Maull\u00edn y..","_links":{"self":[{"href":"https:\/\/elconquistadorredloslagos.cl\/test\/wp-json\/wp\/v2\/posts\/18309","targetHints":{"allow":["GET"]}}],"collection":[{"href":"https:\/\/elconquistadorredloslagos.cl\/test\/wp-json\/wp\/v2\/posts"}],"about":[{"href":"https:\/\/elconquistadorredloslagos.cl\/test\/wp-json\/wp\/v2\/types\/post"}],"author":[{"embeddable":true,"href":"https:\/\/elconquistadorredloslagos.cl\/test\/wp-json\/wp\/v2\/users\/2"}],"replies":[{"embeddable":true,"href":"https:\/\/elconquistadorredloslagos.cl\/test\/wp-json\/wp\/v2\/comments?post=18309"}],"version-history":[{"count":1,"href":"https:\/\/elconquistadorredloslagos.cl\/test\/wp-json\/wp\/v2\/posts\/18309\/revisions"}],"predecessor-version":[{"id":18311,"href":"https:\/\/elconquistadorredloslagos.cl\/test\/wp-json\/wp\/v2\/posts\/18309\/revisions\/18311"}],"wp:featuredmedia":[{"embeddable":true,"href":"https:\/\/elconquistadorredloslagos.cl\/test\/wp-json\/wp\/v2\/media\/18310"}],"wp:attachment":[{"href":"https:\/\/elconquistadorredloslagos.cl\/test\/wp-json\/wp\/v2\/media?parent=18309"}],"wp:term":[{"taxonomy":"category","embeddable":true,"href":"https:\/\/elconquistadorredloslagos.cl\/test\/wp-json\/wp\/v2\/categories?post=18309"},{"taxonomy":"post_tag","embeddable":true,"href":"https:\/\/elconquistadorredloslagos.cl\/test\/wp-json\/wp\/v2\/tags?post=18309"}],"curies":[{"name":"wp","href":"https:\/\/api.w.org\/{rel}","templated":true}]}}