{"id":18299,"date":"2026-01-27T12:47:14","date_gmt":"2026-01-27T15:47:14","guid":{"rendered":"https:\/\/elconquistadorredloslagos.cl\/test\/?p=18299"},"modified":"2026-01-27T12:47:15","modified_gmt":"2026-01-27T15:47:15","slug":"saesa-entrego-capacitacion-en-seguridad-durante-expo-bosque-2026-realizada-en-chonchi","status":"publish","type":"post","link":"https:\/\/elconquistadorredloslagos.cl\/test\/blog\/2026\/01\/27\/saesa-entrego-capacitacion-en-seguridad-durante-expo-bosque-2026-realizada-en-chonchi\/","title":{"rendered":"Saesa entreg\u00f3 capacitaci\u00f3n en seguridad durante Expo Bosque 2026 realizada en Chonchi"},"content":{"rendered":"\n<p>Con un stand informativo y dos charlas enfocadas en seguridad laboral, Saesa particip\u00f3 en la 20\u00b0 versi\u00f3n de la Expo Bosque 2026, evento realizado en el parque municipal del sector Notuco, en la comuna de Chonchi.<\/p>\n\n\n\n<p>Las charlas abordaron el correcto desarrollo de labores forestales, poniendo \u00e9nfasis en el uso adecuado de motosierras y en la importancia de utilizar elementos de protecci\u00f3n personal, como pantalones anticorte, con el objetivo de resguardar la seguridad de los trabajadores que desempe\u00f1an este tipo de faenas. Estas instancias fueron impartidas por la empresa contratista Serfoinza. Adem\u00e1s, en apoyo de la Mutual de Seguridad, se realiz\u00f3 una charla preventiva sobre el hanta virus, abordando medidas de cuidado y protocolos a seguir en faenas realizadas en sectores rurales.<\/p>\n\n\n\n<p>En este contexto, Samuel Trujillo, jefe de Zona de Saesa, recalc\u00f3 que la seguridad es un valor intransable. <\/p>\n\n\n\n<figure class=\"wp-block-audio\"><audio controls src=\"https:\/\/elconquistadorredloslagos.cl\/test\/wp-content\/uploads\/2026\/01\/Samuel-Trujillo-cuna-27-01.mp3\"><\/audio><\/figure>\n\n\n\n<p>Asimismo, la jefa provincial de Conaf, Claudia Guineo, destac\u00f3 la relevancia de estas instancias de capacitaci\u00f3n: <\/p>\n\n\n\n<figure class=\"wp-block-audio\"><audio controls src=\"https:\/\/elconquistadorredloslagos.cl\/test\/wp-content\/uploads\/2026\/01\/Claudia-Guineo-cuna-27-01.mp3\"><\/audio><\/figure>\n\n\n\n<p>Durante la jornada, Saesa tambi\u00e9n dispuso de un stand informativo con antecedentes del programa \u201cMira para Arriba\u201d, cuyo objetivo es educar y concientizar a la comunidad sobre los riesgos el\u00e9ctricos presentes en trabajos que se realizan cerca del tendido el\u00e9ctrico. Este programa se implementa a trav\u00e9s de charlas dirigidas a organizaciones sociales, p\u00fablicas y privadas, entregando herramientas de prevenci\u00f3n y seguridad para evitar accidentes.<\/p>\n\n\n\n<p>Finalmente, se difundi\u00f3 informaci\u00f3n relacionada con la tenencia responsable de mascotas, iniciativa que busca generar conciencia sobre los riesgos asociados a ataques de perros, tanto callejeros como domiciliados, a trabajadores del \u00e1rea de lectura de medidores y reparto de boletas, quienes se encuentran frecuentemente expuestos a este tipo de situaciones.<\/p>\n\n\n\n<figure class=\"wp-block-gallery has-nested-images columns-default is-cropped wp-block-gallery-1 is-layout-flex wp-block-gallery-is-layout-flex\">\n<figure class=\"wp-block-image size-large\"><img loading=\"lazy\" decoding=\"async\" width=\"1024\" height=\"768\" data-id=\"18305\" src=\"https:\/\/elconquistadorredloslagos.cl\/test\/wp-content\/uploads\/2026\/01\/WhatsApp-Image-2026-01-26-at-09.42.58-1024x768.jpeg\" alt=\"\" class=\"wp-image-18305\" \/><\/figure>\n\n\n\n<figure class=\"wp-block-image size-large\"><img loading=\"lazy\" decoding=\"async\" width=\"1024\" height=\"768\" data-id=\"18307\" src=\"https:\/\/elconquistadorredloslagos.cl\/test\/wp-content\/uploads\/2026\/01\/WhatsApp-Image-2026-01-26-at-09.42.59-1024x768.jpeg\" alt=\"\" class=\"wp-image-18307\" \/><\/figure>\n\n\n\n<figure class=\"wp-block-image size-large\"><img loading=\"lazy\" decoding=\"async\" width=\"1024\" height=\"768\" data-id=\"18306\" src=\"https:\/\/elconquistadorredloslagos.cl\/test\/wp-content\/uploads\/2026\/01\/WhatsApp-Image-2026-01-26-at-09.42.58888-1024x768.jpeg\" alt=\"\" class=\"wp-image-18306\" \/><\/figure>\n<\/figure>\n","protected":false},"excerpt":{"rendered":"<p>Con un stand informativo y dos charlas enfocadas en seguridad laboral, Saesa particip\u00f3 en la 20\u00b0 versi\u00f3n de la Expo Bosque 2026, evento realizado en el parque municipal del sector..<\/p>\n","protected":false},"author":2,"featured_media":18304,"comment_status":"closed","ping_status":"open","sticky":false,"template":"","format":"standard","meta":{"footnotes":""},"categories":[1,28,51],"tags":[],"class_list":["post-18299","post","type-post","status-publish","format-standard","has-post-thumbnail","hentry","category-acontecer","category-actual","category-chiloe"],"rttpg_featured_image_url":{"full":["https:\/\/elconquistadorredloslagos.cl\/test\/wp-content\/uploads\/2026\/01\/img-150.jpg",1920,1080,false],"landscape":["https:\/\/elconquistadorredloslagos.cl\/test\/wp-content\/uploads\/2026\/01\/img-150.jpg",1920,1080,false],"portraits":["https:\/\/elconquistadorredloslagos.cl\/test\/wp-content\/uploads\/2026\/01\/img-150.jpg",1920,1080,false],"thumbnail":["https:\/\/elconquistadorredloslagos.cl\/test\/wp-content\/uploads\/2026\/01\/img-150-150x150.jpg",150,150,true],"medium":["https:\/\/elconquistadorredloslagos.cl\/test\/wp-content\/uploads\/2026\/01\/img-150-300x169.jpg",300,169,true],"large":["https:\/\/elconquistadorredloslagos.cl\/test\/wp-content\/uploads\/2026\/01\/img-150-1024x576.jpg",1024,576,true],"1536x1536":["https:\/\/elconquistadorredloslagos.cl\/test\/wp-content\/uploads\/2026\/01\/img-150-1536x864.jpg",1536,864,true],"2048x2048":["https:\/\/elconquistadorredloslagos.cl\/test\/wp-content\/uploads\/2026\/01\/img-150.jpg",1920,1080,false]},"rttpg_author":{"display_name":"ccardenas","author_link":"https:\/\/elconquistadorredloslagos.cl\/test\/blog\/author\/ccardenas\/"},"rttpg_comment":0,"rttpg_category":"<a href=\"https:\/\/elconquistadorredloslagos.cl\/test\/blog\/category\/actual\/acontecer\/\" rel=\"category tag\">Acontecer<\/a> <a href=\"https:\/\/elconquistadorredloslagos.cl\/test\/blog\/category\/actual\/\" rel=\"category tag\">Actualidad<\/a> <a href=\"https:\/\/elconquistadorredloslagos.cl\/test\/blog\/category\/chile\/chiloe\/\" rel=\"category tag\">Chilo\u00e9<\/a>","rttpg_excerpt":"Con un stand informativo y dos charlas enfocadas en seguridad laboral, Saesa particip\u00f3 en la 20\u00b0 versi\u00f3n de la Expo Bosque 2026, evento realizado en el parque municipal del sector..","_links":{"self":[{"href":"https:\/\/elconquistadorredloslagos.cl\/test\/wp-json\/wp\/v2\/posts\/18299","targetHints":{"allow":["GET"]}}],"collection":[{"href":"https:\/\/elconquistadorredloslagos.cl\/test\/wp-json\/wp\/v2\/posts"}],"about":[{"href":"https:\/\/elconquistadorredloslagos.cl\/test\/wp-json\/wp\/v2\/types\/post"}],"author":[{"embeddable":true,"href":"https:\/\/elconquistadorredloslagos.cl\/test\/wp-json\/wp\/v2\/users\/2"}],"replies":[{"embeddable":true,"href":"https:\/\/elconquistadorredloslagos.cl\/test\/wp-json\/wp\/v2\/comments?post=18299"}],"version-history":[{"count":1,"href":"https:\/\/elconquistadorredloslagos.cl\/test\/wp-json\/wp\/v2\/posts\/18299\/revisions"}],"predecessor-version":[{"id":18308,"href":"https:\/\/elconquistadorredloslagos.cl\/test\/wp-json\/wp\/v2\/posts\/18299\/revisions\/18308"}],"wp:featuredmedia":[{"embeddable":true,"href":"https:\/\/elconquistadorredloslagos.cl\/test\/wp-json\/wp\/v2\/media\/18304"}],"wp:attachment":[{"href":"https:\/\/elconquistadorredloslagos.cl\/test\/wp-json\/wp\/v2\/media?parent=18299"}],"wp:term":[{"taxonomy":"category","embeddable":true,"href":"https:\/\/elconquistadorredloslagos.cl\/test\/wp-json\/wp\/v2\/categories?post=18299"},{"taxonomy":"post_tag","embeddable":true,"href":"https:\/\/elconquistadorredloslagos.cl\/test\/wp-json\/wp\/v2\/tags?post=18299"}],"curies":[{"name":"wp","href":"https:\/\/api.w.org\/{rel}","templated":true}]}}