{"id":18291,"date":"2026-01-27T12:35:58","date_gmt":"2026-01-27T15:35:58","guid":{"rendered":"https:\/\/elconquistadorredloslagos.cl\/test\/?p=18291"},"modified":"2026-01-27T12:35:58","modified_gmt":"2026-01-27T15:35:58","slug":"dalcahue-fue-protagonista-de-la-regata-bicentenario-en-el-marco-de-los-200-anos-de-chiloe","status":"publish","type":"post","link":"https:\/\/elconquistadorredloslagos.cl\/test\/blog\/2026\/01\/27\/dalcahue-fue-protagonista-de-la-regata-bicentenario-en-el-marco-de-los-200-anos-de-chiloe\/","title":{"rendered":"Dalcahue fue protagonista de la Regata Bicentenario en el marco de los 200 a\u00f1os de Chilo\u00e9"},"content":{"rendered":"\n<p>Una verdadera fiesta comunitaria se vivi\u00f3 este lunes en Dalcahue, en el marco de la conmemoraci\u00f3n de los 200 a\u00f1os de Chilo\u00e9 como parte de la Rep\u00fablica de Chile, con la llegada del primer tramo de la Regata Chilo\u00e9 Aramco 2026, que reuni\u00f3 a cerca de 70 yates competitivos y m\u00e1s de 500 personas navegando por el archipi\u00e9lago.<\/p>\n\n\n\n<p>La comuna abri\u00f3 sus brazos al mar para recibir esta hist\u00f3rica navegaci\u00f3n, relevando su profunda identidad mar\u00edtima y su v\u00ednculo ancestral con las rutas que, por d\u00e9cadas y siglos, permitieron el comercio, el transporte y el sustento de sus habitantes. Dalcahue no fue solo un punto de llegada, sino el coraz\u00f3n de una jornada cargada de memoria, tradici\u00f3n y orgullo local.<\/p>\n\n\n\n<p>En este contexto, la municipalidad de Dalcahue realiz\u00f3 un sentido reconocimiento a vecinas y vecinos ligados a los oficios del mar, entregando la Medalla Bicentenario, creada especialmente para destacar a personas que representan la historia viva de la comuna y del archipi\u00e9lago.<\/p>\n\n\n\n<p><strong>Medalla Bicentenario<\/strong><\/p>\n\n\n\n<p>Los homenajeados fueron Jos\u00e9 del Tr\u00e1nsito Ojeda Ojeda, carpintero de ribera de San Juan; Sixto Ser\u00f3n Soto, hist\u00f3rico transportista mar\u00edtimo nacido en Changuitad; Guido Iv\u00e1n V\u00e1squez Guerrero, pescador artesanal de Tena\u00fan; Tom\u00e1s Gonzalo Jorquera Pe\u00f1a, joven navegante y defensor de la tradici\u00f3n velera; Luis Edisto Mansilla Aguilar, navegante de la isla Butachauque; y Alejandro Sambrano, buzo de la comuna de Dalcahue.<\/p>\n\n\n\n<p>La alcaldesa Alejandra Villegas destac\u00f3 el sentido profundo de esta jornada:<\/p>\n\n\n\n<figure class=\"wp-block-audio\"><audio controls src=\"https:\/\/elconquistadorredloslagos.cl\/test\/wp-content\/uploads\/2026\/01\/ALCALDESA-VILLEGAS-REGATA.mp3\"><\/audio><\/figure>\n\n\n\n<p><strong>Ganadores primer tramo<\/strong><\/p>\n\n\n\n<p>Asimismo, se realiz\u00f3 la entrega de la Medalla Bicentenario a los ganadores del primer tramo de la regata, correspondiente a la ruta Quinched \u2013 Dalcahue, destacando por primera vez el rol protag\u00f3nico de la comuna en esta hist\u00f3rica navegaci\u00f3n. Los ganadores, por categor\u00eda, fueron: \u201cPura Sangre\u201d (IRC Crucero), \u201cBel\u00e9n\u201d (IRC Regata), \u201cTyphoon\u201d (IRC Cl\u00e1sicos), \u201cChucao\u201d (J\/24), \u201cWichita IV\u201d (J\/105), \u201cPisco Sour\u201d (Soto 40), \u201cAustralis\u201d (Melges 32) y \u201cSantander\u201d (J\/70).<\/p>\n\n\n\n<p>Desde la organizaci\u00f3n de la regata, el presidente del Yacht Club Chilo\u00e9, Alfredo Ch\u00e1vez, valor\u00f3 la recepci\u00f3n de la comuna.<\/p>\n\n\n\n<figure class=\"wp-block-audio\"><audio controls src=\"https:\/\/elconquistadorredloslagos.cl\/test\/wp-content\/uploads\/2026\/01\/REPRESENTANTE-REGATA.mp3\"><\/audio><\/figure>\n\n\n\n<p>La jornada cont\u00f3 adem\u00e1s con la participaci\u00f3n de la banda escolar de Dalcahue y diversas agrupaciones folcl\u00f3ricas locales, dando vida a una celebraci\u00f3n donde el deporte, la cultura, la historia y la comunidad se encontraron frente al mar, reafirmando que Dalcahue sigue siendo un punto clave en la memoria y el presente del Archipi\u00e9lago.<\/p>\n\n\n\n<figure class=\"wp-block-gallery has-nested-images columns-default is-cropped wp-block-gallery-1 is-layout-flex wp-block-gallery-is-layout-flex\">\n<figure class=\"wp-block-image size-large\"><img loading=\"lazy\" decoding=\"async\" width=\"768\" height=\"1024\" data-id=\"18295\" src=\"https:\/\/elconquistadorredloslagos.cl\/test\/wp-content\/uploads\/2026\/01\/PORTADA-1-768x1024.jpeg\" alt=\"\" class=\"wp-image-18295\" \/><\/figure>\n\n\n\n<figure class=\"wp-block-image size-large\"><img loading=\"lazy\" decoding=\"async\" width=\"1024\" height=\"683\" data-id=\"18296\" src=\"https:\/\/elconquistadorredloslagos.cl\/test\/wp-content\/uploads\/2026\/01\/REGATA-ARAMCO-4-1024x683.jpg\" alt=\"\" class=\"wp-image-18296\" \/><\/figure>\n\n\n\n<figure class=\"wp-block-image size-large\"><img loading=\"lazy\" decoding=\"async\" width=\"1024\" height=\"683\" data-id=\"18297\" src=\"https:\/\/elconquistadorredloslagos.cl\/test\/wp-content\/uploads\/2026\/01\/REGATA-ARAMCO-9-1024x683.jpg\" alt=\"\" class=\"wp-image-18297\" \/><\/figure>\n<\/figure>\n","protected":false},"excerpt":{"rendered":"<p>Una verdadera fiesta comunitaria se vivi\u00f3 este lunes en Dalcahue, en el marco de la conmemoraci\u00f3n de los 200 a\u00f1os de Chilo\u00e9 como parte de la Rep\u00fablica de Chile, con..<\/p>\n","protected":false},"author":2,"featured_media":18294,"comment_status":"closed","ping_status":"open","sticky":false,"template":"","format":"standard","meta":{"footnotes":""},"categories":[1,28,51],"tags":[],"class_list":["post-18291","post","type-post","status-publish","format-standard","has-post-thumbnail","hentry","category-acontecer","category-actual","category-chiloe"],"rttpg_featured_image_url":{"full":["https:\/\/elconquistadorredloslagos.cl\/test\/wp-content\/uploads\/2026\/01\/img-149.jpg",1920,1080,false],"landscape":["https:\/\/elconquistadorredloslagos.cl\/test\/wp-content\/uploads\/2026\/01\/img-149.jpg",1920,1080,false],"portraits":["https:\/\/elconquistadorredloslagos.cl\/test\/wp-content\/uploads\/2026\/01\/img-149.jpg",1920,1080,false],"thumbnail":["https:\/\/elconquistadorredloslagos.cl\/test\/wp-content\/uploads\/2026\/01\/img-149-150x150.jpg",150,150,true],"medium":["https:\/\/elconquistadorredloslagos.cl\/test\/wp-content\/uploads\/2026\/01\/img-149-300x169.jpg",300,169,true],"large":["https:\/\/elconquistadorredloslagos.cl\/test\/wp-content\/uploads\/2026\/01\/img-149-1024x576.jpg",1024,576,true],"1536x1536":["https:\/\/elconquistadorredloslagos.cl\/test\/wp-content\/uploads\/2026\/01\/img-149-1536x864.jpg",1536,864,true],"2048x2048":["https:\/\/elconquistadorredloslagos.cl\/test\/wp-content\/uploads\/2026\/01\/img-149.jpg",1920,1080,false]},"rttpg_author":{"display_name":"ccardenas","author_link":"https:\/\/elconquistadorredloslagos.cl\/test\/blog\/author\/ccardenas\/"},"rttpg_comment":0,"rttpg_category":"<a href=\"https:\/\/elconquistadorredloslagos.cl\/test\/blog\/category\/actual\/acontecer\/\" rel=\"category tag\">Acontecer<\/a> <a href=\"https:\/\/elconquistadorredloslagos.cl\/test\/blog\/category\/actual\/\" rel=\"category tag\">Actualidad<\/a> <a href=\"https:\/\/elconquistadorredloslagos.cl\/test\/blog\/category\/chile\/chiloe\/\" rel=\"category tag\">Chilo\u00e9<\/a>","rttpg_excerpt":"Una verdadera fiesta comunitaria se vivi\u00f3 este lunes en Dalcahue, en el marco de la conmemoraci\u00f3n de los 200 a\u00f1os de Chilo\u00e9 como parte de la Rep\u00fablica de Chile, con..","_links":{"self":[{"href":"https:\/\/elconquistadorredloslagos.cl\/test\/wp-json\/wp\/v2\/posts\/18291","targetHints":{"allow":["GET"]}}],"collection":[{"href":"https:\/\/elconquistadorredloslagos.cl\/test\/wp-json\/wp\/v2\/posts"}],"about":[{"href":"https:\/\/elconquistadorredloslagos.cl\/test\/wp-json\/wp\/v2\/types\/post"}],"author":[{"embeddable":true,"href":"https:\/\/elconquistadorredloslagos.cl\/test\/wp-json\/wp\/v2\/users\/2"}],"replies":[{"embeddable":true,"href":"https:\/\/elconquistadorredloslagos.cl\/test\/wp-json\/wp\/v2\/comments?post=18291"}],"version-history":[{"count":1,"href":"https:\/\/elconquistadorredloslagos.cl\/test\/wp-json\/wp\/v2\/posts\/18291\/revisions"}],"predecessor-version":[{"id":18298,"href":"https:\/\/elconquistadorredloslagos.cl\/test\/wp-json\/wp\/v2\/posts\/18291\/revisions\/18298"}],"wp:featuredmedia":[{"embeddable":true,"href":"https:\/\/elconquistadorredloslagos.cl\/test\/wp-json\/wp\/v2\/media\/18294"}],"wp:attachment":[{"href":"https:\/\/elconquistadorredloslagos.cl\/test\/wp-json\/wp\/v2\/media?parent=18291"}],"wp:term":[{"taxonomy":"category","embeddable":true,"href":"https:\/\/elconquistadorredloslagos.cl\/test\/wp-json\/wp\/v2\/categories?post=18291"},{"taxonomy":"post_tag","embeddable":true,"href":"https:\/\/elconquistadorredloslagos.cl\/test\/wp-json\/wp\/v2\/tags?post=18291"}],"curies":[{"name":"wp","href":"https:\/\/api.w.org\/{rel}","templated":true}]}}