{"id":18285,"date":"2026-01-27T11:49:51","date_gmt":"2026-01-27T14:49:51","guid":{"rendered":"https:\/\/elconquistadorredloslagos.cl\/test\/?p=18285"},"modified":"2026-01-28T12:12:38","modified_gmt":"2026-01-28T15:12:38","slug":"naufragio-en-el-estero-de-reloncavi-deja-un-fallecido-y-mantiene-busqueda-de-seis-tripulantes","status":"publish","type":"post","link":"https:\/\/elconquistadorredloslagos.cl\/test\/blog\/2026\/01\/27\/naufragio-en-el-estero-de-reloncavi-deja-un-fallecido-y-mantiene-busqueda-de-seis-tripulantes\/","title":{"rendered":"Naufragio en el Estuario de Reloncav\u00ed deja un fallecido y mantiene b\u00fasqueda de seis tripulantes"},"content":{"rendered":"\n<p>Una emergencia mar\u00edtima se desat\u00f3 durante la madrugada de este martes en el Estuario de Reloncav\u00ed, luego del naufragio del catamar\u00e1n \u201cKo\u00f1imo I\u201d en el sector \u00abRal\u00fan el Este\u00bb, del Estuario de Reloncav\u00ed, en la comuna de Puerto Varas. La embarcaci\u00f3n, que transportaba a ocho personas, se hundi\u00f3 en circunstancias que a\u00fan son materia de investigaci\u00f3n, dejando un saldo preliminar de un fallecido, dos sobrevivientes y seis tripulantes inicialmente desaparecidos.<\/p>\n\n\n\n<p>El hecho involucr\u00f3 a una nave de fondeo que prestaba servicios a un centro de cultivo de la empresa Salmones Austral y que, al momento del accidente, se encontraba amarrada a un m\u00f3dulo en la zona. Tras la alerta, la Armada activ\u00f3 de inmediato un operativo de b\u00fasqueda y salvataje mar\u00edtimo, desplegando un amplio contingente por mar, aire y subsuperficie.<\/p>\n\n\n\n<p>Las labores son encabezadas por la Gobernaci\u00f3n Mar\u00edtima de Puerto Montt y las Capitan\u00edas de Puerto de Puerto Montt y Cocham\u00f3, con apoyo de buzos especializados, un helic\u00f3ptero del Grupo Aeronaval y el uso de tecnolog\u00eda rob\u00f3tica para rastreo acu\u00e1tico. A estas tareas se sumaron medios civiles, entre ellos drones de UAV Chile, el Bote Salvavidas, equipos de gesti\u00f3n del riesgo de desastres de Puerto Varas y personal de Senapred.<\/p>\n\n\n\n<p>El gobernador mar\u00edtimo, capit\u00e1n de Nav\u00edo Litoral Mario Besoa\u00edn, confirm\u00f3 que los protocolos de emergencia permitieron rescatar con vida a dos personas, quienes fueron atendidas conforme a los procedimientos establecidos. Sin embargo, horas m\u00e1s tarde se confirm\u00f3 el hallazgo sin vida de uno de los tripulantes, mientras contin\u00faan las labores para dar con el paradero de los restantes desaparecidos.<\/p>\n\n\n\n<p>Las operaciones de rescate se mantienen activas, mientras el mar guarda a\u00fan respuestas sobre las causas del hundimiento.<\/p>\n\n\n\n<p>\ud83d\udcf7 <a href=\"https:\/\/www.facebook.com\/Clubdecima?__cft__[0]=AZYGfHcRS7W_9fbYxti1hqQqWY4r986nrUZ40n2Ko7fshTVsfvtLSA3GdOYVRcRzGGI4nx1zIGK2cYT7OqXI0CPg-Eint1jEgCWUGNstSFdwHm98eydn0rB5xHYPHmzeoV-9qaepjku1PTehd7BZXHKuJOc4JI8gPhPqgVUQhxqDLp-Tx0OcflMBDZ-NvzaYRXk&amp;__tn__=-UC*F\">Club de Emergencias D\u00e9cima Regi\u00f3n<\/a> &#8211; Facebook<\/p>\n","protected":false},"excerpt":{"rendered":"<p>Una emergencia mar\u00edtima se desat\u00f3 durante la madrugada de este martes en el Estuario de Reloncav\u00ed, luego del naufragio del catamar\u00e1n \u201cKo\u00f1imo I\u201d en el sector \u00abRal\u00fan el Este\u00bb, del..<\/p>\n","protected":false},"author":2,"featured_media":18286,"comment_status":"closed","ping_status":"open","sticky":false,"template":"","format":"standard","meta":{"footnotes":""},"categories":[1,28,56],"tags":[],"class_list":["post-18285","post","type-post","status-publish","format-standard","has-post-thumbnail","hentry","category-acontecer","category-actual","category-puerto-montt"],"rttpg_featured_image_url":{"full":["https:\/\/elconquistadorredloslagos.cl\/test\/wp-content\/uploads\/2026\/01\/img-147.jpg",1920,1080,false],"landscape":["https:\/\/elconquistadorredloslagos.cl\/test\/wp-content\/uploads\/2026\/01\/img-147.jpg",1920,1080,false],"portraits":["https:\/\/elconquistadorredloslagos.cl\/test\/wp-content\/uploads\/2026\/01\/img-147.jpg",1920,1080,false],"thumbnail":["https:\/\/elconquistadorredloslagos.cl\/test\/wp-content\/uploads\/2026\/01\/img-147-150x150.jpg",150,150,true],"medium":["https:\/\/elconquistadorredloslagos.cl\/test\/wp-content\/uploads\/2026\/01\/img-147-300x169.jpg",300,169,true],"large":["https:\/\/elconquistadorredloslagos.cl\/test\/wp-content\/uploads\/2026\/01\/img-147-1024x576.jpg",1024,576,true],"1536x1536":["https:\/\/elconquistadorredloslagos.cl\/test\/wp-content\/uploads\/2026\/01\/img-147-1536x864.jpg",1536,864,true],"2048x2048":["https:\/\/elconquistadorredloslagos.cl\/test\/wp-content\/uploads\/2026\/01\/img-147.jpg",1920,1080,false]},"rttpg_author":{"display_name":"ccardenas","author_link":"https:\/\/elconquistadorredloslagos.cl\/test\/blog\/author\/ccardenas\/"},"rttpg_comment":0,"rttpg_category":"<a href=\"https:\/\/elconquistadorredloslagos.cl\/test\/blog\/category\/actual\/acontecer\/\" rel=\"category tag\">Acontecer<\/a> <a href=\"https:\/\/elconquistadorredloslagos.cl\/test\/blog\/category\/actual\/\" rel=\"category tag\">Actualidad<\/a> <a href=\"https:\/\/elconquistadorredloslagos.cl\/test\/blog\/category\/chile\/puerto-montt\/\" rel=\"category tag\">Puerto Montt<\/a>","rttpg_excerpt":"Una emergencia mar\u00edtima se desat\u00f3 durante la madrugada de este martes en el Estuario de Reloncav\u00ed, luego del naufragio del catamar\u00e1n \u201cKo\u00f1imo I\u201d en el sector \u00abRal\u00fan el Este\u00bb, del..","_links":{"self":[{"href":"https:\/\/elconquistadorredloslagos.cl\/test\/wp-json\/wp\/v2\/posts\/18285","targetHints":{"allow":["GET"]}}],"collection":[{"href":"https:\/\/elconquistadorredloslagos.cl\/test\/wp-json\/wp\/v2\/posts"}],"about":[{"href":"https:\/\/elconquistadorredloslagos.cl\/test\/wp-json\/wp\/v2\/types\/post"}],"author":[{"embeddable":true,"href":"https:\/\/elconquistadorredloslagos.cl\/test\/wp-json\/wp\/v2\/users\/2"}],"replies":[{"embeddable":true,"href":"https:\/\/elconquistadorredloslagos.cl\/test\/wp-json\/wp\/v2\/comments?post=18285"}],"version-history":[{"count":3,"href":"https:\/\/elconquistadorredloslagos.cl\/test\/wp-json\/wp\/v2\/posts\/18285\/revisions"}],"predecessor-version":[{"id":18318,"href":"https:\/\/elconquistadorredloslagos.cl\/test\/wp-json\/wp\/v2\/posts\/18285\/revisions\/18318"}],"wp:featuredmedia":[{"embeddable":true,"href":"https:\/\/elconquistadorredloslagos.cl\/test\/wp-json\/wp\/v2\/media\/18286"}],"wp:attachment":[{"href":"https:\/\/elconquistadorredloslagos.cl\/test\/wp-json\/wp\/v2\/media?parent=18285"}],"wp:term":[{"taxonomy":"category","embeddable":true,"href":"https:\/\/elconquistadorredloslagos.cl\/test\/wp-json\/wp\/v2\/categories?post=18285"},{"taxonomy":"post_tag","embeddable":true,"href":"https:\/\/elconquistadorredloslagos.cl\/test\/wp-json\/wp\/v2\/tags?post=18285"}],"curies":[{"name":"wp","href":"https:\/\/api.w.org\/{rel}","templated":true}]}}