{"id":18282,"date":"2026-01-27T11:39:01","date_gmt":"2026-01-27T14:39:01","guid":{"rendered":"https:\/\/elconquistadorredloslagos.cl\/test\/?p=18282"},"modified":"2026-01-27T11:39:01","modified_gmt":"2026-01-27T14:39:01","slug":"violento-asalto-a-menores-en-mall-de-castro-termina-con-dos-detenidos","status":"publish","type":"post","link":"https:\/\/elconquistadorredloslagos.cl\/test\/blog\/2026\/01\/27\/violento-asalto-a-menores-en-mall-de-castro-termina-con-dos-detenidos\/","title":{"rendered":"Violento asalto a menores en mall de Castro termina con dos detenidos"},"content":{"rendered":"\n<p>A casi una semana del violento robo que sacudi\u00f3 al Mall Paseo Chilo\u00e9 y dej\u00f3 a dos menores de edad como v\u00edctimas, Carabineros logr\u00f3 la detenci\u00f3n de dos adolescentes presuntamente implicados en el ataque, uno de los cuales termin\u00f3 con lesiones de gravedad tras la agresi\u00f3n.<\/p>\n\n\n\n<p>El hecho ocurri\u00f3 cerca de las 18.30 horas del martes pasado en el patio de comidas del centro comercial, donde los menores fueron abordados y golpeados para sustraerles sus pertenencias. Producto de la agresi\u00f3n, una de las v\u00edctimas sufri\u00f3 una fractura de mand\u00edbula, debiendo ser trasladada de urgencia al Hospital Augusto Riffart de Castro.<\/p>\n\n\n\n<p>Las diligencias permitieron reconstruir el recorrido del delito. Personal policial detect\u00f3 que una de las especies robadas estaba siendo ofrecida a trav\u00e9s de la plataforma Marketplace de Facebook, lo que abri\u00f3 una nueva l\u00ednea investigativa que condujo hasta los presuntos responsables.<\/p>\n\n\n\n<p>Tras una serie de operativos encabezados por la Secci\u00f3n de Investigaci\u00f3n Policial (SIP) de la Segunda Comisar\u00eda de Castro y por instrucci\u00f3n del Juzgado de Garant\u00eda, se concret\u00f3 la detenci\u00f3n de dos adolescentes de 15 y 16 a\u00f1os, quienes habr\u00edan participado directamente en el asalto registrado el pasado 20 de enero.<\/p>\n\n\n\n<p>El mayor Francisco Torres inform\u00f3 que ambos imputados pasar\u00e1n a control de detenci\u00f3n, instancia en la que tambi\u00e9n se dio cuenta de la recuperaci\u00f3n de las especies sustra\u00eddas. La autoridad policial destac\u00f3 el r\u00e1pido accionar investigativo y la coordinaci\u00f3n con el Ministerio P\u00fablico para esclarecer el hecho.<\/p>\n\n\n\n<p><\/p>\n","protected":false},"excerpt":{"rendered":"<p>A casi una semana del violento robo que sacudi\u00f3 al Mall Paseo Chilo\u00e9 y dej\u00f3 a dos menores de edad como v\u00edctimas, Carabineros logr\u00f3 la detenci\u00f3n de dos adolescentes presuntamente..<\/p>\n","protected":false},"author":2,"featured_media":18283,"comment_status":"closed","ping_status":"open","sticky":false,"template":"","format":"standard","meta":{"footnotes":""},"categories":[1,28,51],"tags":[],"class_list":["post-18282","post","type-post","status-publish","format-standard","has-post-thumbnail","hentry","category-acontecer","category-actual","category-chiloe"],"rttpg_featured_image_url":{"full":["https:\/\/elconquistadorredloslagos.cl\/test\/wp-content\/uploads\/2026\/01\/img-146.jpg",1920,1080,false],"landscape":["https:\/\/elconquistadorredloslagos.cl\/test\/wp-content\/uploads\/2026\/01\/img-146.jpg",1920,1080,false],"portraits":["https:\/\/elconquistadorredloslagos.cl\/test\/wp-content\/uploads\/2026\/01\/img-146.jpg",1920,1080,false],"thumbnail":["https:\/\/elconquistadorredloslagos.cl\/test\/wp-content\/uploads\/2026\/01\/img-146-150x150.jpg",150,150,true],"medium":["https:\/\/elconquistadorredloslagos.cl\/test\/wp-content\/uploads\/2026\/01\/img-146-300x169.jpg",300,169,true],"large":["https:\/\/elconquistadorredloslagos.cl\/test\/wp-content\/uploads\/2026\/01\/img-146-1024x576.jpg",1024,576,true],"1536x1536":["https:\/\/elconquistadorredloslagos.cl\/test\/wp-content\/uploads\/2026\/01\/img-146-1536x864.jpg",1536,864,true],"2048x2048":["https:\/\/elconquistadorredloslagos.cl\/test\/wp-content\/uploads\/2026\/01\/img-146.jpg",1920,1080,false]},"rttpg_author":{"display_name":"ccardenas","author_link":"https:\/\/elconquistadorredloslagos.cl\/test\/blog\/author\/ccardenas\/"},"rttpg_comment":0,"rttpg_category":"<a href=\"https:\/\/elconquistadorredloslagos.cl\/test\/blog\/category\/actual\/acontecer\/\" rel=\"category tag\">Acontecer<\/a> <a href=\"https:\/\/elconquistadorredloslagos.cl\/test\/blog\/category\/actual\/\" rel=\"category tag\">Actualidad<\/a> <a href=\"https:\/\/elconquistadorredloslagos.cl\/test\/blog\/category\/chile\/chiloe\/\" rel=\"category tag\">Chilo\u00e9<\/a>","rttpg_excerpt":"A casi una semana del violento robo que sacudi\u00f3 al Mall Paseo Chilo\u00e9 y dej\u00f3 a dos menores de edad como v\u00edctimas, Carabineros logr\u00f3 la detenci\u00f3n de dos adolescentes presuntamente..","_links":{"self":[{"href":"https:\/\/elconquistadorredloslagos.cl\/test\/wp-json\/wp\/v2\/posts\/18282","targetHints":{"allow":["GET"]}}],"collection":[{"href":"https:\/\/elconquistadorredloslagos.cl\/test\/wp-json\/wp\/v2\/posts"}],"about":[{"href":"https:\/\/elconquistadorredloslagos.cl\/test\/wp-json\/wp\/v2\/types\/post"}],"author":[{"embeddable":true,"href":"https:\/\/elconquistadorredloslagos.cl\/test\/wp-json\/wp\/v2\/users\/2"}],"replies":[{"embeddable":true,"href":"https:\/\/elconquistadorredloslagos.cl\/test\/wp-json\/wp\/v2\/comments?post=18282"}],"version-history":[{"count":1,"href":"https:\/\/elconquistadorredloslagos.cl\/test\/wp-json\/wp\/v2\/posts\/18282\/revisions"}],"predecessor-version":[{"id":18284,"href":"https:\/\/elconquistadorredloslagos.cl\/test\/wp-json\/wp\/v2\/posts\/18282\/revisions\/18284"}],"wp:featuredmedia":[{"embeddable":true,"href":"https:\/\/elconquistadorredloslagos.cl\/test\/wp-json\/wp\/v2\/media\/18283"}],"wp:attachment":[{"href":"https:\/\/elconquistadorredloslagos.cl\/test\/wp-json\/wp\/v2\/media?parent=18282"}],"wp:term":[{"taxonomy":"category","embeddable":true,"href":"https:\/\/elconquistadorredloslagos.cl\/test\/wp-json\/wp\/v2\/categories?post=18282"},{"taxonomy":"post_tag","embeddable":true,"href":"https:\/\/elconquistadorredloslagos.cl\/test\/wp-json\/wp\/v2\/tags?post=18282"}],"curies":[{"name":"wp","href":"https:\/\/api.w.org\/{rel}","templated":true}]}}