{"id":18276,"date":"2026-01-27T11:00:04","date_gmt":"2026-01-27T14:00:04","guid":{"rendered":"https:\/\/elconquistadorredloslagos.cl\/test\/?p=18276"},"modified":"2026-01-27T11:00:06","modified_gmt":"2026-01-27T14:00:06","slug":"incendios-forestales-dejan-23-detenidos-en-nuble-y-biobio","status":"publish","type":"post","link":"https:\/\/elconquistadorredloslagos.cl\/test\/blog\/2026\/01\/27\/incendios-forestales-dejan-23-detenidos-en-nuble-y-biobio\/","title":{"rendered":"Incendios forestales dejan 23 detenidos en \u00d1uble y Biob\u00edo"},"content":{"rendered":"\n<p>La investigaci\u00f3n por los incendios forestales que han golpeado al centro sur del pa\u00eds sigue sumando detenidos. El Ministerio de Seguridad inform\u00f3 que 23 personas han sido arrestadas por su presunta vinculaci\u00f3n directa con siniestros registrados en las regiones de \u00d1uble y Biob\u00edo, en el marco de una ofensiva penal que busca frenar la acci\u00f3n del fuego provocado.<\/p>\n\n\n\n<p>Las detenciones forman parte de 33 investigaciones abiertas por delitos asociados a incendios forestales y uso il\u00edcito del fuego, tipificados en la Ley de Bosques y el C\u00f3digo Penal. Seg\u00fan detall\u00f3 la Fiscal\u00eda, desde el 11 de noviembre de 2025 han sido detenidas 29 personas en \u00d1uble y nueve en Biob\u00edo, evidenciando un patr\u00f3n reiterado de negligencias y acciones deliberadas.<\/p>\n\n\n\n<p>Uno de los casos m\u00e1s recientes corresponde a un hombre de 39 a\u00f1os detenido este lunes por uno de los focos registrados en Penco. De acuerdo con los antecedentes, el incendio se habr\u00eda originado por pavesas emanadas desde una cocina a le\u00f1a. El imputado qued\u00f3 con la medida cautelar de arresto domiciliario nocturno.<\/p>\n\n\n\n<p>Desde la Polic\u00eda de Investigaciones, la subcomisaria Patricia Rivera, del Instituto de Criminolog\u00eda, explic\u00f3 que no toda persona que inicia un incendio responde al perfil de pir\u00f3mano. Precis\u00f3 que la piroman\u00eda es un trastorno psicol\u00f3gico poco frecuente, distinto al delito de incendio, el cual implica una acci\u00f3n consciente y orientada a un objetivo espec\u00edfico.<\/p>\n\n\n\n<p>\ud83d\udcf7 Contexto<\/p>\n","protected":false},"excerpt":{"rendered":"<p>La investigaci\u00f3n por los incendios forestales que han golpeado al centro sur del pa\u00eds sigue sumando detenidos. El Ministerio de Seguridad inform\u00f3 que 23 personas han sido arrestadas por su..<\/p>\n","protected":false},"author":2,"featured_media":18277,"comment_status":"closed","ping_status":"open","sticky":false,"template":"","format":"standard","meta":{"footnotes":""},"categories":[1,28,52],"tags":[],"class_list":["post-18276","post","type-post","status-publish","format-standard","has-post-thumbnail","hentry","category-acontecer","category-actual","category-chile"],"rttpg_featured_image_url":{"full":["https:\/\/elconquistadorredloslagos.cl\/test\/wp-content\/uploads\/2026\/01\/img-144.jpg",1920,1080,false],"landscape":["https:\/\/elconquistadorredloslagos.cl\/test\/wp-content\/uploads\/2026\/01\/img-144.jpg",1920,1080,false],"portraits":["https:\/\/elconquistadorredloslagos.cl\/test\/wp-content\/uploads\/2026\/01\/img-144.jpg",1920,1080,false],"thumbnail":["https:\/\/elconquistadorredloslagos.cl\/test\/wp-content\/uploads\/2026\/01\/img-144-150x150.jpg",150,150,true],"medium":["https:\/\/elconquistadorredloslagos.cl\/test\/wp-content\/uploads\/2026\/01\/img-144-300x169.jpg",300,169,true],"large":["https:\/\/elconquistadorredloslagos.cl\/test\/wp-content\/uploads\/2026\/01\/img-144-1024x576.jpg",1024,576,true],"1536x1536":["https:\/\/elconquistadorredloslagos.cl\/test\/wp-content\/uploads\/2026\/01\/img-144-1536x864.jpg",1536,864,true],"2048x2048":["https:\/\/elconquistadorredloslagos.cl\/test\/wp-content\/uploads\/2026\/01\/img-144.jpg",1920,1080,false]},"rttpg_author":{"display_name":"ccardenas","author_link":"https:\/\/elconquistadorredloslagos.cl\/test\/blog\/author\/ccardenas\/"},"rttpg_comment":0,"rttpg_category":"<a href=\"https:\/\/elconquistadorredloslagos.cl\/test\/blog\/category\/actual\/acontecer\/\" rel=\"category tag\">Acontecer<\/a> <a href=\"https:\/\/elconquistadorredloslagos.cl\/test\/blog\/category\/actual\/\" rel=\"category tag\">Actualidad<\/a> <a href=\"https:\/\/elconquistadorredloslagos.cl\/test\/blog\/category\/chile\/\" rel=\"category tag\">Nacional<\/a>","rttpg_excerpt":"La investigaci\u00f3n por los incendios forestales que han golpeado al centro sur del pa\u00eds sigue sumando detenidos. El Ministerio de Seguridad inform\u00f3 que 23 personas han sido arrestadas por su..","_links":{"self":[{"href":"https:\/\/elconquistadorredloslagos.cl\/test\/wp-json\/wp\/v2\/posts\/18276","targetHints":{"allow":["GET"]}}],"collection":[{"href":"https:\/\/elconquistadorredloslagos.cl\/test\/wp-json\/wp\/v2\/posts"}],"about":[{"href":"https:\/\/elconquistadorredloslagos.cl\/test\/wp-json\/wp\/v2\/types\/post"}],"author":[{"embeddable":true,"href":"https:\/\/elconquistadorredloslagos.cl\/test\/wp-json\/wp\/v2\/users\/2"}],"replies":[{"embeddable":true,"href":"https:\/\/elconquistadorredloslagos.cl\/test\/wp-json\/wp\/v2\/comments?post=18276"}],"version-history":[{"count":1,"href":"https:\/\/elconquistadorredloslagos.cl\/test\/wp-json\/wp\/v2\/posts\/18276\/revisions"}],"predecessor-version":[{"id":18278,"href":"https:\/\/elconquistadorredloslagos.cl\/test\/wp-json\/wp\/v2\/posts\/18276\/revisions\/18278"}],"wp:featuredmedia":[{"embeddable":true,"href":"https:\/\/elconquistadorredloslagos.cl\/test\/wp-json\/wp\/v2\/media\/18277"}],"wp:attachment":[{"href":"https:\/\/elconquistadorredloslagos.cl\/test\/wp-json\/wp\/v2\/media?parent=18276"}],"wp:term":[{"taxonomy":"category","embeddable":true,"href":"https:\/\/elconquistadorredloslagos.cl\/test\/wp-json\/wp\/v2\/categories?post=18276"},{"taxonomy":"post_tag","embeddable":true,"href":"https:\/\/elconquistadorredloslagos.cl\/test\/wp-json\/wp\/v2\/tags?post=18276"}],"curies":[{"name":"wp","href":"https:\/\/api.w.org\/{rel}","templated":true}]}}