{"id":18273,"date":"2026-01-27T10:29:46","date_gmt":"2026-01-27T13:29:46","guid":{"rendered":"https:\/\/elconquistadorredloslagos.cl\/test\/?p=18273"},"modified":"2026-01-27T10:29:47","modified_gmt":"2026-01-27T13:29:47","slug":"sea-cierra-la-puerta-al-parque-eolico-chiloe-y-ratifica-la-caducidad-del-proyecto","status":"publish","type":"post","link":"https:\/\/elconquistadorredloslagos.cl\/test\/blog\/2026\/01\/27\/sea-cierra-la-puerta-al-parque-eolico-chiloe-y-ratifica-la-caducidad-del-proyecto\/","title":{"rendered":"SEA cierra la puerta al Parque E\u00f3lico Chilo\u00e9 y ratifica la caducidad del proyecto"},"content":{"rendered":"\n<p>El Servicio de Evaluaci\u00f3n Ambiental volvi\u00f3 a bajar el tel\u00f3n al proyecto Parque E\u00f3lico Chilo\u00e9, al rechazar el recurso presentado por la empresa Ecopower que buscaba invalidar la caducidad de su resoluci\u00f3n de calificaci\u00f3n ambiental. Con esta decisi\u00f3n, la iniciativa aprobada hace casi una d\u00e9cada queda sin margen administrativo para seguir avanzando.<\/p>\n\n\n\n<p>Seg\u00fan el dictamen de la Direcci\u00f3n Ejecutiva del SEA, el proyecto complet\u00f3 su \u00faltima etapa de tramitaci\u00f3n dentro de la institucionalidad ambiental, cerrando as\u00ed el camino a nuevos intentos de reposici\u00f3n. No obstante, la empresa a\u00fan podr\u00eda recurrir a instancias judiciales para impugnar la resoluci\u00f3n.<\/p>\n\n\n\n<p>El parque e\u00f3lico que contemplaba una inversi\u00f3n cercana a los 250 millones de d\u00f3lares, proyectaba la instalaci\u00f3n de 42 aerogeneradores en el sector de Mar Brava, Ancud, con una capacidad de 100,8 MW, adem\u00e1s de subestaciones el\u00e9ctricas, caminos de acceso y una l\u00ednea de alta tensi\u00f3n de 28,1 kil\u00f3metros.<\/p>\n\n\n\n<p>Aunque la iniciativa fue calificada favorablemente en 2015 por la Comisi\u00f3n de Evaluaci\u00f3n Ambiental de Los Lagos, la Superintendencia del Medio Ambiente invalid\u00f3 posteriormente el inicio de actividades, al constatar que el proyecto nunca comenz\u00f3 su fase de construcci\u00f3n. Esta situaci\u00f3n activ\u00f3 el proceso de caducidad, formalizado el 5 de julio de 2023.<\/p>\n\n\n\n<p>Desde el Movimiento Salvemos Mar Brava se valor\u00f3 el fallo, se\u00f1alando que se trata del resultado de a\u00f1os de acciones impulsadas por la comunidad y respaldadas por la SMA, la que determin\u00f3 que la empresa entreg\u00f3 informaci\u00f3n falsa para acreditar un inicio de obras que nunca ocurri\u00f3.<\/p>\n","protected":false},"excerpt":{"rendered":"<p>El Servicio de Evaluaci\u00f3n Ambiental volvi\u00f3 a bajar el tel\u00f3n al proyecto Parque E\u00f3lico Chilo\u00e9, al rechazar el recurso presentado por la empresa Ecopower que buscaba invalidar la caducidad de..<\/p>\n","protected":false},"author":2,"featured_media":18274,"comment_status":"closed","ping_status":"open","sticky":false,"template":"","format":"standard","meta":{"footnotes":""},"categories":[1,28,51],"tags":[],"class_list":["post-18273","post","type-post","status-publish","format-standard","has-post-thumbnail","hentry","category-acontecer","category-actual","category-chiloe"],"rttpg_featured_image_url":{"full":["https:\/\/elconquistadorredloslagos.cl\/test\/wp-content\/uploads\/2026\/01\/img-143.jpg",1920,1080,false],"landscape":["https:\/\/elconquistadorredloslagos.cl\/test\/wp-content\/uploads\/2026\/01\/img-143.jpg",1920,1080,false],"portraits":["https:\/\/elconquistadorredloslagos.cl\/test\/wp-content\/uploads\/2026\/01\/img-143.jpg",1920,1080,false],"thumbnail":["https:\/\/elconquistadorredloslagos.cl\/test\/wp-content\/uploads\/2026\/01\/img-143-150x150.jpg",150,150,true],"medium":["https:\/\/elconquistadorredloslagos.cl\/test\/wp-content\/uploads\/2026\/01\/img-143-300x169.jpg",300,169,true],"large":["https:\/\/elconquistadorredloslagos.cl\/test\/wp-content\/uploads\/2026\/01\/img-143-1024x576.jpg",1024,576,true],"1536x1536":["https:\/\/elconquistadorredloslagos.cl\/test\/wp-content\/uploads\/2026\/01\/img-143-1536x864.jpg",1536,864,true],"2048x2048":["https:\/\/elconquistadorredloslagos.cl\/test\/wp-content\/uploads\/2026\/01\/img-143.jpg",1920,1080,false]},"rttpg_author":{"display_name":"ccardenas","author_link":"https:\/\/elconquistadorredloslagos.cl\/test\/blog\/author\/ccardenas\/"},"rttpg_comment":0,"rttpg_category":"<a href=\"https:\/\/elconquistadorredloslagos.cl\/test\/blog\/category\/actual\/acontecer\/\" rel=\"category tag\">Acontecer<\/a> <a href=\"https:\/\/elconquistadorredloslagos.cl\/test\/blog\/category\/actual\/\" rel=\"category tag\">Actualidad<\/a> <a href=\"https:\/\/elconquistadorredloslagos.cl\/test\/blog\/category\/chile\/chiloe\/\" rel=\"category tag\">Chilo\u00e9<\/a>","rttpg_excerpt":"El Servicio de Evaluaci\u00f3n Ambiental volvi\u00f3 a bajar el tel\u00f3n al proyecto Parque E\u00f3lico Chilo\u00e9, al rechazar el recurso presentado por la empresa Ecopower que buscaba invalidar la caducidad de..","_links":{"self":[{"href":"https:\/\/elconquistadorredloslagos.cl\/test\/wp-json\/wp\/v2\/posts\/18273","targetHints":{"allow":["GET"]}}],"collection":[{"href":"https:\/\/elconquistadorredloslagos.cl\/test\/wp-json\/wp\/v2\/posts"}],"about":[{"href":"https:\/\/elconquistadorredloslagos.cl\/test\/wp-json\/wp\/v2\/types\/post"}],"author":[{"embeddable":true,"href":"https:\/\/elconquistadorredloslagos.cl\/test\/wp-json\/wp\/v2\/users\/2"}],"replies":[{"embeddable":true,"href":"https:\/\/elconquistadorredloslagos.cl\/test\/wp-json\/wp\/v2\/comments?post=18273"}],"version-history":[{"count":1,"href":"https:\/\/elconquistadorredloslagos.cl\/test\/wp-json\/wp\/v2\/posts\/18273\/revisions"}],"predecessor-version":[{"id":18275,"href":"https:\/\/elconquistadorredloslagos.cl\/test\/wp-json\/wp\/v2\/posts\/18273\/revisions\/18275"}],"wp:featuredmedia":[{"embeddable":true,"href":"https:\/\/elconquistadorredloslagos.cl\/test\/wp-json\/wp\/v2\/media\/18274"}],"wp:attachment":[{"href":"https:\/\/elconquistadorredloslagos.cl\/test\/wp-json\/wp\/v2\/media?parent=18273"}],"wp:term":[{"taxonomy":"category","embeddable":true,"href":"https:\/\/elconquistadorredloslagos.cl\/test\/wp-json\/wp\/v2\/categories?post=18273"},{"taxonomy":"post_tag","embeddable":true,"href":"https:\/\/elconquistadorredloslagos.cl\/test\/wp-json\/wp\/v2\/tags?post=18273"}],"curies":[{"name":"wp","href":"https:\/\/api.w.org\/{rel}","templated":true}]}}