{"id":18266,"date":"2026-01-26T16:46:57","date_gmt":"2026-01-26T19:46:57","guid":{"rendered":"https:\/\/elconquistadorredloslagos.cl\/test\/?p=18266"},"modified":"2026-01-26T16:46:58","modified_gmt":"2026-01-26T19:46:58","slug":"tenaun-conmemora-459-anos-de-historia-viva-identidad-y-comunidad-en-chiloe","status":"publish","type":"post","link":"https:\/\/elconquistadorredloslagos.cl\/test\/blog\/2026\/01\/26\/tenaun-conmemora-459-anos-de-historia-viva-identidad-y-comunidad-en-chiloe\/","title":{"rendered":"Tena\u00fan conmemora 459 a\u00f1os de historia viva, identidad y comunidad en Chilo\u00e9"},"content":{"rendered":"\n<p>Con un emotivo acto inaugural, este lunes se dio inicio oficial a las actividades del 459\u00b0 aniversario de la localidad de Tena\u00fan, uno de los pueblos m\u00e1s antiguos del archipi\u00e9lago de Chilo\u00e9, fundado en el siglo XVI, cuya historia, tradiciones y vida comunitaria siguen marcando la identidad del territorio.<\/p>\n\n\n\n<p>La ceremonia congreg\u00f3 a autoridades encabezada por la alcaldesa de Dalcahue Alejandra Villegas, concejales de la comuna, dirigentes sociales y vecinos, y fue el punto de partida de una semana de celebraciones pensadas para el reencuentro comunitario y la puesta en valor del patrimonio local.<\/p>\n\n\n\n<p>En este acto se entregaron reconocimientos a vecinos destacados por su compromiso social y trayectoria en la comunidad, destacando a Sergio P\u00e9rez, por su importante labor como dirigente de la Junta de Vecinos Tres Colinas de Tena\u00fan, y a Evangelina Ortiz, por su permanente apoyo a la comunidad y su reconocida trayectoria como dirigenta social.<\/p>\n\n\n\n<p>Tras este hito inicial, la programaci\u00f3n del aniversario se extender\u00e1 durante toda la semana, comenzando este lunes 26 de enero, jornada que incluy\u00f3 el tradicional embanderamiento y el acto de inauguraci\u00f3n, y que continu\u00f3 por la tarde con una limpieza comunitaria de playa, reforzando el compromiso del territorio con el cuidado del entorno.<\/p>\n\n\n\n<p>Las actividades continuar\u00e1n el martes 27 de enero con una tarde de cine familiar, instancia pensada para compartir entre generaciones, mientras que el mi\u00e9rcoles 28 se desarrollar\u00e1 un cuadrangular de f\u00fatbol 7 infantil, promoviendo el deporte, la vida sana y la participaci\u00f3n de ni\u00f1os y ni\u00f1as de la localidad.<\/p>\n\n\n\n<p>El jueves 29 de enero, la celebraci\u00f3n tomar\u00e1 fuerza con actividades n\u00e1uticas durante la tarde, para dar paso en la noche a un evento art\u00edstico, que reunir\u00e1 expresiones de la m\u00fasica y el folclore local con la presentaci\u00f3n del conjunto folcl\u00f3rico Entre Cerros y Mar, Colivoro, Ag\u00fcero y Manquemilla y Los de la Isla, junto a El Charro de Oro.<\/p>\n\n\n\n<p>El viernes 30 de enero, el aniversario tendr\u00e1 un componente espiritual y tradicional con la misa en la Iglesia de Tena\u00fan, continuando por la tarde con juegos populares y cerrando la jornada con un campeonato de truco, rescatando pr\u00e1cticas que forman parte de la memoria colectiva del territorio.<\/p>\n\n\n\n<p>Finalmente, el s\u00e1bado 31 de enero, la comunidad vivir\u00e1 una jornada de cierre marcada por el deporte y la recreaci\u00f3n, con una marat\u00f3n y un triatl\u00f3n infantil, culminando en la noche con la fiesta de clausura, dando t\u00e9rmino a una semana de celebraci\u00f3n comunitaria.<\/p>\n\n\n\n<p>La alcaldesa de Dalcahue, Alejandra Villegas, relev\u00f3 la importancia de esta conmemoraci\u00f3n.<\/p>\n\n\n\n<figure class=\"wp-block-audio\"><audio controls src=\"https:\/\/elconquistadorredloslagos.cl\/test\/wp-content\/uploads\/2026\/01\/ALCALDESA-VILLEGAS-TENAUN-459-ANOS.mp3\"><\/audio><\/figure>\n\n\n\n<p>Las actividades del aniversario son organizadas por el Club Deportivo Mar\u00edtimo de Tena\u00fan, incorporando adem\u00e1s gastronom\u00eda t\u00edpica y artesan\u00eda, fortaleciendo el encuentro comunitario y la puesta en valor de las tradiciones locales.<\/p>\n\n\n\n<figure class=\"wp-block-gallery has-nested-images columns-default is-cropped wp-block-gallery-1 is-layout-flex wp-block-gallery-is-layout-flex\">\n<figure class=\"wp-block-image size-large\"><img loading=\"lazy\" decoding=\"async\" width=\"1024\" height=\"683\" data-id=\"18269\" src=\"https:\/\/elconquistadorredloslagos.cl\/test\/wp-content\/uploads\/2026\/01\/ANIVERSARIO-TENAUN-1-1024x683.jpg\" alt=\"\" class=\"wp-image-18269\" \/><\/figure>\n\n\n\n<figure class=\"wp-block-image size-large\"><img loading=\"lazy\" decoding=\"async\" width=\"1024\" height=\"683\" data-id=\"18270\" src=\"https:\/\/elconquistadorredloslagos.cl\/test\/wp-content\/uploads\/2026\/01\/ANIVERSARIO-TENAUN-2-1024x683.jpg\" alt=\"\" class=\"wp-image-18270\" \/><\/figure>\n\n\n\n<figure class=\"wp-block-image size-large\"><img loading=\"lazy\" decoding=\"async\" width=\"1024\" height=\"683\" data-id=\"18271\" src=\"https:\/\/elconquistadorredloslagos.cl\/test\/wp-content\/uploads\/2026\/01\/ANIVERSARIO-TENAUN-5-PORTADA-1024x683.jpg\" alt=\"\" class=\"wp-image-18271\" \/><\/figure>\n<\/figure>\n","protected":false},"excerpt":{"rendered":"<p>Con un emotivo acto inaugural, este lunes se dio inicio oficial a las actividades del 459\u00b0 aniversario de la localidad de Tena\u00fan, uno de los pueblos m\u00e1s antiguos del archipi\u00e9lago..<\/p>\n","protected":false},"author":2,"featured_media":18268,"comment_status":"closed","ping_status":"open","sticky":false,"template":"","format":"standard","meta":{"footnotes":""},"categories":[1,28,51],"tags":[],"class_list":["post-18266","post","type-post","status-publish","format-standard","has-post-thumbnail","hentry","category-acontecer","category-actual","category-chiloe"],"rttpg_featured_image_url":{"full":["https:\/\/elconquistadorredloslagos.cl\/test\/wp-content\/uploads\/2026\/01\/IMG-142.jpg",1920,1080,false],"landscape":["https:\/\/elconquistadorredloslagos.cl\/test\/wp-content\/uploads\/2026\/01\/IMG-142.jpg",1920,1080,false],"portraits":["https:\/\/elconquistadorredloslagos.cl\/test\/wp-content\/uploads\/2026\/01\/IMG-142.jpg",1920,1080,false],"thumbnail":["https:\/\/elconquistadorredloslagos.cl\/test\/wp-content\/uploads\/2026\/01\/IMG-142-150x150.jpg",150,150,true],"medium":["https:\/\/elconquistadorredloslagos.cl\/test\/wp-content\/uploads\/2026\/01\/IMG-142-300x169.jpg",300,169,true],"large":["https:\/\/elconquistadorredloslagos.cl\/test\/wp-content\/uploads\/2026\/01\/IMG-142-1024x576.jpg",1024,576,true],"1536x1536":["https:\/\/elconquistadorredloslagos.cl\/test\/wp-content\/uploads\/2026\/01\/IMG-142-1536x864.jpg",1536,864,true],"2048x2048":["https:\/\/elconquistadorredloslagos.cl\/test\/wp-content\/uploads\/2026\/01\/IMG-142.jpg",1920,1080,false]},"rttpg_author":{"display_name":"ccardenas","author_link":"https:\/\/elconquistadorredloslagos.cl\/test\/blog\/author\/ccardenas\/"},"rttpg_comment":0,"rttpg_category":"<a href=\"https:\/\/elconquistadorredloslagos.cl\/test\/blog\/category\/actual\/acontecer\/\" rel=\"category tag\">Acontecer<\/a> <a href=\"https:\/\/elconquistadorredloslagos.cl\/test\/blog\/category\/actual\/\" rel=\"category tag\">Actualidad<\/a> <a href=\"https:\/\/elconquistadorredloslagos.cl\/test\/blog\/category\/chile\/chiloe\/\" rel=\"category tag\">Chilo\u00e9<\/a>","rttpg_excerpt":"Con un emotivo acto inaugural, este lunes se dio inicio oficial a las actividades del 459\u00b0 aniversario de la localidad de Tena\u00fan, uno de los pueblos m\u00e1s antiguos del archipi\u00e9lago..","_links":{"self":[{"href":"https:\/\/elconquistadorredloslagos.cl\/test\/wp-json\/wp\/v2\/posts\/18266","targetHints":{"allow":["GET"]}}],"collection":[{"href":"https:\/\/elconquistadorredloslagos.cl\/test\/wp-json\/wp\/v2\/posts"}],"about":[{"href":"https:\/\/elconquistadorredloslagos.cl\/test\/wp-json\/wp\/v2\/types\/post"}],"author":[{"embeddable":true,"href":"https:\/\/elconquistadorredloslagos.cl\/test\/wp-json\/wp\/v2\/users\/2"}],"replies":[{"embeddable":true,"href":"https:\/\/elconquistadorredloslagos.cl\/test\/wp-json\/wp\/v2\/comments?post=18266"}],"version-history":[{"count":1,"href":"https:\/\/elconquistadorredloslagos.cl\/test\/wp-json\/wp\/v2\/posts\/18266\/revisions"}],"predecessor-version":[{"id":18272,"href":"https:\/\/elconquistadorredloslagos.cl\/test\/wp-json\/wp\/v2\/posts\/18266\/revisions\/18272"}],"wp:featuredmedia":[{"embeddable":true,"href":"https:\/\/elconquistadorredloslagos.cl\/test\/wp-json\/wp\/v2\/media\/18268"}],"wp:attachment":[{"href":"https:\/\/elconquistadorredloslagos.cl\/test\/wp-json\/wp\/v2\/media?parent=18266"}],"wp:term":[{"taxonomy":"category","embeddable":true,"href":"https:\/\/elconquistadorredloslagos.cl\/test\/wp-json\/wp\/v2\/categories?post=18266"},{"taxonomy":"post_tag","embeddable":true,"href":"https:\/\/elconquistadorredloslagos.cl\/test\/wp-json\/wp\/v2\/tags?post=18266"}],"curies":[{"name":"wp","href":"https:\/\/api.w.org\/{rel}","templated":true}]}}