{"id":18117,"date":"2026-01-21T14:12:04","date_gmt":"2026-01-21T17:12:04","guid":{"rendered":"https:\/\/elconquistadorredloslagos.cl\/test\/?p=18117"},"modified":"2026-01-21T14:12:05","modified_gmt":"2026-01-21T17:12:05","slug":"patrulla-del-cuerpo-de-socorro-andino-rescata-a-dos-mujeres-extraviadas-en-el-volcan-calbuco","status":"publish","type":"post","link":"https:\/\/elconquistadorredloslagos.cl\/test\/blog\/2026\/01\/21\/patrulla-del-cuerpo-de-socorro-andino-rescata-a-dos-mujeres-extraviadas-en-el-volcan-calbuco\/","title":{"rendered":"Patrulla del Cuerpo de Socorro Andino rescata a dos mujeres extraviadas en el volc\u00e1n Calbuco"},"content":{"rendered":"\n<p>Durante la madrugada de este mi\u00e9rcoles 21 de enero, una patrulla del Cuerpo de Socorro Andino de la regi\u00f3n de Los Lagos logr\u00f3 ubicar y asistir a dos mujeres que permanec\u00edan extraviadas en el volc\u00e1n Calbuco, tras perder la ruta de descenso luego de alcanzar la cumbre.<\/p>\n\n\n\n<p>Seg\u00fan inform\u00f3 la instituci\u00f3n, las andinistas hicieron cumbre durante la tarde del martes en el macizo, ubicado a m\u00e1s de 2 mil metros de altura. Sin embargo, al iniciar el regreso no lograron reencontrar el sendero hacia el refugio, quedando desorientadas en la zona alta del volc\u00e1n.<\/p>\n\n\n\n<p>El aviso se activ\u00f3 luego de que un guardaparque de CONAF recibiera, cerca de las 17.30 horas del martes, un mensaje enviado por las propias extraviadas, quienes alertaron que no encontraban el camino y que sus tel\u00e9fonos se encontraban sin bater\u00eda. Solo alcanzaron a enviar su ubicaci\u00f3n v\u00eda WhatsApp.<\/p>\n\n\n\n<p>Con esos antecedentes, el equipo de rescate se desplaz\u00f3 durante la noche y logr\u00f3 ubicarlas entre los 1.400 y 1.500 metros de altura, en un sector de acarreo cercano a un acantilado, donde pasaron la noche.<\/p>\n\n\n\n<p>De acuerdo con el reporte preliminar, ambas presentaban deshidrataci\u00f3n, pero se encontraban en buen estado f\u00edsico. Tras ser estabilizadas, se inici\u00f3 el descenso hacia el sector de Correntoso, estim\u00e1ndose su llegada al mediod\u00eda a la guarder\u00eda de CONAF.<\/p>\n\n\n\n<p>Cabe recordar que el refugio del volc\u00e1n Calbuco, ubicado a 1.200 metros de altura, es un punto obligatorio de paso para quienes realizan el ascenso. Las dos mujeres tienen domicilio en Santiago.<\/p>\n\n\n\n<p>\ud83d\udcf7 Referencial<\/p>\n","protected":false},"excerpt":{"rendered":"<p>Durante la madrugada de este mi\u00e9rcoles 21 de enero, una patrulla del Cuerpo de Socorro Andino de la regi\u00f3n de Los Lagos logr\u00f3 ubicar y asistir a dos mujeres que..<\/p>\n","protected":false},"author":2,"featured_media":18118,"comment_status":"closed","ping_status":"open","sticky":false,"template":"","format":"standard","meta":{"footnotes":""},"categories":[1,28,60],"tags":[],"class_list":["post-18117","post","type-post","status-publish","format-standard","has-post-thumbnail","hentry","category-acontecer","category-actual","category-calbuco"],"rttpg_featured_image_url":{"full":["https:\/\/elconquistadorredloslagos.cl\/test\/wp-content\/uploads\/2026\/01\/IMG-107.jpg",1920,1080,false],"landscape":["https:\/\/elconquistadorredloslagos.cl\/test\/wp-content\/uploads\/2026\/01\/IMG-107.jpg",1920,1080,false],"portraits":["https:\/\/elconquistadorredloslagos.cl\/test\/wp-content\/uploads\/2026\/01\/IMG-107.jpg",1920,1080,false],"thumbnail":["https:\/\/elconquistadorredloslagos.cl\/test\/wp-content\/uploads\/2026\/01\/IMG-107-150x150.jpg",150,150,true],"medium":["https:\/\/elconquistadorredloslagos.cl\/test\/wp-content\/uploads\/2026\/01\/IMG-107-300x169.jpg",300,169,true],"large":["https:\/\/elconquistadorredloslagos.cl\/test\/wp-content\/uploads\/2026\/01\/IMG-107-1024x576.jpg",1024,576,true],"1536x1536":["https:\/\/elconquistadorredloslagos.cl\/test\/wp-content\/uploads\/2026\/01\/IMG-107-1536x864.jpg",1536,864,true],"2048x2048":["https:\/\/elconquistadorredloslagos.cl\/test\/wp-content\/uploads\/2026\/01\/IMG-107.jpg",1920,1080,false]},"rttpg_author":{"display_name":"ccardenas","author_link":"https:\/\/elconquistadorredloslagos.cl\/test\/blog\/author\/ccardenas\/"},"rttpg_comment":0,"rttpg_category":"<a href=\"https:\/\/elconquistadorredloslagos.cl\/test\/blog\/category\/actual\/acontecer\/\" rel=\"category tag\">Acontecer<\/a> <a href=\"https:\/\/elconquistadorredloslagos.cl\/test\/blog\/category\/actual\/\" rel=\"category tag\">Actualidad<\/a> <a href=\"https:\/\/elconquistadorredloslagos.cl\/test\/blog\/category\/calbuco\/\" rel=\"category tag\">Calbuco<\/a>","rttpg_excerpt":"Durante la madrugada de este mi\u00e9rcoles 21 de enero, una patrulla del Cuerpo de Socorro Andino de la regi\u00f3n de Los Lagos logr\u00f3 ubicar y asistir a dos mujeres que..","_links":{"self":[{"href":"https:\/\/elconquistadorredloslagos.cl\/test\/wp-json\/wp\/v2\/posts\/18117","targetHints":{"allow":["GET"]}}],"collection":[{"href":"https:\/\/elconquistadorredloslagos.cl\/test\/wp-json\/wp\/v2\/posts"}],"about":[{"href":"https:\/\/elconquistadorredloslagos.cl\/test\/wp-json\/wp\/v2\/types\/post"}],"author":[{"embeddable":true,"href":"https:\/\/elconquistadorredloslagos.cl\/test\/wp-json\/wp\/v2\/users\/2"}],"replies":[{"embeddable":true,"href":"https:\/\/elconquistadorredloslagos.cl\/test\/wp-json\/wp\/v2\/comments?post=18117"}],"version-history":[{"count":1,"href":"https:\/\/elconquistadorredloslagos.cl\/test\/wp-json\/wp\/v2\/posts\/18117\/revisions"}],"predecessor-version":[{"id":18119,"href":"https:\/\/elconquistadorredloslagos.cl\/test\/wp-json\/wp\/v2\/posts\/18117\/revisions\/18119"}],"wp:featuredmedia":[{"embeddable":true,"href":"https:\/\/elconquistadorredloslagos.cl\/test\/wp-json\/wp\/v2\/media\/18118"}],"wp:attachment":[{"href":"https:\/\/elconquistadorredloslagos.cl\/test\/wp-json\/wp\/v2\/media?parent=18117"}],"wp:term":[{"taxonomy":"category","embeddable":true,"href":"https:\/\/elconquistadorredloslagos.cl\/test\/wp-json\/wp\/v2\/categories?post=18117"},{"taxonomy":"post_tag","embeddable":true,"href":"https:\/\/elconquistadorredloslagos.cl\/test\/wp-json\/wp\/v2\/tags?post=18117"}],"curies":[{"name":"wp","href":"https:\/\/api.w.org\/{rel}","templated":true}]}}