{"id":18114,"date":"2026-01-21T14:05:09","date_gmt":"2026-01-21T17:05:09","guid":{"rendered":"https:\/\/elconquistadorredloslagos.cl\/test\/?p=18114"},"modified":"2026-01-21T14:05:09","modified_gmt":"2026-01-21T17:05:09","slug":"gobierno-activa-plan-piloto-para-proteger-al-pudu-en-sectores-criticos-de-ancud","status":"publish","type":"post","link":"https:\/\/elconquistadorredloslagos.cl\/test\/blog\/2026\/01\/21\/gobierno-activa-plan-piloto-para-proteger-al-pudu-en-sectores-criticos-de-ancud\/","title":{"rendered":"Gobierno activa plan piloto para proteger al pud\u00fa en sectores cr\u00edticos de Ancud"},"content":{"rendered":"\n<p>Con el objetivo de enfrentar de manera integral las principales amenazas que afectan al pud\u00fa, este martes se dio inicio en la provincia de Chilo\u00e9 a un plan piloto de intervenci\u00f3n territorial orientado a la conservaci\u00f3n de esta especie emblem\u00e1tica del archipi\u00e9lago.<\/p>\n\n\n\n<p>La iniciativa fue presentada en la Tenencia de Carabineros de la Carretera Chilo\u00e9, en el sector Dega\u00f1 de Ancud, y cont\u00f3 con la participaci\u00f3n de autoridades regionales y comunales, adem\u00e1s de representantes de organizaciones ligadas a la protecci\u00f3n ambiental.<\/p>\n\n\n\n<p>El proyecto es financiado por el Ministerio del Medio Ambiente a trav\u00e9s del Fondo de Protecci\u00f3n Ambiental (FPA), tras adjudicarse un concurso extraordinario, y ser\u00e1 ejecutado por el Centro de Estudio y Conservaci\u00f3n del Patrimonio Natural (CECPAN). La inversi\u00f3n alcanza los 30 millones de pesos y permitir\u00e1 su desarrollo durante todo 2026.<\/p>\n\n\n\n<p>El plan considera medidas concretas para enfrentar amenazas como atropellos vehiculares, ataques de perros, caza ilegal, fragmentaci\u00f3n del h\u00e1bitat y los efectos del cambio clim\u00e1tico, junto con acciones de educaci\u00f3n ambiental y fortalecimiento del v\u00ednculo entre comunidades locales y fauna silvestre.<\/p>\n\n\n\n<p>Desde el Ejecutivo, se destac\u00f3 que la iniciativa se alinea con el compromiso gubernamental de protecci\u00f3n de la biodiversidad, incorporando adem\u00e1s la tenencia responsable de mascotas y el trabajo con propietarios privados en zonas estrat\u00e9gicas como Quehui, la ruta 5 Sur y la ruta 7 Sur.<\/p>\n\n\n\n<p>Autoridades regionales valoraron el proyecto como un avance relevante en el marco del Bicentenario, subrayando la necesidad de resguardar el patrimonio natural y proteger especies que hoy enfrentan un alto nivel de vulnerabilidad.<\/p>\n","protected":false},"excerpt":{"rendered":"<p>Con el objetivo de enfrentar de manera integral las principales amenazas que afectan al pud\u00fa, este martes se dio inicio en la provincia de Chilo\u00e9 a un plan piloto de..<\/p>\n","protected":false},"author":2,"featured_media":18115,"comment_status":"closed","ping_status":"open","sticky":false,"template":"","format":"standard","meta":{"footnotes":""},"categories":[1,28,51],"tags":[],"class_list":["post-18114","post","type-post","status-publish","format-standard","has-post-thumbnail","hentry","category-acontecer","category-actual","category-chiloe"],"rttpg_featured_image_url":{"full":["https:\/\/elconquistadorredloslagos.cl\/test\/wp-content\/uploads\/2026\/01\/IMG-106.jpg",1920,1080,false],"landscape":["https:\/\/elconquistadorredloslagos.cl\/test\/wp-content\/uploads\/2026\/01\/IMG-106.jpg",1920,1080,false],"portraits":["https:\/\/elconquistadorredloslagos.cl\/test\/wp-content\/uploads\/2026\/01\/IMG-106.jpg",1920,1080,false],"thumbnail":["https:\/\/elconquistadorredloslagos.cl\/test\/wp-content\/uploads\/2026\/01\/IMG-106-150x150.jpg",150,150,true],"medium":["https:\/\/elconquistadorredloslagos.cl\/test\/wp-content\/uploads\/2026\/01\/IMG-106-300x169.jpg",300,169,true],"large":["https:\/\/elconquistadorredloslagos.cl\/test\/wp-content\/uploads\/2026\/01\/IMG-106-1024x576.jpg",1024,576,true],"1536x1536":["https:\/\/elconquistadorredloslagos.cl\/test\/wp-content\/uploads\/2026\/01\/IMG-106-1536x864.jpg",1536,864,true],"2048x2048":["https:\/\/elconquistadorredloslagos.cl\/test\/wp-content\/uploads\/2026\/01\/IMG-106.jpg",1920,1080,false]},"rttpg_author":{"display_name":"ccardenas","author_link":"https:\/\/elconquistadorredloslagos.cl\/test\/blog\/author\/ccardenas\/"},"rttpg_comment":0,"rttpg_category":"<a href=\"https:\/\/elconquistadorredloslagos.cl\/test\/blog\/category\/actual\/acontecer\/\" rel=\"category tag\">Acontecer<\/a> <a href=\"https:\/\/elconquistadorredloslagos.cl\/test\/blog\/category\/actual\/\" rel=\"category tag\">Actualidad<\/a> <a href=\"https:\/\/elconquistadorredloslagos.cl\/test\/blog\/category\/chile\/chiloe\/\" rel=\"category tag\">Chilo\u00e9<\/a>","rttpg_excerpt":"Con el objetivo de enfrentar de manera integral las principales amenazas que afectan al pud\u00fa, este martes se dio inicio en la provincia de Chilo\u00e9 a un plan piloto de..","_links":{"self":[{"href":"https:\/\/elconquistadorredloslagos.cl\/test\/wp-json\/wp\/v2\/posts\/18114","targetHints":{"allow":["GET"]}}],"collection":[{"href":"https:\/\/elconquistadorredloslagos.cl\/test\/wp-json\/wp\/v2\/posts"}],"about":[{"href":"https:\/\/elconquistadorredloslagos.cl\/test\/wp-json\/wp\/v2\/types\/post"}],"author":[{"embeddable":true,"href":"https:\/\/elconquistadorredloslagos.cl\/test\/wp-json\/wp\/v2\/users\/2"}],"replies":[{"embeddable":true,"href":"https:\/\/elconquistadorredloslagos.cl\/test\/wp-json\/wp\/v2\/comments?post=18114"}],"version-history":[{"count":1,"href":"https:\/\/elconquistadorredloslagos.cl\/test\/wp-json\/wp\/v2\/posts\/18114\/revisions"}],"predecessor-version":[{"id":18116,"href":"https:\/\/elconquistadorredloslagos.cl\/test\/wp-json\/wp\/v2\/posts\/18114\/revisions\/18116"}],"wp:featuredmedia":[{"embeddable":true,"href":"https:\/\/elconquistadorredloslagos.cl\/test\/wp-json\/wp\/v2\/media\/18115"}],"wp:attachment":[{"href":"https:\/\/elconquistadorredloslagos.cl\/test\/wp-json\/wp\/v2\/media?parent=18114"}],"wp:term":[{"taxonomy":"category","embeddable":true,"href":"https:\/\/elconquistadorredloslagos.cl\/test\/wp-json\/wp\/v2\/categories?post=18114"},{"taxonomy":"post_tag","embeddable":true,"href":"https:\/\/elconquistadorredloslagos.cl\/test\/wp-json\/wp\/v2\/tags?post=18114"}],"curies":[{"name":"wp","href":"https:\/\/api.w.org\/{rel}","templated":true}]}}