{"id":18111,"date":"2026-01-21T13:30:28","date_gmt":"2026-01-21T16:30:28","guid":{"rendered":"https:\/\/elconquistadorredloslagos.cl\/test\/?p=18111"},"modified":"2026-01-21T13:30:28","modified_gmt":"2026-01-21T16:30:28","slug":"claudio-alvarado-llega-a-interior-como-figura-clave-del-primer-gabinete-de-kast","status":"publish","type":"post","link":"https:\/\/elconquistadorredloslagos.cl\/test\/blog\/2026\/01\/21\/claudio-alvarado-llega-a-interior-como-figura-clave-del-primer-gabinete-de-kast\/","title":{"rendered":"Claudio Alvarado llega a Interior como figura clave del primer gabinete de Kast"},"content":{"rendered":"\n<p>Se despej\u00f3 la inc\u00f3gnita. El chilote Claudio Alvarado de 65 a\u00f1os, fue designado como ministro del Interior del gobierno del Presidente electo Jos\u00e9 Antonio Kast, convirti\u00e9ndose en una de las piezas clave del nuevo Ejecutivo que asumir\u00e1 el pr\u00f3ximo 11 de marzo. Su nombre hab\u00eda circulado con fuerza desde el triunfo republicano, especialmente por su rol como enlace entre la administraci\u00f3n saliente y entrante.<\/p>\n\n\n\n<p>Alvarado cuenta con una extensa trayectoria pol\u00edtica y administrativa. Fue ministro y subsecretario durante los gobiernos de Sebasti\u00e1n Pi\u00f1era, adem\u00e1s de desempe\u00f1arse como diputado, senador y jefe de la Subsecretar\u00eda de Desarrollo Regional (Subdere), experiencia que result\u00f3 determinante para su nombramiento.<\/p>\n\n\n\n<p>Tras confirmarse su designaci\u00f3n, el nuevo ministro se\u00f1al\u00f3 que asume el cargo como \u201cun honor y una gran responsabilidad\u201d, destacando que el Ministerio del Interior deber\u00e1 enfrentar m\u00faltiples emergencias, especialmente en materia de seguridad, reactivaci\u00f3n econ\u00f3mica y respuesta ante cat\u00e1strofes como los incendios forestales en Biob\u00edo y La Araucan\u00eda.<\/p>\n\n\n\n<p>Actores pol\u00edticos de Chilo\u00e9 valoraron el nombramiento, subrayando su capacidad de di\u00e1logo, su conocimiento territorial y su v\u00ednculo permanente con la zona. Desde el Congreso y el mundo municipal coincidieron en que su llegada al gabinete representa una oportunidad para fortalecer el desarrollo regional y la descentralizaci\u00f3n.<\/p>\n\n\n\n<p>Con su arribo a Interior, Alvarado se posiciona como uno de los chilotes m\u00e1s influyentes del nuevo ciclo pol\u00edtico.<\/p>\n\n\n\n<p><strong>LOS OTROS NOMBRES: <\/strong><\/p>\n\n\n\n<p>El restante gabinete presentado por Jos\u00e9 Antonio Kast combina figuras con trayectoria pol\u00edtica, perfiles t\u00e9cnicos y nombres provenientes del mundo independiente. En la Secretar\u00eda General de la Presidencia asumir\u00e1 el senador de Renovaci\u00f3n Nacional, <strong>Jos\u00e9 Garc\u00eda Ruminot (70)<\/strong>, expresidente del Senado y exdiputado, mientras que la <strong>Secretar\u00eda General de Gobierno<\/strong> estar\u00e1 a cargo de <strong>Mara Sedini (40)<\/strong>, actriz y periodista independiente, quien fue parte del equipo de campa\u00f1a del mandatario electo.<\/p>\n\n\n\n<p>En <strong>Hacienda<\/strong> fue designado <strong>Jorge Quiroz (63)<\/strong>, economista y militante republicano; en <strong>Relaciones Exteriores<\/strong>, el ingeniero comercial <strong>Francisco P\u00e9rez Mackenna (67)<\/strong>, ligado al mundo empresarial; y en <strong>Obras P\u00fablicas<\/strong>, el exintendente de \u00d1uble <strong>Mart\u00edn Arrau (46)<\/strong>. <strong>Iv\u00e1n Poduje (57)<\/strong> asumir\u00e1 Vivienda, mientras que <strong>Catalina Parot (69)<\/strong> regresa al gabinete en Bienes Nacionales.<\/p>\n\n\n\n<p>En el \u00e1rea social destacan <strong>Mar\u00eda Jes\u00fas Wulf (35)<\/strong> en Desarrollo Social; <strong>Judith Mar\u00edn (30)<\/strong> en la cartera de la Mujer; y <strong>May Chomali (67)<\/strong> en Salud. <strong>Natalia Duco (37)<\/strong> encabezar\u00e1 Deportes, mientras que <strong>Fernando Barros Tocornal (68)<\/strong> asumir\u00e1 Defensa.<\/p>\n\n\n\n<p>El gabinete se completa con nombres como <strong>Ximena Rinc\u00f3n<\/strong> en Energ\u00eda, <strong>Jaime Campos<\/strong> en Agricultura y <strong>Daniel Mas<\/strong> como biministro de Econom\u00eda y Miner\u00eda, reflejando un dise\u00f1o que apuesta por diversidad pol\u00edtica y experiencia sectorial.<\/p>\n\n\n\n<p>\ud83d\udcf7 AGENCIA UNO<\/p>\n","protected":false},"excerpt":{"rendered":"<p>Se despej\u00f3 la inc\u00f3gnita. El chilote Claudio Alvarado de 65 a\u00f1os, fue designado como ministro del Interior del gobierno del Presidente electo Jos\u00e9 Antonio Kast, convirti\u00e9ndose en una de las..<\/p>\n","protected":false},"author":2,"featured_media":18112,"comment_status":"closed","ping_status":"open","sticky":false,"template":"","format":"standard","meta":{"footnotes":""},"categories":[1,28,51,52,38],"tags":[],"class_list":["post-18111","post","type-post","status-publish","format-standard","has-post-thumbnail","hentry","category-acontecer","category-actual","category-chiloe","category-chile","category-politica"],"rttpg_featured_image_url":{"full":["https:\/\/elconquistadorredloslagos.cl\/test\/wp-content\/uploads\/2026\/01\/IMG-105.jpg",1920,1080,false],"landscape":["https:\/\/elconquistadorredloslagos.cl\/test\/wp-content\/uploads\/2026\/01\/IMG-105.jpg",1920,1080,false],"portraits":["https:\/\/elconquistadorredloslagos.cl\/test\/wp-content\/uploads\/2026\/01\/IMG-105.jpg",1920,1080,false],"thumbnail":["https:\/\/elconquistadorredloslagos.cl\/test\/wp-content\/uploads\/2026\/01\/IMG-105-150x150.jpg",150,150,true],"medium":["https:\/\/elconquistadorredloslagos.cl\/test\/wp-content\/uploads\/2026\/01\/IMG-105-300x169.jpg",300,169,true],"large":["https:\/\/elconquistadorredloslagos.cl\/test\/wp-content\/uploads\/2026\/01\/IMG-105-1024x576.jpg",1024,576,true],"1536x1536":["https:\/\/elconquistadorredloslagos.cl\/test\/wp-content\/uploads\/2026\/01\/IMG-105-1536x864.jpg",1536,864,true],"2048x2048":["https:\/\/elconquistadorredloslagos.cl\/test\/wp-content\/uploads\/2026\/01\/IMG-105.jpg",1920,1080,false]},"rttpg_author":{"display_name":"ccardenas","author_link":"https:\/\/elconquistadorredloslagos.cl\/test\/blog\/author\/ccardenas\/"},"rttpg_comment":0,"rttpg_category":"<a href=\"https:\/\/elconquistadorredloslagos.cl\/test\/blog\/category\/actual\/acontecer\/\" rel=\"category tag\">Acontecer<\/a> <a href=\"https:\/\/elconquistadorredloslagos.cl\/test\/blog\/category\/actual\/\" rel=\"category tag\">Actualidad<\/a> <a href=\"https:\/\/elconquistadorredloslagos.cl\/test\/blog\/category\/chile\/chiloe\/\" rel=\"category tag\">Chilo\u00e9<\/a> <a href=\"https:\/\/elconquistadorredloslagos.cl\/test\/blog\/category\/chile\/\" rel=\"category tag\">Nacional<\/a> <a href=\"https:\/\/elconquistadorredloslagos.cl\/test\/blog\/category\/actual\/politica\/\" rel=\"category tag\">Politica<\/a>","rttpg_excerpt":"Se despej\u00f3 la inc\u00f3gnita. El chilote Claudio Alvarado de 65 a\u00f1os, fue designado como ministro del Interior del gobierno del Presidente electo Jos\u00e9 Antonio Kast, convirti\u00e9ndose en una de las..","_links":{"self":[{"href":"https:\/\/elconquistadorredloslagos.cl\/test\/wp-json\/wp\/v2\/posts\/18111","targetHints":{"allow":["GET"]}}],"collection":[{"href":"https:\/\/elconquistadorredloslagos.cl\/test\/wp-json\/wp\/v2\/posts"}],"about":[{"href":"https:\/\/elconquistadorredloslagos.cl\/test\/wp-json\/wp\/v2\/types\/post"}],"author":[{"embeddable":true,"href":"https:\/\/elconquistadorredloslagos.cl\/test\/wp-json\/wp\/v2\/users\/2"}],"replies":[{"embeddable":true,"href":"https:\/\/elconquistadorredloslagos.cl\/test\/wp-json\/wp\/v2\/comments?post=18111"}],"version-history":[{"count":1,"href":"https:\/\/elconquistadorredloslagos.cl\/test\/wp-json\/wp\/v2\/posts\/18111\/revisions"}],"predecessor-version":[{"id":18113,"href":"https:\/\/elconquistadorredloslagos.cl\/test\/wp-json\/wp\/v2\/posts\/18111\/revisions\/18113"}],"wp:featuredmedia":[{"embeddable":true,"href":"https:\/\/elconquistadorredloslagos.cl\/test\/wp-json\/wp\/v2\/media\/18112"}],"wp:attachment":[{"href":"https:\/\/elconquistadorredloslagos.cl\/test\/wp-json\/wp\/v2\/media?parent=18111"}],"wp:term":[{"taxonomy":"category","embeddable":true,"href":"https:\/\/elconquistadorredloslagos.cl\/test\/wp-json\/wp\/v2\/categories?post=18111"},{"taxonomy":"post_tag","embeddable":true,"href":"https:\/\/elconquistadorredloslagos.cl\/test\/wp-json\/wp\/v2\/tags?post=18111"}],"curies":[{"name":"wp","href":"https:\/\/api.w.org\/{rel}","templated":true}]}}