{"id":18092,"date":"2026-01-20T14:36:15","date_gmt":"2026-01-20T17:36:15","guid":{"rendered":"https:\/\/elconquistadorredloslagos.cl\/test\/?p=18092"},"modified":"2026-01-20T14:36:16","modified_gmt":"2026-01-20T17:36:16","slug":"bomberos-de-llanquihue-refuerzan-combate-de-incendios-en-la-araucania","status":"publish","type":"post","link":"https:\/\/elconquistadorredloslagos.cl\/test\/blog\/2026\/01\/20\/bomberos-de-llanquihue-refuerzan-combate-de-incendios-en-la-araucania\/","title":{"rendered":"Bomberos de Llanquihue refuerzan combate de incendios en La Araucan\u00eda"},"content":{"rendered":"\n<p>Desde Puerto Montt parti\u00f3 la primera avanzada de Bomberos de la Provincia de Llanquihue rumbo a La Araucan\u00eda, donde los incendios forestales mantienen en vilo a extensos territorios.<\/p>\n\n\n\n<p>La caravana fue creciendo kil\u00f3metro a kil\u00f3metro. A lo largo del trayecto se sumaron unidades de Puerto Varas, Llanquihue y Frutillar, hasta conformar una Fuerza de Tarea integrada por 43 voluntarios y ocho veh\u00edculos especializados, bajo la coordinaci\u00f3n provincial del comandante Roberto Angulo.<\/p>\n\n\n\n<p>El contingente se trasladar\u00e1 hasta el Cuartel General de Bomberos de Temuco, desde donde ser\u00e1 desplegado seg\u00fan las necesidades operativas del combate al fuego, en un per\u00edodo inicial de cinco d\u00edas, con posibilidad de relevo. El objetivo es uno solo: reforzar las l\u00edneas de contenci\u00f3n donde las llamas siguen avanzando.<\/p>\n\n\n\n<p>Dentro del equipo destaca el grupo forestal de Puerto Montt, compuesto por 18 voluntarios (seis de ellos mujeres) y encabezado por Camila Soto Madrid, de la Tercera Compa\u00f1\u00eda. La unidad viaja con carros forestales, log\u00edstica m\u00f3vil, veh\u00edculos de transporte y un puesto de comando adaptable.<\/p>\n\n\n\n<p>Acreditados desde 2024 ante el Sistema Nacional de Operaciones, los bomberos forestales de Puerto Montt suman experiencia en emergencias previas en Pur\u00e9n, San Pablo y Galvarino. Hoy, vuelven a ponerse al frente, donde el fuego no da tregua.<\/p>\n\n\n\n<p>\ud83d\udcf7 Referencial<\/p>\n","protected":false},"excerpt":{"rendered":"<p>Desde Puerto Montt parti\u00f3 la primera avanzada de Bomberos de la Provincia de Llanquihue rumbo a La Araucan\u00eda, donde los incendios forestales mantienen en vilo a extensos territorios. La caravana..<\/p>\n","protected":false},"author":2,"featured_media":18093,"comment_status":"closed","ping_status":"open","sticky":false,"template":"","format":"standard","meta":{"footnotes":""},"categories":[1,28,54,52,56],"tags":[],"class_list":["post-18092","post","type-post","status-publish","format-standard","has-post-thumbnail","hentry","category-acontecer","category-actual","category-lago-llanquihue","category-chile","category-puerto-montt"],"rttpg_featured_image_url":{"full":["https:\/\/elconquistadorredloslagos.cl\/test\/wp-content\/uploads\/2026\/01\/IMG-102.jpg",1920,1080,false],"landscape":["https:\/\/elconquistadorredloslagos.cl\/test\/wp-content\/uploads\/2026\/01\/IMG-102.jpg",1920,1080,false],"portraits":["https:\/\/elconquistadorredloslagos.cl\/test\/wp-content\/uploads\/2026\/01\/IMG-102.jpg",1920,1080,false],"thumbnail":["https:\/\/elconquistadorredloslagos.cl\/test\/wp-content\/uploads\/2026\/01\/IMG-102-150x150.jpg",150,150,true],"medium":["https:\/\/elconquistadorredloslagos.cl\/test\/wp-content\/uploads\/2026\/01\/IMG-102-300x169.jpg",300,169,true],"large":["https:\/\/elconquistadorredloslagos.cl\/test\/wp-content\/uploads\/2026\/01\/IMG-102-1024x576.jpg",1024,576,true],"1536x1536":["https:\/\/elconquistadorredloslagos.cl\/test\/wp-content\/uploads\/2026\/01\/IMG-102-1536x864.jpg",1536,864,true],"2048x2048":["https:\/\/elconquistadorredloslagos.cl\/test\/wp-content\/uploads\/2026\/01\/IMG-102.jpg",1920,1080,false]},"rttpg_author":{"display_name":"ccardenas","author_link":"https:\/\/elconquistadorredloslagos.cl\/test\/blog\/author\/ccardenas\/"},"rttpg_comment":0,"rttpg_category":"<a href=\"https:\/\/elconquistadorredloslagos.cl\/test\/blog\/category\/actual\/acontecer\/\" rel=\"category tag\">Acontecer<\/a> <a href=\"https:\/\/elconquistadorredloslagos.cl\/test\/blog\/category\/actual\/\" rel=\"category tag\">Actualidad<\/a> <a href=\"https:\/\/elconquistadorredloslagos.cl\/test\/blog\/category\/chile\/lago-llanquihue\/\" rel=\"category tag\">Lago LLanquihue<\/a> <a href=\"https:\/\/elconquistadorredloslagos.cl\/test\/blog\/category\/chile\/\" rel=\"category tag\">Nacional<\/a> <a href=\"https:\/\/elconquistadorredloslagos.cl\/test\/blog\/category\/chile\/puerto-montt\/\" rel=\"category tag\">Puerto Montt<\/a>","rttpg_excerpt":"Desde Puerto Montt parti\u00f3 la primera avanzada de Bomberos de la Provincia de Llanquihue rumbo a La Araucan\u00eda, donde los incendios forestales mantienen en vilo a extensos territorios. La caravana..","_links":{"self":[{"href":"https:\/\/elconquistadorredloslagos.cl\/test\/wp-json\/wp\/v2\/posts\/18092","targetHints":{"allow":["GET"]}}],"collection":[{"href":"https:\/\/elconquistadorredloslagos.cl\/test\/wp-json\/wp\/v2\/posts"}],"about":[{"href":"https:\/\/elconquistadorredloslagos.cl\/test\/wp-json\/wp\/v2\/types\/post"}],"author":[{"embeddable":true,"href":"https:\/\/elconquistadorredloslagos.cl\/test\/wp-json\/wp\/v2\/users\/2"}],"replies":[{"embeddable":true,"href":"https:\/\/elconquistadorredloslagos.cl\/test\/wp-json\/wp\/v2\/comments?post=18092"}],"version-history":[{"count":1,"href":"https:\/\/elconquistadorredloslagos.cl\/test\/wp-json\/wp\/v2\/posts\/18092\/revisions"}],"predecessor-version":[{"id":18094,"href":"https:\/\/elconquistadorredloslagos.cl\/test\/wp-json\/wp\/v2\/posts\/18092\/revisions\/18094"}],"wp:featuredmedia":[{"embeddable":true,"href":"https:\/\/elconquistadorredloslagos.cl\/test\/wp-json\/wp\/v2\/media\/18093"}],"wp:attachment":[{"href":"https:\/\/elconquistadorredloslagos.cl\/test\/wp-json\/wp\/v2\/media?parent=18092"}],"wp:term":[{"taxonomy":"category","embeddable":true,"href":"https:\/\/elconquistadorredloslagos.cl\/test\/wp-json\/wp\/v2\/categories?post=18092"},{"taxonomy":"post_tag","embeddable":true,"href":"https:\/\/elconquistadorredloslagos.cl\/test\/wp-json\/wp\/v2\/tags?post=18092"}],"curies":[{"name":"wp","href":"https:\/\/api.w.org\/{rel}","templated":true}]}}