{"id":18078,"date":"2026-01-20T14:01:00","date_gmt":"2026-01-20T17:01:00","guid":{"rendered":"https:\/\/elconquistadorredloslagos.cl\/test\/?p=18078"},"modified":"2026-01-20T14:01:01","modified_gmt":"2026-01-20T17:01:01","slug":"dalcahue-y-nunoa-sellan-convenio-de-colaboracion-para-impulsar-el-turismo-la-cultura-la-seguridad-y-el-desarrollo-local","status":"publish","type":"post","link":"https:\/\/elconquistadorredloslagos.cl\/test\/blog\/2026\/01\/20\/dalcahue-y-nunoa-sellan-convenio-de-colaboracion-para-impulsar-el-turismo-la-cultura-la-seguridad-y-el-desarrollo-local\/","title":{"rendered":"Dalcahue y \u00d1u\u00f1oa sellan convenio de colaboraci\u00f3n para impulsar el turismo, la cultura, la seguridad y el desarrollo local"},"content":{"rendered":"\n<p>Dalcahue dio hoy un paso decisivo en su proyecci\u00f3n de futuro tras la visita del alcalde de \u00d1u\u00f1oa, Sebasti\u00e1n Sichel, quien lleg\u00f3 a la comuna junto a parte de su equipo t\u00e9cnico para concretar la firma de un convenio de colaboraci\u00f3n estrat\u00e9gica con la municipalidad de Dalcahue. La actividad fue encabezada por el alcalde subrogante de Dalcahue, Fernando Ruiz, marcando un hito de cooperaci\u00f3n entre territorios que, pese a su distancia geogr\u00e1fica, comparten una visi\u00f3n com\u00fan de desarrollo con identidad y oportunidades.<\/p>\n\n\n\n<p>El acuerdo establece un marco de trabajo conjunto en \u00e1reas clave como turismo, cultura, desarrollo local, fortalecimiento de la gesti\u00f3n municipal y seguridad, promoviendo el intercambio de experiencias, buenas pr\u00e1cticas y apoyo t\u00e9cnico entre ambas comunas. En este \u00faltimo \u00e1mbito, el convenio permitir\u00e1 avanzar en estrategias preventivas, coordinaci\u00f3n institucional y fortalecimiento de capacidades locales para entregar mayor tranquilidad a las comunidades.<\/p>\n\n\n\n<p>El alcalde de \u00d1u\u00f1oa, Sebasti\u00e1n Sichel, destac\u00f3 el valor del acuerdo y su impacto territorial:<\/p>\n\n\n\n<figure class=\"wp-block-audio\"><audio controls src=\"https:\/\/elconquistadorredloslagos.cl\/test\/wp-content\/uploads\/2026\/01\/ALCALDE-NUNOA.mp3\"><\/audio><\/figure>\n\n\n\n<p>Por su parte, el alcalde subrogante Fernando Ruiz, en representaci\u00f3n de la alcaldesa Alejandra Villegas, subray\u00f3 la relevancia estrat\u00e9gica del convenio para Dalcahue:<\/p>\n\n\n\n<figure class=\"wp-block-audio\"><audio controls src=\"https:\/\/elconquistadorredloslagos.cl\/test\/wp-content\/uploads\/2026\/01\/FERNANDO-RUIZ.mp3\"><\/audio><\/figure>\n\n\n\n<p>Desde la Municipalidad de Dalcahue se recalc\u00f3 que este convenio representa una alianza concreta y de largo plazo, orientada a generar proyectos reales, fortalecer la gesti\u00f3n local y avanzar en desaf\u00edos prioritarios como el desarrollo econ\u00f3mico, la protecci\u00f3n del patrimonio y la seguridad comunitaria.<\/p>\n\n\n\n<figure class=\"wp-block-gallery has-nested-images columns-default is-cropped wp-block-gallery-1 is-layout-flex wp-block-gallery-is-layout-flex\">\n<figure class=\"wp-block-image size-large\"><img loading=\"lazy\" decoding=\"async\" width=\"1024\" height=\"473\" data-id=\"18084\" src=\"https:\/\/elconquistadorredloslagos.cl\/test\/wp-content\/uploads\/2026\/01\/20260120_111529-1024x473.jpg\" alt=\"\" class=\"wp-image-18084\" \/><\/figure>\n\n\n\n<figure class=\"wp-block-image size-large\"><img loading=\"lazy\" decoding=\"async\" width=\"985\" height=\"791\" data-id=\"18082\" src=\"https:\/\/elconquistadorredloslagos.cl\/test\/wp-content\/uploads\/2026\/01\/20260120_1159260.jpg\" alt=\"\" class=\"wp-image-18082\" \/><\/figure>\n\n\n\n<figure class=\"wp-block-image size-large\"><img loading=\"lazy\" decoding=\"async\" width=\"1025\" height=\"789\" data-id=\"18083\" src=\"https:\/\/elconquistadorredloslagos.cl\/test\/wp-content\/uploads\/2026\/01\/20260120_115950.jpg\" alt=\"\" class=\"wp-image-18083\" \/><\/figure>\n<\/figure>\n","protected":false},"excerpt":{"rendered":"<p>Dalcahue dio hoy un paso decisivo en su proyecci\u00f3n de futuro tras la visita del alcalde de \u00d1u\u00f1oa, Sebasti\u00e1n Sichel, quien lleg\u00f3 a la comuna junto a parte de su..<\/p>\n","protected":false},"author":2,"featured_media":18081,"comment_status":"closed","ping_status":"open","sticky":false,"template":"","format":"standard","meta":{"footnotes":""},"categories":[1,28,51,52,38],"tags":[],"class_list":["post-18078","post","type-post","status-publish","format-standard","has-post-thumbnail","hentry","category-acontecer","category-actual","category-chiloe","category-chile","category-politica"],"rttpg_featured_image_url":{"full":["https:\/\/elconquistadorredloslagos.cl\/test\/wp-content\/uploads\/2026\/01\/IMG-99.jpg",1920,1080,false],"landscape":["https:\/\/elconquistadorredloslagos.cl\/test\/wp-content\/uploads\/2026\/01\/IMG-99.jpg",1920,1080,false],"portraits":["https:\/\/elconquistadorredloslagos.cl\/test\/wp-content\/uploads\/2026\/01\/IMG-99.jpg",1920,1080,false],"thumbnail":["https:\/\/elconquistadorredloslagos.cl\/test\/wp-content\/uploads\/2026\/01\/IMG-99-150x150.jpg",150,150,true],"medium":["https:\/\/elconquistadorredloslagos.cl\/test\/wp-content\/uploads\/2026\/01\/IMG-99-300x169.jpg",300,169,true],"large":["https:\/\/elconquistadorredloslagos.cl\/test\/wp-content\/uploads\/2026\/01\/IMG-99-1024x576.jpg",1024,576,true],"1536x1536":["https:\/\/elconquistadorredloslagos.cl\/test\/wp-content\/uploads\/2026\/01\/IMG-99-1536x864.jpg",1536,864,true],"2048x2048":["https:\/\/elconquistadorredloslagos.cl\/test\/wp-content\/uploads\/2026\/01\/IMG-99.jpg",1920,1080,false]},"rttpg_author":{"display_name":"ccardenas","author_link":"https:\/\/elconquistadorredloslagos.cl\/test\/blog\/author\/ccardenas\/"},"rttpg_comment":0,"rttpg_category":"<a href=\"https:\/\/elconquistadorredloslagos.cl\/test\/blog\/category\/actual\/acontecer\/\" rel=\"category tag\">Acontecer<\/a> <a href=\"https:\/\/elconquistadorredloslagos.cl\/test\/blog\/category\/actual\/\" rel=\"category tag\">Actualidad<\/a> <a href=\"https:\/\/elconquistadorredloslagos.cl\/test\/blog\/category\/chile\/chiloe\/\" rel=\"category tag\">Chilo\u00e9<\/a> <a href=\"https:\/\/elconquistadorredloslagos.cl\/test\/blog\/category\/chile\/\" rel=\"category tag\">Nacional<\/a> <a href=\"https:\/\/elconquistadorredloslagos.cl\/test\/blog\/category\/actual\/politica\/\" rel=\"category tag\">Politica<\/a>","rttpg_excerpt":"Dalcahue dio hoy un paso decisivo en su proyecci\u00f3n de futuro tras la visita del alcalde de \u00d1u\u00f1oa, Sebasti\u00e1n Sichel, quien lleg\u00f3 a la comuna junto a parte de su..","_links":{"self":[{"href":"https:\/\/elconquistadorredloslagos.cl\/test\/wp-json\/wp\/v2\/posts\/18078","targetHints":{"allow":["GET"]}}],"collection":[{"href":"https:\/\/elconquistadorredloslagos.cl\/test\/wp-json\/wp\/v2\/posts"}],"about":[{"href":"https:\/\/elconquistadorredloslagos.cl\/test\/wp-json\/wp\/v2\/types\/post"}],"author":[{"embeddable":true,"href":"https:\/\/elconquistadorredloslagos.cl\/test\/wp-json\/wp\/v2\/users\/2"}],"replies":[{"embeddable":true,"href":"https:\/\/elconquistadorredloslagos.cl\/test\/wp-json\/wp\/v2\/comments?post=18078"}],"version-history":[{"count":1,"href":"https:\/\/elconquistadorredloslagos.cl\/test\/wp-json\/wp\/v2\/posts\/18078\/revisions"}],"predecessor-version":[{"id":18085,"href":"https:\/\/elconquistadorredloslagos.cl\/test\/wp-json\/wp\/v2\/posts\/18078\/revisions\/18085"}],"wp:featuredmedia":[{"embeddable":true,"href":"https:\/\/elconquistadorredloslagos.cl\/test\/wp-json\/wp\/v2\/media\/18081"}],"wp:attachment":[{"href":"https:\/\/elconquistadorredloslagos.cl\/test\/wp-json\/wp\/v2\/media?parent=18078"}],"wp:term":[{"taxonomy":"category","embeddable":true,"href":"https:\/\/elconquistadorredloslagos.cl\/test\/wp-json\/wp\/v2\/categories?post=18078"},{"taxonomy":"post_tag","embeddable":true,"href":"https:\/\/elconquistadorredloslagos.cl\/test\/wp-json\/wp\/v2\/tags?post=18078"}],"curies":[{"name":"wp","href":"https:\/\/api.w.org\/{rel}","templated":true}]}}