{"id":18065,"date":"2026-01-20T12:00:15","date_gmt":"2026-01-20T15:00:15","guid":{"rendered":"https:\/\/elconquistadorredloslagos.cl\/test\/?p=18065"},"modified":"2026-01-20T12:00:16","modified_gmt":"2026-01-20T15:00:16","slug":"chiloe-activa-red-solidaria-ante-emergencia-por-incendios-en-biobio-y-nuble","status":"publish","type":"post","link":"https:\/\/elconquistadorredloslagos.cl\/test\/blog\/2026\/01\/20\/chiloe-activa-red-solidaria-ante-emergencia-por-incendios-en-biobio-y-nuble\/","title":{"rendered":"Chilo\u00e9 activa red solidaria ante emergencia por incendios en Biob\u00edo y \u00d1uble"},"content":{"rendered":"\n<p>La emergencia provocada por los incendios forestales en las regiones del Biob\u00edo y \u00d1uble encendi\u00f3 una r\u00e1pida respuesta solidaria en la provincia de Chilo\u00e9, donde municipios, bomberos, empresas y organizaciones sociales comenzaron a articular campa\u00f1as de apoyo para los damnificados y equipos de emergencia.<\/p>\n\n\n\n<p>En Castro, el municipio habilit\u00f3 un centro de acopio en la Oficina de Informaci\u00f3n Tur\u00edstica, ubicada en la plaza de armas, convirti\u00e9ndose en uno de los pocos puntos activos en el archipi\u00e9lago. Desde este martes, las donaciones se reciben en horario continuado, entre las 09.00 y las 20.00 horas, y se mantendr\u00e1n durante los pr\u00f3ximos d\u00edas.<\/p>\n\n\n\n<p>La ayuda priorizada apunta a insumos cr\u00edticos para emergencias, como pa\u00f1ales, art\u00edculos de higiene personal, productos de limpieza y \u00fatiles sanitarios, dejando fuera ropa u otros elementos que dificulten la distribuci\u00f3n. Desde el Departamento de Organizaciones Comunitarias, Mauricio Jaque explic\u00f3 que la focalizaci\u00f3n permite acelerar la entrega y responder con mayor eficiencia en las zonas afectadas.<\/p>\n\n\n\n<p>En Ancud, la Quinta Compa\u00f1\u00eda de Bomberos lanz\u00f3 una campa\u00f1a especial en apoyo a voluntarios de Bulnes y Lirqu\u00e9n que perdieron sus hogares, habilitando su cuartel como centro de acopio. La ayuda se concentra en art\u00edculos de descanso, ropa interior nueva y \u00fatiles de aseo.<\/p>\n\n\n\n<p>A esta cruzada se suman empresas locales y acciones log\u00edsticas privadas, mientras en Quell\u00f3n, vecinos y el hospital comunitario impulsan una jornada solidaria para recolectar alimentos, productos de higiene y apoyo b\u00e1sico, demostrando que, frente al fuego, Chilo\u00e9 vuelve a responder como un solo territorio.<\/p>\n","protected":false},"excerpt":{"rendered":"<p>La emergencia provocada por los incendios forestales en las regiones del Biob\u00edo y \u00d1uble encendi\u00f3 una r\u00e1pida respuesta solidaria en la provincia de Chilo\u00e9, donde municipios, bomberos, empresas y organizaciones..<\/p>\n","protected":false},"author":2,"featured_media":18069,"comment_status":"closed","ping_status":"open","sticky":false,"template":"","format":"standard","meta":{"footnotes":""},"categories":[1,28,51,52],"tags":[],"class_list":["post-18065","post","type-post","status-publish","format-standard","has-post-thumbnail","hentry","category-acontecer","category-actual","category-chiloe","category-chile"],"rttpg_featured_image_url":{"full":["https:\/\/elconquistadorredloslagos.cl\/test\/wp-content\/uploads\/2026\/01\/img-98.jpg",1920,1080,false],"landscape":["https:\/\/elconquistadorredloslagos.cl\/test\/wp-content\/uploads\/2026\/01\/img-98.jpg",1920,1080,false],"portraits":["https:\/\/elconquistadorredloslagos.cl\/test\/wp-content\/uploads\/2026\/01\/img-98.jpg",1920,1080,false],"thumbnail":["https:\/\/elconquistadorredloslagos.cl\/test\/wp-content\/uploads\/2026\/01\/img-98-150x150.jpg",150,150,true],"medium":["https:\/\/elconquistadorredloslagos.cl\/test\/wp-content\/uploads\/2026\/01\/img-98-300x169.jpg",300,169,true],"large":["https:\/\/elconquistadorredloslagos.cl\/test\/wp-content\/uploads\/2026\/01\/img-98-1024x576.jpg",1024,576,true],"1536x1536":["https:\/\/elconquistadorredloslagos.cl\/test\/wp-content\/uploads\/2026\/01\/img-98-1536x864.jpg",1536,864,true],"2048x2048":["https:\/\/elconquistadorredloslagos.cl\/test\/wp-content\/uploads\/2026\/01\/img-98.jpg",1920,1080,false]},"rttpg_author":{"display_name":"ccardenas","author_link":"https:\/\/elconquistadorredloslagos.cl\/test\/blog\/author\/ccardenas\/"},"rttpg_comment":0,"rttpg_category":"<a href=\"https:\/\/elconquistadorredloslagos.cl\/test\/blog\/category\/actual\/acontecer\/\" rel=\"category tag\">Acontecer<\/a> <a href=\"https:\/\/elconquistadorredloslagos.cl\/test\/blog\/category\/actual\/\" rel=\"category tag\">Actualidad<\/a> <a href=\"https:\/\/elconquistadorredloslagos.cl\/test\/blog\/category\/chile\/chiloe\/\" rel=\"category tag\">Chilo\u00e9<\/a> <a href=\"https:\/\/elconquistadorredloslagos.cl\/test\/blog\/category\/chile\/\" rel=\"category tag\">Nacional<\/a>","rttpg_excerpt":"La emergencia provocada por los incendios forestales en las regiones del Biob\u00edo y \u00d1uble encendi\u00f3 una r\u00e1pida respuesta solidaria en la provincia de Chilo\u00e9, donde municipios, bomberos, empresas y organizaciones..","_links":{"self":[{"href":"https:\/\/elconquistadorredloslagos.cl\/test\/wp-json\/wp\/v2\/posts\/18065","targetHints":{"allow":["GET"]}}],"collection":[{"href":"https:\/\/elconquistadorredloslagos.cl\/test\/wp-json\/wp\/v2\/posts"}],"about":[{"href":"https:\/\/elconquistadorredloslagos.cl\/test\/wp-json\/wp\/v2\/types\/post"}],"author":[{"embeddable":true,"href":"https:\/\/elconquistadorredloslagos.cl\/test\/wp-json\/wp\/v2\/users\/2"}],"replies":[{"embeddable":true,"href":"https:\/\/elconquistadorredloslagos.cl\/test\/wp-json\/wp\/v2\/comments?post=18065"}],"version-history":[{"count":1,"href":"https:\/\/elconquistadorredloslagos.cl\/test\/wp-json\/wp\/v2\/posts\/18065\/revisions"}],"predecessor-version":[{"id":18070,"href":"https:\/\/elconquistadorredloslagos.cl\/test\/wp-json\/wp\/v2\/posts\/18065\/revisions\/18070"}],"wp:featuredmedia":[{"embeddable":true,"href":"https:\/\/elconquistadorredloslagos.cl\/test\/wp-json\/wp\/v2\/media\/18069"}],"wp:attachment":[{"href":"https:\/\/elconquistadorredloslagos.cl\/test\/wp-json\/wp\/v2\/media?parent=18065"}],"wp:term":[{"taxonomy":"category","embeddable":true,"href":"https:\/\/elconquistadorredloslagos.cl\/test\/wp-json\/wp\/v2\/categories?post=18065"},{"taxonomy":"post_tag","embeddable":true,"href":"https:\/\/elconquistadorredloslagos.cl\/test\/wp-json\/wp\/v2\/tags?post=18065"}],"curies":[{"name":"wp","href":"https:\/\/api.w.org\/{rel}","templated":true}]}}