{"id":17996,"date":"2026-01-17T19:19:24","date_gmt":"2026-01-17T22:19:24","guid":{"rendered":"https:\/\/elconquistadorredloslagos.cl\/test\/?p=17996"},"modified":"2026-01-17T19:19:25","modified_gmt":"2026-01-17T22:19:25","slug":"dalcahue-presenta-medalla-conmemorativa-por-los-200-anos-de-la-anexion-de-chiloe-a-chile","status":"publish","type":"post","link":"https:\/\/elconquistadorredloslagos.cl\/test\/blog\/2026\/01\/17\/dalcahue-presenta-medalla-conmemorativa-por-los-200-anos-de-la-anexion-de-chiloe-a-chile\/","title":{"rendered":"Dalcahue presenta medalla conmemorativa por los 200 a\u00f1os de la anexi\u00f3n de Chilo\u00e9 a Chile"},"content":{"rendered":"\n<p>En el marco de la conmemoraci\u00f3n de los 200 a\u00f1os de la anexi\u00f3n del archipi\u00e9lago de Chilo\u00e9 a la Rep\u00fablica de Chile, la municipalidad de Dalcahue present\u00f3 oficialmente una medalla conmemorativa del Bicentenario de Chilo\u00e9 (1826\u20132026), una pieza cargada de simbolismo hist\u00f3rico, identidad cultural y memoria colectiva.<\/p>\n\n\n\n<p>Esta iniciativa posiciona a Dalcahue como la \u00fanica comuna de la provincia de Chilo\u00e9 que ha elaborado una medalla conmemorativa por este bicentenario, entendiendo la trascendencia hist\u00f3rica de este hito y su importancia no solo para el pasado, sino tambi\u00e9n para la construcci\u00f3n de identidad y proyecci\u00f3n de futuro de las nuevas generaciones.<\/p>\n\n\n\n<p>La medalla recoge un momento clave de la historia nacional y chilota: la firma del Tratado de Tantauco, que sell\u00f3 la incorporaci\u00f3n definitiva del archipi\u00e9lago al territorio chileno. <\/p>\n\n\n\n<p>A trav\u00e9s de su dise\u00f1o, la pieza pone en valor el rol hist\u00f3rico de Chilo\u00e9 como \u00faltimo basti\u00f3n del Imperio Espa\u00f1ol en Sudam\u00e9rica, y al mismo tiempo destaca el tr\u00e1nsito hacia la vida republicana, integrando a Chilo\u00e9 como parte esencial de la construcci\u00f3n de Chile. <\/p>\n\n\n\n<p>Dentro de ese contexto, la alcaldesa Alejandra Villegas valor\u00f3 y agradeci\u00f3 a nombre de la comuna de Dalcahue el importante aporte que hicieron, para relevar este hecho hist\u00f3rico, los creadores de la medalla Bicentenario de Chiloe; al gestor cultural H\u00e9ctor Contador, Pablo Paredes Navarro y Francisco P\u00e9rez Ort\u00edz.<\/p>\n\n\n\n<p>La primera autoridad comunal, destac\u00f3 el sentido profundo de esta conmemoraci\u00f3n:<\/p>\n\n\n\n<figure class=\"wp-block-audio\"><audio controls src=\"https:\/\/elconquistadorredloslagos.cl\/test\/wp-content\/uploads\/2026\/01\/AUD-20260117-WA0017.mp3\"><\/audio><\/figure>\n\n\n\n<p>El dise\u00f1o de la medalla incorpora elementos hist\u00f3ricos relevantes y simbolog\u00eda institucional, reforzando el v\u00ednculo entre historia nacional, identidad local y patrimonio cultural, consolidando a Dalcahue como una comuna activa en la puesta en valor de la memoria hist\u00f3rica del archipi\u00e9lago.<\/p>\n\n\n\n<p>Por su parte, el gestor cultural e investigador H\u00e9ctor Contador, valor\u00f3 el enfoque de la conmemoraci\u00f3n aseverando la importancia que ha tenido Chilo\u00e9 como territorio en la historia de nuestro pa\u00eds:<\/p>\n\n\n\n<figure class=\"wp-block-audio\"><audio controls src=\"https:\/\/elconquistadorredloslagos.cl\/test\/wp-content\/uploads\/2026\/01\/AUD-20260117-WA0018-1.mp3\"><\/audio><\/figure>\n\n\n\n<p>De esta manera la municipalidad de Dalcahue reafirma su compromiso con la cultura, el patrimonio y la memoria, entendiendo que el desarrollo de las comunidades tambi\u00e9n se construye desde el reconocimiento de su historia, sus s\u00edmbolos y su identidad.<\/p>\n\n\n\n<figure class=\"wp-block-gallery has-nested-images columns-default is-cropped wp-block-gallery-1 is-layout-flex wp-block-gallery-is-layout-flex\">\n<figure class=\"wp-block-image size-large\"><img loading=\"lazy\" decoding=\"async\" width=\"1024\" height=\"576\" data-id=\"18001\" src=\"https:\/\/elconquistadorredloslagos.cl\/test\/wp-content\/uploads\/2026\/01\/IMG-20260117-WA0015-1024x576.jpg\" alt=\"\" class=\"wp-image-18001\" \/><\/figure>\n\n\n\n<figure class=\"wp-block-image size-large\"><img loading=\"lazy\" decoding=\"async\" width=\"1024\" height=\"682\" data-id=\"18000\" src=\"https:\/\/elconquistadorredloslagos.cl\/test\/wp-content\/uploads\/2026\/01\/IMG-20260117-WA0014-1024x682.jpg\" alt=\"\" class=\"wp-image-18000\" \/><\/figure>\n<\/figure>\n\n\n\n<p><\/p>\n","protected":false},"excerpt":{"rendered":"<p>En el marco de la conmemoraci\u00f3n de los 200 a\u00f1os de la anexi\u00f3n del archipi\u00e9lago de Chilo\u00e9 a la Rep\u00fablica de Chile, la municipalidad de Dalcahue present\u00f3 oficialmente una medalla..<\/p>\n","protected":false},"author":2,"featured_media":18002,"comment_status":"closed","ping_status":"open","sticky":false,"template":"","format":"standard","meta":{"footnotes":""},"categories":[1,28,51],"tags":[],"class_list":["post-17996","post","type-post","status-publish","format-standard","has-post-thumbnail","hentry","category-acontecer","category-actual","category-chiloe"],"rttpg_featured_image_url":{"full":["https:\/\/elconquistadorredloslagos.cl\/test\/wp-content\/uploads\/2026\/01\/uesta_20260117_191205_0000.jpg",1920,1080,false],"landscape":["https:\/\/elconquistadorredloslagos.cl\/test\/wp-content\/uploads\/2026\/01\/uesta_20260117_191205_0000.jpg",1920,1080,false],"portraits":["https:\/\/elconquistadorredloslagos.cl\/test\/wp-content\/uploads\/2026\/01\/uesta_20260117_191205_0000.jpg",1920,1080,false],"thumbnail":["https:\/\/elconquistadorredloslagos.cl\/test\/wp-content\/uploads\/2026\/01\/uesta_20260117_191205_0000-150x150.jpg",150,150,true],"medium":["https:\/\/elconquistadorredloslagos.cl\/test\/wp-content\/uploads\/2026\/01\/uesta_20260117_191205_0000-300x169.jpg",300,169,true],"large":["https:\/\/elconquistadorredloslagos.cl\/test\/wp-content\/uploads\/2026\/01\/uesta_20260117_191205_0000-1024x576.jpg",1024,576,true],"1536x1536":["https:\/\/elconquistadorredloslagos.cl\/test\/wp-content\/uploads\/2026\/01\/uesta_20260117_191205_0000-1536x864.jpg",1536,864,true],"2048x2048":["https:\/\/elconquistadorredloslagos.cl\/test\/wp-content\/uploads\/2026\/01\/uesta_20260117_191205_0000.jpg",1920,1080,false]},"rttpg_author":{"display_name":"ccardenas","author_link":"https:\/\/elconquistadorredloslagos.cl\/test\/blog\/author\/ccardenas\/"},"rttpg_comment":0,"rttpg_category":"<a href=\"https:\/\/elconquistadorredloslagos.cl\/test\/blog\/category\/actual\/acontecer\/\" rel=\"category tag\">Acontecer<\/a> <a href=\"https:\/\/elconquistadorredloslagos.cl\/test\/blog\/category\/actual\/\" rel=\"category tag\">Actualidad<\/a> <a href=\"https:\/\/elconquistadorredloslagos.cl\/test\/blog\/category\/chile\/chiloe\/\" rel=\"category tag\">Chilo\u00e9<\/a>","rttpg_excerpt":"En el marco de la conmemoraci\u00f3n de los 200 a\u00f1os de la anexi\u00f3n del archipi\u00e9lago de Chilo\u00e9 a la Rep\u00fablica de Chile, la municipalidad de Dalcahue present\u00f3 oficialmente una medalla..","_links":{"self":[{"href":"https:\/\/elconquistadorredloslagos.cl\/test\/wp-json\/wp\/v2\/posts\/17996","targetHints":{"allow":["GET"]}}],"collection":[{"href":"https:\/\/elconquistadorredloslagos.cl\/test\/wp-json\/wp\/v2\/posts"}],"about":[{"href":"https:\/\/elconquistadorredloslagos.cl\/test\/wp-json\/wp\/v2\/types\/post"}],"author":[{"embeddable":true,"href":"https:\/\/elconquistadorredloslagos.cl\/test\/wp-json\/wp\/v2\/users\/2"}],"replies":[{"embeddable":true,"href":"https:\/\/elconquistadorredloslagos.cl\/test\/wp-json\/wp\/v2\/comments?post=17996"}],"version-history":[{"count":1,"href":"https:\/\/elconquistadorredloslagos.cl\/test\/wp-json\/wp\/v2\/posts\/17996\/revisions"}],"predecessor-version":[{"id":18003,"href":"https:\/\/elconquistadorredloslagos.cl\/test\/wp-json\/wp\/v2\/posts\/17996\/revisions\/18003"}],"wp:featuredmedia":[{"embeddable":true,"href":"https:\/\/elconquistadorredloslagos.cl\/test\/wp-json\/wp\/v2\/media\/18002"}],"wp:attachment":[{"href":"https:\/\/elconquistadorredloslagos.cl\/test\/wp-json\/wp\/v2\/media?parent=17996"}],"wp:term":[{"taxonomy":"category","embeddable":true,"href":"https:\/\/elconquistadorredloslagos.cl\/test\/wp-json\/wp\/v2\/categories?post=17996"},{"taxonomy":"post_tag","embeddable":true,"href":"https:\/\/elconquistadorredloslagos.cl\/test\/wp-json\/wp\/v2\/tags?post=17996"}],"curies":[{"name":"wp","href":"https:\/\/api.w.org\/{rel}","templated":true}]}}