{"id":17992,"date":"2026-01-16T15:26:41","date_gmt":"2026-01-16T18:26:41","guid":{"rendered":"https:\/\/elconquistadorredloslagos.cl\/test\/?p=17992"},"modified":"2026-01-16T15:26:42","modified_gmt":"2026-01-16T18:26:42","slug":"inauguran-nuevo-gimnasio-fiscal-de-chonchi-con-visita-del-ministro-del-deporte","status":"publish","type":"post","link":"https:\/\/elconquistadorredloslagos.cl\/test\/blog\/2026\/01\/16\/inauguran-nuevo-gimnasio-fiscal-de-chonchi-con-visita-del-ministro-del-deporte\/","title":{"rendered":"Inauguran nuevo Gimnasio Fiscal de Chonchi con visita del ministro del Deporte"},"content":{"rendered":"\n<p>Con la presencia del ministro del Deporte, Jaime Pizarro, fue inaugurado este jueves el renovado Gimnasio Fiscal de Chonchi, infraestructura que busca fortalecer la pr\u00e1ctica deportiva y el desarrollo de actividades comunitarias en la comuna.<\/p>\n\n\n\n<p>La ceremonia cont\u00f3 con la participaci\u00f3n de autoridades nacionales, regionales y locales, entre ellas el delegado presidencial provincial de Chilo\u00e9, Marcelo Malague\u00f1o; la seremi del Deporte, Anahis Arauz; el director regional del IND, Ernesto Villarroel; y el alcalde de Chonchi, Fernando Oyarz\u00fan, adem\u00e1s de concejales, representantes de servicios p\u00fablicos, dirigentes sociales y deportistas.<\/p>\n\n\n\n<p>El proyecto de reposici\u00f3n del recinto fue impulsado por la Secretar\u00eda Comunal de Planificaci\u00f3n (SECPLAN) del municipio y financiado a trav\u00e9s del Instituto Nacional del Deporte, con una inversi\u00f3n superior a los 321 millones de pesos, debido al avanzado deterioro que presentaba la antigua infraestructura.<\/p>\n\n\n\n<p>Durante su intervenci\u00f3n, el alcalde Oyarz\u00fan destac\u00f3 el trabajo conjunto entre el municipio, el Ministerio del Deporte y el IND, subrayando que la nueva infraestructura est\u00e1 pensada para el uso permanente de la comunidad y no como una obra de car\u00e1cter transitorio.<\/p>\n\n\n\n<p>En el marco de la actividad, el ministro Jaime Pizarro firm\u00f3 adem\u00e1s el convenio que reconoce al Palin como deporte regional de los pueblos originarios, iniciativa que surgi\u00f3 a partir de una solicitud realizada en una visita anterior al mismo recinto, reforzando el v\u00ednculo entre deporte, identidad cultural y territorio.<\/p>\n","protected":false},"excerpt":{"rendered":"<p>Con la presencia del ministro del Deporte, Jaime Pizarro, fue inaugurado este jueves el renovado Gimnasio Fiscal de Chonchi, infraestructura que busca fortalecer la pr\u00e1ctica deportiva y el desarrollo de..<\/p>\n","protected":false},"author":2,"featured_media":17993,"comment_status":"closed","ping_status":"open","sticky":false,"template":"","format":"standard","meta":{"footnotes":""},"categories":[1,28,51],"tags":[],"class_list":["post-17992","post","type-post","status-publish","format-standard","has-post-thumbnail","hentry","category-acontecer","category-actual","category-chiloe"],"rttpg_featured_image_url":{"full":["https:\/\/elconquistadorredloslagos.cl\/test\/wp-content\/uploads\/2026\/01\/IMG-85.jpg",1920,1080,false],"landscape":["https:\/\/elconquistadorredloslagos.cl\/test\/wp-content\/uploads\/2026\/01\/IMG-85.jpg",1920,1080,false],"portraits":["https:\/\/elconquistadorredloslagos.cl\/test\/wp-content\/uploads\/2026\/01\/IMG-85.jpg",1920,1080,false],"thumbnail":["https:\/\/elconquistadorredloslagos.cl\/test\/wp-content\/uploads\/2026\/01\/IMG-85-150x150.jpg",150,150,true],"medium":["https:\/\/elconquistadorredloslagos.cl\/test\/wp-content\/uploads\/2026\/01\/IMG-85-300x169.jpg",300,169,true],"large":["https:\/\/elconquistadorredloslagos.cl\/test\/wp-content\/uploads\/2026\/01\/IMG-85-1024x576.jpg",1024,576,true],"1536x1536":["https:\/\/elconquistadorredloslagos.cl\/test\/wp-content\/uploads\/2026\/01\/IMG-85-1536x864.jpg",1536,864,true],"2048x2048":["https:\/\/elconquistadorredloslagos.cl\/test\/wp-content\/uploads\/2026\/01\/IMG-85.jpg",1920,1080,false]},"rttpg_author":{"display_name":"ccardenas","author_link":"https:\/\/elconquistadorredloslagos.cl\/test\/blog\/author\/ccardenas\/"},"rttpg_comment":0,"rttpg_category":"<a href=\"https:\/\/elconquistadorredloslagos.cl\/test\/blog\/category\/actual\/acontecer\/\" rel=\"category tag\">Acontecer<\/a> <a href=\"https:\/\/elconquistadorredloslagos.cl\/test\/blog\/category\/actual\/\" rel=\"category tag\">Actualidad<\/a> <a href=\"https:\/\/elconquistadorredloslagos.cl\/test\/blog\/category\/chile\/chiloe\/\" rel=\"category tag\">Chilo\u00e9<\/a>","rttpg_excerpt":"Con la presencia del ministro del Deporte, Jaime Pizarro, fue inaugurado este jueves el renovado Gimnasio Fiscal de Chonchi, infraestructura que busca fortalecer la pr\u00e1ctica deportiva y el desarrollo de..","_links":{"self":[{"href":"https:\/\/elconquistadorredloslagos.cl\/test\/wp-json\/wp\/v2\/posts\/17992","targetHints":{"allow":["GET"]}}],"collection":[{"href":"https:\/\/elconquistadorredloslagos.cl\/test\/wp-json\/wp\/v2\/posts"}],"about":[{"href":"https:\/\/elconquistadorredloslagos.cl\/test\/wp-json\/wp\/v2\/types\/post"}],"author":[{"embeddable":true,"href":"https:\/\/elconquistadorredloslagos.cl\/test\/wp-json\/wp\/v2\/users\/2"}],"replies":[{"embeddable":true,"href":"https:\/\/elconquistadorredloslagos.cl\/test\/wp-json\/wp\/v2\/comments?post=17992"}],"version-history":[{"count":1,"href":"https:\/\/elconquistadorredloslagos.cl\/test\/wp-json\/wp\/v2\/posts\/17992\/revisions"}],"predecessor-version":[{"id":17994,"href":"https:\/\/elconquistadorredloslagos.cl\/test\/wp-json\/wp\/v2\/posts\/17992\/revisions\/17994"}],"wp:featuredmedia":[{"embeddable":true,"href":"https:\/\/elconquistadorredloslagos.cl\/test\/wp-json\/wp\/v2\/media\/17993"}],"wp:attachment":[{"href":"https:\/\/elconquistadorredloslagos.cl\/test\/wp-json\/wp\/v2\/media?parent=17992"}],"wp:term":[{"taxonomy":"category","embeddable":true,"href":"https:\/\/elconquistadorredloslagos.cl\/test\/wp-json\/wp\/v2\/categories?post=17992"},{"taxonomy":"post_tag","embeddable":true,"href":"https:\/\/elconquistadorredloslagos.cl\/test\/wp-json\/wp\/v2\/tags?post=17992"}],"curies":[{"name":"wp","href":"https:\/\/api.w.org\/{rel}","templated":true}]}}