{"id":17989,"date":"2026-01-16T14:28:33","date_gmt":"2026-01-16T17:28:33","guid":{"rendered":"https:\/\/elconquistadorredloslagos.cl\/test\/?p=17989"},"modified":"2026-01-16T14:28:34","modified_gmt":"2026-01-16T17:28:34","slug":"dalcahue-se-consolida-como-epicentro-cultural-rural-y-deportivo-en-chiloe","status":"publish","type":"post","link":"https:\/\/elconquistadorredloslagos.cl\/test\/blog\/2026\/01\/16\/dalcahue-se-consolida-como-epicentro-cultural-rural-y-deportivo-en-chiloe\/","title":{"rendered":"Dalcahue se consolida como epicentro cultural, rural y deportivo en Chilo\u00e9"},"content":{"rendered":"\n<p>Durante el fin de semana del 17 y 18 de enero, la comuna de Dalcahue vivir\u00e1 una intensa agenda de actividades que reflejan su identidad, tradiciones y compromiso con la vida sana, consolid\u00e1ndose como un territorio activo y con fuerte participaci\u00f3n comunitaria.<\/p>\n\n\n\n<p>El s\u00e1bado 17 de enero, en el sector de Quiquel, se celebrar\u00e1 el segundo aniversario del Museo de la Papa, espacio patrimonial levantado por la propia comunidad que rescata la memoria agr\u00edcola chilota. La jornada contar\u00e1 con m\u00fasica en vivo, gastronom\u00eda, artesan\u00eda, charlas y actividades familiares, poniendo en valor uno de los productos m\u00e1s representativos del territorio.<\/p>\n\n\n\n<p>El domingo 18 de enero, el sector rural de Puchaur\u00e1n ser\u00e1 escenario de la XIII versi\u00f3n de la Fiesta Ovina, organizada por usuarios del programa PRODESAL, instancia que releva el mundo campesino a trav\u00e9s de gastronom\u00eda t\u00edpica, concursos, artesan\u00eda y la tradicional competencia al mejor carnero reproductor.<\/p>\n\n\n\n<p>Ese mismo d\u00eda, la plaza de Tena\u00fan recibir\u00e1 la final de la Liga de Mountain Bike Chilo\u00e9 2025\u20132026, convocando a deportistas de toda la isla en una verdadera fiesta del deporte y la vida sana.<\/p>\n\n\n\n<p>Desde el municipio destacaron que esta programaci\u00f3n refleja una comuna que avanza poniendo en el centro su cultura, su ruralidad y el encuentro comunitario, fortaleciendo el desarrollo local con identidad.<\/p>\n\n\n\n<p><\/p>\n","protected":false},"excerpt":{"rendered":"<p>Durante el fin de semana del 17 y 18 de enero, la comuna de Dalcahue vivir\u00e1 una intensa agenda de actividades que reflejan su identidad, tradiciones y compromiso con la..<\/p>\n","protected":false},"author":2,"featured_media":17990,"comment_status":"closed","ping_status":"open","sticky":false,"template":"","format":"standard","meta":{"footnotes":""},"categories":[1,28,51,29],"tags":[],"class_list":["post-17989","post","type-post","status-publish","format-standard","has-post-thumbnail","hentry","category-acontecer","category-actual","category-chiloe","category-turismo"],"rttpg_featured_image_url":{"full":["https:\/\/elconquistadorredloslagos.cl\/test\/wp-content\/uploads\/2026\/01\/IMG-84.jpg",1920,1080,false],"landscape":["https:\/\/elconquistadorredloslagos.cl\/test\/wp-content\/uploads\/2026\/01\/IMG-84.jpg",1920,1080,false],"portraits":["https:\/\/elconquistadorredloslagos.cl\/test\/wp-content\/uploads\/2026\/01\/IMG-84.jpg",1920,1080,false],"thumbnail":["https:\/\/elconquistadorredloslagos.cl\/test\/wp-content\/uploads\/2026\/01\/IMG-84-150x150.jpg",150,150,true],"medium":["https:\/\/elconquistadorredloslagos.cl\/test\/wp-content\/uploads\/2026\/01\/IMG-84-300x169.jpg",300,169,true],"large":["https:\/\/elconquistadorredloslagos.cl\/test\/wp-content\/uploads\/2026\/01\/IMG-84-1024x576.jpg",1024,576,true],"1536x1536":["https:\/\/elconquistadorredloslagos.cl\/test\/wp-content\/uploads\/2026\/01\/IMG-84-1536x864.jpg",1536,864,true],"2048x2048":["https:\/\/elconquistadorredloslagos.cl\/test\/wp-content\/uploads\/2026\/01\/IMG-84.jpg",1920,1080,false]},"rttpg_author":{"display_name":"ccardenas","author_link":"https:\/\/elconquistadorredloslagos.cl\/test\/blog\/author\/ccardenas\/"},"rttpg_comment":0,"rttpg_category":"<a href=\"https:\/\/elconquistadorredloslagos.cl\/test\/blog\/category\/actual\/acontecer\/\" rel=\"category tag\">Acontecer<\/a> <a href=\"https:\/\/elconquistadorredloslagos.cl\/test\/blog\/category\/actual\/\" rel=\"category tag\">Actualidad<\/a> <a href=\"https:\/\/elconquistadorredloslagos.cl\/test\/blog\/category\/chile\/chiloe\/\" rel=\"category tag\">Chilo\u00e9<\/a> <a href=\"https:\/\/elconquistadorredloslagos.cl\/test\/blog\/category\/actual\/turismo\/\" rel=\"category tag\">Turismo<\/a>","rttpg_excerpt":"Durante el fin de semana del 17 y 18 de enero, la comuna de Dalcahue vivir\u00e1 una intensa agenda de actividades que reflejan su identidad, tradiciones y compromiso con la..","_links":{"self":[{"href":"https:\/\/elconquistadorredloslagos.cl\/test\/wp-json\/wp\/v2\/posts\/17989","targetHints":{"allow":["GET"]}}],"collection":[{"href":"https:\/\/elconquistadorredloslagos.cl\/test\/wp-json\/wp\/v2\/posts"}],"about":[{"href":"https:\/\/elconquistadorredloslagos.cl\/test\/wp-json\/wp\/v2\/types\/post"}],"author":[{"embeddable":true,"href":"https:\/\/elconquistadorredloslagos.cl\/test\/wp-json\/wp\/v2\/users\/2"}],"replies":[{"embeddable":true,"href":"https:\/\/elconquistadorredloslagos.cl\/test\/wp-json\/wp\/v2\/comments?post=17989"}],"version-history":[{"count":1,"href":"https:\/\/elconquistadorredloslagos.cl\/test\/wp-json\/wp\/v2\/posts\/17989\/revisions"}],"predecessor-version":[{"id":17991,"href":"https:\/\/elconquistadorredloslagos.cl\/test\/wp-json\/wp\/v2\/posts\/17989\/revisions\/17991"}],"wp:featuredmedia":[{"embeddable":true,"href":"https:\/\/elconquistadorredloslagos.cl\/test\/wp-json\/wp\/v2\/media\/17990"}],"wp:attachment":[{"href":"https:\/\/elconquistadorredloslagos.cl\/test\/wp-json\/wp\/v2\/media?parent=17989"}],"wp:term":[{"taxonomy":"category","embeddable":true,"href":"https:\/\/elconquistadorredloslagos.cl\/test\/wp-json\/wp\/v2\/categories?post=17989"},{"taxonomy":"post_tag","embeddable":true,"href":"https:\/\/elconquistadorredloslagos.cl\/test\/wp-json\/wp\/v2\/tags?post=17989"}],"curies":[{"name":"wp","href":"https:\/\/api.w.org\/{rel}","templated":true}]}}