{"id":17982,"date":"2026-01-16T13:48:45","date_gmt":"2026-01-16T16:48:45","guid":{"rendered":"https:\/\/elconquistadorredloslagos.cl\/test\/?p=17982"},"modified":"2026-01-16T13:48:45","modified_gmt":"2026-01-16T16:48:45","slug":"presidente-gabriel-boric-confirma-visita-a-ancud-en-el-marco-del-bicentenario-de-chiloe","status":"publish","type":"post","link":"https:\/\/elconquistadorredloslagos.cl\/test\/blog\/2026\/01\/16\/presidente-gabriel-boric-confirma-visita-a-ancud-en-el-marco-del-bicentenario-de-chiloe\/","title":{"rendered":"Presidente Gabriel Boric confirma visita a Ancud en el marco del Bicentenario de Chilo\u00e9"},"content":{"rendered":"\n<p>Ancud se alista para convertirse en el epicentro de una conmemoraci\u00f3n hist\u00f3rica. La presencia del Presidente de la Rep\u00fablica, Gabriel Boric Font, fue confirmada oficialmente para el acto central del Bicentenario de la Anexi\u00f3n de Chilo\u00e9 al territorio nacional, ceremonia que se desarrollar\u00e1 el pr\u00f3ximo lunes 19 y que marcar\u00e1 uno de los hitos m\u00e1s relevantes del calendario conmemorativo del archipi\u00e9lago.<\/p>\n\n\n\n<p>La informaci\u00f3n fue ratificada por el delegado presidencial provincial, Marcelo Malague\u00f1o, quien sostuvo que Ancud ha sido definida desde un inicio como el escenario principal de la celebraci\u00f3n. <\/p>\n\n\n\n<figure class=\"wp-block-audio\"><audio controls src=\"https:\/\/elconquistadorredloslagos.cl\/test\/wp-content\/uploads\/2026\/01\/DELEGADO.mp3\"><\/audio><\/figure>\n\n\n\n<p>La visita del Mandatario se enmarca en una agenda que busca relevar a Chilo\u00e9 en el contexto nacional, en momentos en que el archipi\u00e9lago enfrenta desaf\u00edos en conectividad, desarrollo y descentralizaci\u00f3n. En ese escenario, el Bicentenario aparece tambi\u00e9n como una instancia para visibilizar demandas hist\u00f3ricas del territorio y reforzar la presencia del Estado en una zona clave del sur del pa\u00eds.<\/p>\n","protected":false},"excerpt":{"rendered":"<p>Ancud se alista para convertirse en el epicentro de una conmemoraci\u00f3n hist\u00f3rica. La presencia del Presidente de la Rep\u00fablica, Gabriel Boric Font, fue confirmada oficialmente para el acto central del..<\/p>\n","protected":false},"author":2,"featured_media":17984,"comment_status":"closed","ping_status":"open","sticky":false,"template":"","format":"standard","meta":{"footnotes":""},"categories":[1,28,51,38],"tags":[],"class_list":["post-17982","post","type-post","status-publish","format-standard","has-post-thumbnail","hentry","category-acontecer","category-actual","category-chiloe","category-politica"],"rttpg_featured_image_url":{"full":["https:\/\/elconquistadorredloslagos.cl\/test\/wp-content\/uploads\/2026\/01\/IMG-82.jpg",1920,1080,false],"landscape":["https:\/\/elconquistadorredloslagos.cl\/test\/wp-content\/uploads\/2026\/01\/IMG-82.jpg",1920,1080,false],"portraits":["https:\/\/elconquistadorredloslagos.cl\/test\/wp-content\/uploads\/2026\/01\/IMG-82.jpg",1920,1080,false],"thumbnail":["https:\/\/elconquistadorredloslagos.cl\/test\/wp-content\/uploads\/2026\/01\/IMG-82-150x150.jpg",150,150,true],"medium":["https:\/\/elconquistadorredloslagos.cl\/test\/wp-content\/uploads\/2026\/01\/IMG-82-300x169.jpg",300,169,true],"large":["https:\/\/elconquistadorredloslagos.cl\/test\/wp-content\/uploads\/2026\/01\/IMG-82-1024x576.jpg",1024,576,true],"1536x1536":["https:\/\/elconquistadorredloslagos.cl\/test\/wp-content\/uploads\/2026\/01\/IMG-82-1536x864.jpg",1536,864,true],"2048x2048":["https:\/\/elconquistadorredloslagos.cl\/test\/wp-content\/uploads\/2026\/01\/IMG-82.jpg",1920,1080,false]},"rttpg_author":{"display_name":"ccardenas","author_link":"https:\/\/elconquistadorredloslagos.cl\/test\/blog\/author\/ccardenas\/"},"rttpg_comment":0,"rttpg_category":"<a href=\"https:\/\/elconquistadorredloslagos.cl\/test\/blog\/category\/actual\/acontecer\/\" rel=\"category tag\">Acontecer<\/a> <a href=\"https:\/\/elconquistadorredloslagos.cl\/test\/blog\/category\/actual\/\" rel=\"category tag\">Actualidad<\/a> <a href=\"https:\/\/elconquistadorredloslagos.cl\/test\/blog\/category\/chile\/chiloe\/\" rel=\"category tag\">Chilo\u00e9<\/a> <a href=\"https:\/\/elconquistadorredloslagos.cl\/test\/blog\/category\/actual\/politica\/\" rel=\"category tag\">Politica<\/a>","rttpg_excerpt":"Ancud se alista para convertirse en el epicentro de una conmemoraci\u00f3n hist\u00f3rica. La presencia del Presidente de la Rep\u00fablica, Gabriel Boric Font, fue confirmada oficialmente para el acto central del..","_links":{"self":[{"href":"https:\/\/elconquistadorredloslagos.cl\/test\/wp-json\/wp\/v2\/posts\/17982","targetHints":{"allow":["GET"]}}],"collection":[{"href":"https:\/\/elconquistadorredloslagos.cl\/test\/wp-json\/wp\/v2\/posts"}],"about":[{"href":"https:\/\/elconquistadorredloslagos.cl\/test\/wp-json\/wp\/v2\/types\/post"}],"author":[{"embeddable":true,"href":"https:\/\/elconquistadorredloslagos.cl\/test\/wp-json\/wp\/v2\/users\/2"}],"replies":[{"embeddable":true,"href":"https:\/\/elconquistadorredloslagos.cl\/test\/wp-json\/wp\/v2\/comments?post=17982"}],"version-history":[{"count":1,"href":"https:\/\/elconquistadorredloslagos.cl\/test\/wp-json\/wp\/v2\/posts\/17982\/revisions"}],"predecessor-version":[{"id":17985,"href":"https:\/\/elconquistadorredloslagos.cl\/test\/wp-json\/wp\/v2\/posts\/17982\/revisions\/17985"}],"wp:featuredmedia":[{"embeddable":true,"href":"https:\/\/elconquistadorredloslagos.cl\/test\/wp-json\/wp\/v2\/media\/17984"}],"wp:attachment":[{"href":"https:\/\/elconquistadorredloslagos.cl\/test\/wp-json\/wp\/v2\/media?parent=17982"}],"wp:term":[{"taxonomy":"category","embeddable":true,"href":"https:\/\/elconquistadorredloslagos.cl\/test\/wp-json\/wp\/v2\/categories?post=17982"},{"taxonomy":"post_tag","embeddable":true,"href":"https:\/\/elconquistadorredloslagos.cl\/test\/wp-json\/wp\/v2\/tags?post=17982"}],"curies":[{"name":"wp","href":"https:\/\/api.w.org\/{rel}","templated":true}]}}