{"id":17800,"date":"2026-01-09T08:05:41","date_gmt":"2026-01-09T11:05:41","guid":{"rendered":"https:\/\/elconquistadorredloslagos.cl\/test\/?p=17800"},"modified":"2026-01-09T08:05:42","modified_gmt":"2026-01-09T11:05:42","slug":"guardianes-de-chiloe-debutan-con-exito-y-conquistan-al-publico-infantil","status":"publish","type":"post","link":"https:\/\/elconquistadorredloslagos.cl\/test\/blog\/2026\/01\/09\/guardianes-de-chiloe-debutan-con-exito-y-conquistan-al-publico-infantil\/","title":{"rendered":"\u201cGuardianes de Chilo\u00e9\u201d debutan con \u00e9xito y conquistan al p\u00fablico infantil"},"content":{"rendered":"\n<p>Con risas, aplausos y una fuerte conexi\u00f3n con el p\u00fablico infantil, la serie animada \u201cGuardianes de Chilo\u00e9\u201d tuvo su estreno oficial en el Teatro Municipal Mauricio de La Parra de Ancud, marcando un hito en la educaci\u00f3n ambiental con identidad local. La producci\u00f3n, impulsada por la Municipalidad de Ancud a trav\u00e9s del \u00e1rea de Innovaci\u00f3n y Medio Ambiente, fue recibida con entusiasmo por ni\u00f1os, ni\u00f1as y familias que llenaron la sala.<\/p>\n\n\n\n<p>La serie invita a recorrer Ancud y distintos rincones del Archipi\u00e9lago desde una mirada l\u00fadica y pedag\u00f3gica, proponiendo a sus espectadores convertirse en verdaderos defensores del entorno. El relato es liderado por Sof\u00eda, una ni\u00f1a de 8 a\u00f1os curiosa y emp\u00e1tica que encabeza la Brigada de Guardianes, cuyo poder es el liderazgo y el amor por la naturaleza.<\/p>\n\n\n\n<p>La acompa\u00f1an Anakin, un valiente labrador negro con un olfato clave para detectar problemas ambientales; Canela, una ingeniosa y carism\u00e1tica perrita salchicha capaz de llegar donde otros no pueden; Ray\u00e9n, una t\u00edmida pero sabia pud\u00fa que encarna el conocimiento ancestral sobre la flora y fauna chilota; y Chacao, un astuto zorrito que conecta el mundo urbano con el rural.<\/p>\n\n\n\n<p>El proyecto fue liderado por Ricardo Mansilla, encargado de Innovaci\u00f3n y Alianzas del municipio, quien destac\u00f3 la positiva recepci\u00f3n del estreno y el proceso creativo detr\u00e1s de la serie.<\/p>\n\n\n\n<figure class=\"wp-block-audio\"><audio controls src=\"https:\/\/elconquistadorredloslagos.cl\/test\/wp-content\/uploads\/2026\/01\/GUARDIANES-DE-CHILOE.mp3\"><\/audio><\/figure>\n\n\n\n<p>Junto con ello se cont\u00f3 con la colaboraci\u00f3n de organizaciones como Chilo\u00e9 Silvestre, Barba de Palo en la m\u00fasica y empresas como Cruz del Sur adem\u00e1s de Cencosud. Guardianes de Chilo\u00e9 ser\u00e1 exhibida en buses y transbordadores de Cruz del Sur y proyecta su llegada a pantallas regionales y nacionales, consolid\u00e1ndose como una nueva herramienta cultural y educativa nacida desde el Archipi\u00e9lago.<\/p>\n\n\n\n<p>\ud83d\udcf7 <a href=\"https:\/\/www.facebook.com\/culturaancud?__tn__=-UC*F\">Corporacion Cultural Ancud<\/a> &#8211; Facebook<\/p>\n","protected":false},"excerpt":{"rendered":"<p>Con risas, aplausos y una fuerte conexi\u00f3n con el p\u00fablico infantil, la serie animada \u201cGuardianes de Chilo\u00e9\u201d tuvo su estreno oficial en el Teatro Municipal Mauricio de La Parra de..<\/p>\n","protected":false},"author":2,"featured_media":17802,"comment_status":"closed","ping_status":"open","sticky":false,"template":"","format":"standard","meta":{"footnotes":""},"categories":[1,28,51,29],"tags":[],"class_list":["post-17800","post","type-post","status-publish","format-standard","has-post-thumbnail","hentry","category-acontecer","category-actual","category-chiloe","category-turismo"],"rttpg_featured_image_url":{"full":["https:\/\/elconquistadorredloslagos.cl\/test\/wp-content\/uploads\/2026\/01\/img-46.jpg",1920,1080,false],"landscape":["https:\/\/elconquistadorredloslagos.cl\/test\/wp-content\/uploads\/2026\/01\/img-46.jpg",1920,1080,false],"portraits":["https:\/\/elconquistadorredloslagos.cl\/test\/wp-content\/uploads\/2026\/01\/img-46.jpg",1920,1080,false],"thumbnail":["https:\/\/elconquistadorredloslagos.cl\/test\/wp-content\/uploads\/2026\/01\/img-46-150x150.jpg",150,150,true],"medium":["https:\/\/elconquistadorredloslagos.cl\/test\/wp-content\/uploads\/2026\/01\/img-46-300x169.jpg",300,169,true],"large":["https:\/\/elconquistadorredloslagos.cl\/test\/wp-content\/uploads\/2026\/01\/img-46-1024x576.jpg",1024,576,true],"1536x1536":["https:\/\/elconquistadorredloslagos.cl\/test\/wp-content\/uploads\/2026\/01\/img-46-1536x864.jpg",1536,864,true],"2048x2048":["https:\/\/elconquistadorredloslagos.cl\/test\/wp-content\/uploads\/2026\/01\/img-46.jpg",1920,1080,false]},"rttpg_author":{"display_name":"ccardenas","author_link":"https:\/\/elconquistadorredloslagos.cl\/test\/blog\/author\/ccardenas\/"},"rttpg_comment":0,"rttpg_category":"<a href=\"https:\/\/elconquistadorredloslagos.cl\/test\/blog\/category\/actual\/acontecer\/\" rel=\"category tag\">Acontecer<\/a> <a href=\"https:\/\/elconquistadorredloslagos.cl\/test\/blog\/category\/actual\/\" rel=\"category tag\">Actualidad<\/a> <a href=\"https:\/\/elconquistadorredloslagos.cl\/test\/blog\/category\/chile\/chiloe\/\" rel=\"category tag\">Chilo\u00e9<\/a> <a href=\"https:\/\/elconquistadorredloslagos.cl\/test\/blog\/category\/actual\/turismo\/\" rel=\"category tag\">Turismo<\/a>","rttpg_excerpt":"Con risas, aplausos y una fuerte conexi\u00f3n con el p\u00fablico infantil, la serie animada \u201cGuardianes de Chilo\u00e9\u201d tuvo su estreno oficial en el Teatro Municipal Mauricio de La Parra de..","_links":{"self":[{"href":"https:\/\/elconquistadorredloslagos.cl\/test\/wp-json\/wp\/v2\/posts\/17800","targetHints":{"allow":["GET"]}}],"collection":[{"href":"https:\/\/elconquistadorredloslagos.cl\/test\/wp-json\/wp\/v2\/posts"}],"about":[{"href":"https:\/\/elconquistadorredloslagos.cl\/test\/wp-json\/wp\/v2\/types\/post"}],"author":[{"embeddable":true,"href":"https:\/\/elconquistadorredloslagos.cl\/test\/wp-json\/wp\/v2\/users\/2"}],"replies":[{"embeddable":true,"href":"https:\/\/elconquistadorredloslagos.cl\/test\/wp-json\/wp\/v2\/comments?post=17800"}],"version-history":[{"count":1,"href":"https:\/\/elconquistadorredloslagos.cl\/test\/wp-json\/wp\/v2\/posts\/17800\/revisions"}],"predecessor-version":[{"id":17803,"href":"https:\/\/elconquistadorredloslagos.cl\/test\/wp-json\/wp\/v2\/posts\/17800\/revisions\/17803"}],"wp:featuredmedia":[{"embeddable":true,"href":"https:\/\/elconquistadorredloslagos.cl\/test\/wp-json\/wp\/v2\/media\/17802"}],"wp:attachment":[{"href":"https:\/\/elconquistadorredloslagos.cl\/test\/wp-json\/wp\/v2\/media?parent=17800"}],"wp:term":[{"taxonomy":"category","embeddable":true,"href":"https:\/\/elconquistadorredloslagos.cl\/test\/wp-json\/wp\/v2\/categories?post=17800"},{"taxonomy":"post_tag","embeddable":true,"href":"https:\/\/elconquistadorredloslagos.cl\/test\/wp-json\/wp\/v2\/tags?post=17800"}],"curies":[{"name":"wp","href":"https:\/\/api.w.org\/{rel}","templated":true}]}}