{"id":17624,"date":"2026-01-05T13:49:55","date_gmt":"2026-01-05T16:49:55","guid":{"rendered":"https:\/\/elconquistadorredloslagos.cl\/test\/?p=17624"},"modified":"2026-01-05T13:49:56","modified_gmt":"2026-01-05T16:49:56","slug":"saesa-califica-como-grave-el-corte-electrico-en-ancud-provocado-por-pirotecnia-ilegal","status":"publish","type":"post","link":"https:\/\/elconquistadorredloslagos.cl\/test\/blog\/2026\/01\/05\/saesa-califica-como-grave-el-corte-electrico-en-ancud-provocado-por-pirotecnia-ilegal\/","title":{"rendered":"SAESA califica como grave el corte el\u00e9ctrico en Ancud provocado por pirotecnia ilegal"},"content":{"rendered":"\n<p>El a\u00f1o comenz\u00f3 a oscuras para miles de vecinos de Ancud, luego de un masivo corte de suministro el\u00e9ctrico registrado en los primeros d\u00edas de 2026. Con el paso de las horas, instancias p\u00fablicas confirmaron que la interrupci\u00f3n del servicio no fue producto de una falla t\u00e9cnica, sino de la utilizaci\u00f3n de material pirot\u00e9cnico prohibido que termin\u00f3 afectando directamente la infraestructura el\u00e9ctrica de la comuna.<\/p>\n\n\n\n<p>La situaci\u00f3n fue calificada como de extrema gravedad por la empresa distribuidora SAESA. As\u00ed lo se\u00f1al\u00f3 la jefa de Servicio al Cliente, Javiera Fontecilla, quien advirti\u00f3 que este tipo de acciones no solo generan extensos cortes de energ\u00eda, sino que adem\u00e1s ponen en riesgo la seguridad de las personas y la estabilidad del sistema el\u00e9ctrico, especialmente en fechas de alta demanda.<\/p>\n\n\n\n<figure class=\"wp-block-audio\"><audio controls src=\"https:\/\/elconquistadorredloslagos.cl\/test\/wp-content\/uploads\/2026\/01\/SAESA.mp3\"><\/audio><\/figure>\n\n\n\n<p>El episodio volvi\u00f3 a instalar el debate sobre el uso ilegal de fuegos artificiales. La Ley 19.680 es clara al prohibir la fabricaci\u00f3n, importaci\u00f3n, comercializaci\u00f3n, posesi\u00f3n y utilizaci\u00f3n de pirotecnia fuera de espect\u00e1culos debidamente autorizados, normativa que busca prevenir accidentes y da\u00f1os a bienes p\u00fablicos y privados.<\/p>\n\n\n\n<p>Desde Carabineros, el prefecto provincial, teniente coronel Enrique Guti\u00e9rrez, recalc\u00f3 la vigencia de esta legislaci\u00f3n y record\u00f3 que el lanzamiento de pirotecnia constituye un delito. No obstante, reconoci\u00f3 que se trata de un il\u00edcito complejo de pesquisar, debido a la rapidez con que se ejecutan estas acciones y a la dificultad para identificar a los responsables.<\/p>\n\n\n\n<p>\ud83d\udcf7 Captura de video &#8211; Redes Sociales<\/p>\n","protected":false},"excerpt":{"rendered":"<p>El a\u00f1o comenz\u00f3 a oscuras para miles de vecinos de Ancud, luego de un masivo corte de suministro el\u00e9ctrico registrado en los primeros d\u00edas de 2026. Con el paso de..<\/p>\n","protected":false},"author":2,"featured_media":17626,"comment_status":"closed","ping_status":"open","sticky":false,"template":"","format":"standard","meta":{"footnotes":""},"categories":[1,28,51],"tags":[],"class_list":["post-17624","post","type-post","status-publish","format-standard","has-post-thumbnail","hentry","category-acontecer","category-actual","category-chiloe"],"rttpg_featured_image_url":{"full":["https:\/\/elconquistadorredloslagos.cl\/test\/wp-content\/uploads\/2026\/01\/img-10.jpg",1920,1080,false],"landscape":["https:\/\/elconquistadorredloslagos.cl\/test\/wp-content\/uploads\/2026\/01\/img-10.jpg",1920,1080,false],"portraits":["https:\/\/elconquistadorredloslagos.cl\/test\/wp-content\/uploads\/2026\/01\/img-10.jpg",1920,1080,false],"thumbnail":["https:\/\/elconquistadorredloslagos.cl\/test\/wp-content\/uploads\/2026\/01\/img-10-150x150.jpg",150,150,true],"medium":["https:\/\/elconquistadorredloslagos.cl\/test\/wp-content\/uploads\/2026\/01\/img-10-300x169.jpg",300,169,true],"large":["https:\/\/elconquistadorredloslagos.cl\/test\/wp-content\/uploads\/2026\/01\/img-10-1024x576.jpg",1024,576,true],"1536x1536":["https:\/\/elconquistadorredloslagos.cl\/test\/wp-content\/uploads\/2026\/01\/img-10-1536x864.jpg",1536,864,true],"2048x2048":["https:\/\/elconquistadorredloslagos.cl\/test\/wp-content\/uploads\/2026\/01\/img-10.jpg",1920,1080,false]},"rttpg_author":{"display_name":"ccardenas","author_link":"https:\/\/elconquistadorredloslagos.cl\/test\/blog\/author\/ccardenas\/"},"rttpg_comment":0,"rttpg_category":"<a href=\"https:\/\/elconquistadorredloslagos.cl\/test\/blog\/category\/actual\/acontecer\/\" rel=\"category tag\">Acontecer<\/a> <a href=\"https:\/\/elconquistadorredloslagos.cl\/test\/blog\/category\/actual\/\" rel=\"category tag\">Actualidad<\/a> <a href=\"https:\/\/elconquistadorredloslagos.cl\/test\/blog\/category\/chile\/chiloe\/\" rel=\"category tag\">Chilo\u00e9<\/a>","rttpg_excerpt":"El a\u00f1o comenz\u00f3 a oscuras para miles de vecinos de Ancud, luego de un masivo corte de suministro el\u00e9ctrico registrado en los primeros d\u00edas de 2026. Con el paso de..","_links":{"self":[{"href":"https:\/\/elconquistadorredloslagos.cl\/test\/wp-json\/wp\/v2\/posts\/17624","targetHints":{"allow":["GET"]}}],"collection":[{"href":"https:\/\/elconquistadorredloslagos.cl\/test\/wp-json\/wp\/v2\/posts"}],"about":[{"href":"https:\/\/elconquistadorredloslagos.cl\/test\/wp-json\/wp\/v2\/types\/post"}],"author":[{"embeddable":true,"href":"https:\/\/elconquistadorredloslagos.cl\/test\/wp-json\/wp\/v2\/users\/2"}],"replies":[{"embeddable":true,"href":"https:\/\/elconquistadorredloslagos.cl\/test\/wp-json\/wp\/v2\/comments?post=17624"}],"version-history":[{"count":1,"href":"https:\/\/elconquistadorredloslagos.cl\/test\/wp-json\/wp\/v2\/posts\/17624\/revisions"}],"predecessor-version":[{"id":17627,"href":"https:\/\/elconquistadorredloslagos.cl\/test\/wp-json\/wp\/v2\/posts\/17624\/revisions\/17627"}],"wp:featuredmedia":[{"embeddable":true,"href":"https:\/\/elconquistadorredloslagos.cl\/test\/wp-json\/wp\/v2\/media\/17626"}],"wp:attachment":[{"href":"https:\/\/elconquistadorredloslagos.cl\/test\/wp-json\/wp\/v2\/media?parent=17624"}],"wp:term":[{"taxonomy":"category","embeddable":true,"href":"https:\/\/elconquistadorredloslagos.cl\/test\/wp-json\/wp\/v2\/categories?post=17624"},{"taxonomy":"post_tag","embeddable":true,"href":"https:\/\/elconquistadorredloslagos.cl\/test\/wp-json\/wp\/v2\/tags?post=17624"}],"curies":[{"name":"wp","href":"https:\/\/api.w.org\/{rel}","templated":true}]}}