{"id":17577,"date":"2026-01-02T14:11:50","date_gmt":"2026-01-02T17:11:50","guid":{"rendered":"https:\/\/elconquistadorredloslagos.cl\/test\/?p=17577"},"modified":"2026-01-02T14:11:51","modified_gmt":"2026-01-02T17:11:51","slug":"puerto-montt-se-activa-ante-el-calor-extremo-y-refuerza-su-plan-preventivo","status":"publish","type":"post","link":"https:\/\/elconquistadorredloslagos.cl\/test\/blog\/2026\/01\/02\/puerto-montt-se-activa-ante-el-calor-extremo-y-refuerza-su-plan-preventivo\/","title":{"rendered":"Puerto Montt se activa ante el calor extremo y refuerza su plan preventivo"},"content":{"rendered":"\n<p>Ante el aumento sostenido de las temperaturas y el escenario clim\u00e1tico previsto para este fin de semana, Puerto Montt decidi\u00f3 anticiparse al riesgo. La Municipalidad convoc\u00f3 para este viernes una sesi\u00f3n preventiva del Comit\u00e9 Comunal para la Gesti\u00f3n del Riesgo de Desastres (COGRID), enmarcada en la Alerta Temprana Preventiva por Altas Temperaturas que rige actualmente en la comuna.<\/p>\n\n\n\n<p>La instancia fue citada por el alcalde Rodrigo Wainraihgt, en su calidad de presidente del COGRID, y se desarrollar\u00e1 a las 15.00 horas, con el objetivo de analizar los eventuales impactos que podr\u00eda generar el episodio de calor extremo anunciado para los pr\u00f3ximos d\u00edas.<\/p>\n\n\n\n<p>Durante la reuni\u00f3n, los distintos organismos e instituciones participantes pondr\u00e1n sobre la mesa la coordinaci\u00f3n de acciones preventivas, el refuerzo de los planes de preparaci\u00f3n y la capacidad de respuesta interinstitucional, con \u00e9nfasis en la protecci\u00f3n de la comunidad frente a posibles emergencias derivadas de las altas temperaturas.<\/p>\n\n\n\n<p>El encuentro tambi\u00e9n permitir\u00e1 revisar los protocolos destinados a asegurar la continuidad de los servicios cr\u00edticos, considerando que el calor extremo puede afectar tanto la infraestructura como el normal funcionamiento de servicios esenciales.<\/p>\n\n\n\n<p>Con esta convocatoria, el municipio busca adelantarse a los efectos del clima, fortalecer la prevenci\u00f3n y mantener a la ciudad en estado de alerta, en un contexto donde el verano comienza a mostrar su cara m\u00e1s exigente para la zona sur del pa\u00eds.<\/p>\n\n\n\n<p>\ud83d\udcf7 Referencial<\/p>\n","protected":false},"excerpt":{"rendered":"<p>Ante el aumento sostenido de las temperaturas y el escenario clim\u00e1tico previsto para este fin de semana, Puerto Montt decidi\u00f3 anticiparse al riesgo. La Municipalidad convoc\u00f3 para este viernes una..<\/p>\n","protected":false},"author":2,"featured_media":17578,"comment_status":"closed","ping_status":"open","sticky":false,"template":"","format":"standard","meta":{"footnotes":""},"categories":[1,28,56],"tags":[],"class_list":["post-17577","post","type-post","status-publish","format-standard","has-post-thumbnail","hentry","category-acontecer","category-actual","category-puerto-montt"],"rttpg_featured_image_url":{"full":["https:\/\/elconquistadorredloslagos.cl\/test\/wp-content\/uploads\/2026\/01\/IMG2025-3.jpg",1920,1080,false],"landscape":["https:\/\/elconquistadorredloslagos.cl\/test\/wp-content\/uploads\/2026\/01\/IMG2025-3.jpg",1920,1080,false],"portraits":["https:\/\/elconquistadorredloslagos.cl\/test\/wp-content\/uploads\/2026\/01\/IMG2025-3.jpg",1920,1080,false],"thumbnail":["https:\/\/elconquistadorredloslagos.cl\/test\/wp-content\/uploads\/2026\/01\/IMG2025-3-150x150.jpg",150,150,true],"medium":["https:\/\/elconquistadorredloslagos.cl\/test\/wp-content\/uploads\/2026\/01\/IMG2025-3-300x169.jpg",300,169,true],"large":["https:\/\/elconquistadorredloslagos.cl\/test\/wp-content\/uploads\/2026\/01\/IMG2025-3-1024x576.jpg",1024,576,true],"1536x1536":["https:\/\/elconquistadorredloslagos.cl\/test\/wp-content\/uploads\/2026\/01\/IMG2025-3-1536x864.jpg",1536,864,true],"2048x2048":["https:\/\/elconquistadorredloslagos.cl\/test\/wp-content\/uploads\/2026\/01\/IMG2025-3.jpg",1920,1080,false]},"rttpg_author":{"display_name":"ccardenas","author_link":"https:\/\/elconquistadorredloslagos.cl\/test\/blog\/author\/ccardenas\/"},"rttpg_comment":0,"rttpg_category":"<a href=\"https:\/\/elconquistadorredloslagos.cl\/test\/blog\/category\/actual\/acontecer\/\" rel=\"category tag\">Acontecer<\/a> <a href=\"https:\/\/elconquistadorredloslagos.cl\/test\/blog\/category\/actual\/\" rel=\"category tag\">Actualidad<\/a> <a href=\"https:\/\/elconquistadorredloslagos.cl\/test\/blog\/category\/chile\/puerto-montt\/\" rel=\"category tag\">Puerto Montt<\/a>","rttpg_excerpt":"Ante el aumento sostenido de las temperaturas y el escenario clim\u00e1tico previsto para este fin de semana, Puerto Montt decidi\u00f3 anticiparse al riesgo. La Municipalidad convoc\u00f3 para este viernes una..","_links":{"self":[{"href":"https:\/\/elconquistadorredloslagos.cl\/test\/wp-json\/wp\/v2\/posts\/17577","targetHints":{"allow":["GET"]}}],"collection":[{"href":"https:\/\/elconquistadorredloslagos.cl\/test\/wp-json\/wp\/v2\/posts"}],"about":[{"href":"https:\/\/elconquistadorredloslagos.cl\/test\/wp-json\/wp\/v2\/types\/post"}],"author":[{"embeddable":true,"href":"https:\/\/elconquistadorredloslagos.cl\/test\/wp-json\/wp\/v2\/users\/2"}],"replies":[{"embeddable":true,"href":"https:\/\/elconquistadorredloslagos.cl\/test\/wp-json\/wp\/v2\/comments?post=17577"}],"version-history":[{"count":1,"href":"https:\/\/elconquistadorredloslagos.cl\/test\/wp-json\/wp\/v2\/posts\/17577\/revisions"}],"predecessor-version":[{"id":17579,"href":"https:\/\/elconquistadorredloslagos.cl\/test\/wp-json\/wp\/v2\/posts\/17577\/revisions\/17579"}],"wp:featuredmedia":[{"embeddable":true,"href":"https:\/\/elconquistadorredloslagos.cl\/test\/wp-json\/wp\/v2\/media\/17578"}],"wp:attachment":[{"href":"https:\/\/elconquistadorredloslagos.cl\/test\/wp-json\/wp\/v2\/media?parent=17577"}],"wp:term":[{"taxonomy":"category","embeddable":true,"href":"https:\/\/elconquistadorredloslagos.cl\/test\/wp-json\/wp\/v2\/categories?post=17577"},{"taxonomy":"post_tag","embeddable":true,"href":"https:\/\/elconquistadorredloslagos.cl\/test\/wp-json\/wp\/v2\/tags?post=17577"}],"curies":[{"name":"wp","href":"https:\/\/api.w.org\/{rel}","templated":true}]}}