{"id":17574,"date":"2026-01-02T14:01:38","date_gmt":"2026-01-02T17:01:38","guid":{"rendered":"https:\/\/elconquistadorredloslagos.cl\/test\/?p=17574"},"modified":"2026-01-02T14:01:39","modified_gmt":"2026-01-02T17:01:39","slug":"fiscalia-baja-el-perfil-al-caso-pauli-y-apuesta-por-penas-reducidas","status":"publish","type":"post","link":"https:\/\/elconquistadorredloslagos.cl\/test\/blog\/2026\/01\/02\/fiscalia-baja-el-perfil-al-caso-pauli-y-apuesta-por-penas-reducidas\/","title":{"rendered":"Fiscal\u00eda baja el perfil al caso Pauli y apuesta por penas reducidas"},"content":{"rendered":"\n<p>A m\u00e1s de un a\u00f1o del atropello que termin\u00f3 con la vida de la joven ancuditana Paulina Fuentes Villarroel, en un paso peatonal de Vitacura, la causa entra en una fase decisiva que remece a la familia de la v\u00edctima. La Fiscal\u00eda Metropolitana Oriente opt\u00f3 por un giro en su estrategia y busca cerrar el caso mediante un procedimiento simplificado, con penas considerablemente menores para el imputado, el m\u00e9dico venezolano Jos\u00e9 Colina Flores.<\/p>\n\n\n\n<p>El Ministerio P\u00fablico resolvi\u00f3 recalificar el delito, pasando de homicidio simple (tesis impulsada por los querellantes) a cuasidelito de homicidio, es decir, que el atropello ocurri\u00f3 sin intenci\u00f3n. Bajo esta figura, la pena m\u00e1xima solicitada es de 540 d\u00edas de reclusi\u00f3n menor en su grado m\u00ednimo y la suspensi\u00f3n de la licencia de conducir por dos a\u00f1os, adem\u00e1s del pago de costas.<\/p>\n\n\n\n<p>Seg\u00fan antecedentes reunidos por la fiscal\u00eda, Colina es autor del atropello, pero no habr\u00eda actuado con dolo. La decisi\u00f3n se apoya en informes policiales, peritajes de la Secci\u00f3n de Investigaci\u00f3n de Accidentes de Tr\u00e1nsito (SIAT), registros audiovisuales, declaraciones de testigos y peritos. La audiencia clave qued\u00f3 fijada para el 20 de enero de 2026, instancia en la que el imputado deber\u00e1 aceptar o rechazar su responsabilidad.<\/p>\n\n\n\n<p>La resoluci\u00f3n gener\u00f3 profundo malestar en la familia de Paulina y en sus abogados, quienes sostienen que existen m\u00faltiples elementos que apuntan a un actuar doloso: el conductor reconoci\u00f3 que gir\u00f3 sin mirar, los sensores del veh\u00edculo estaban operativos y, tras el impacto, no prest\u00f3 auxilio a la v\u00edctima.<\/p>\n\n\n\n<p>El caso, que dio origen al proyecto de Ley Paulina, vuelve a encender el debate sobre las bajas condenas en delitos de tr\u00e1nsito y la b\u00fasqueda de sanciones efectivas que reflejen el da\u00f1o causado.<\/p>\n","protected":false},"excerpt":{"rendered":"<p>A m\u00e1s de un a\u00f1o del atropello que termin\u00f3 con la vida de la joven ancuditana Paulina Fuentes Villarroel, en un paso peatonal de Vitacura, la causa entra en una..<\/p>\n","protected":false},"author":2,"featured_media":17575,"comment_status":"closed","ping_status":"open","sticky":false,"template":"","format":"standard","meta":{"footnotes":""},"categories":[1,28,51,52],"tags":[],"class_list":["post-17574","post","type-post","status-publish","format-standard","has-post-thumbnail","hentry","category-acontecer","category-actual","category-chiloe","category-chile"],"rttpg_featured_image_url":{"full":["https:\/\/elconquistadorredloslagos.cl\/test\/wp-content\/uploads\/2026\/01\/IMG2025-2.jpg",1920,1080,false],"landscape":["https:\/\/elconquistadorredloslagos.cl\/test\/wp-content\/uploads\/2026\/01\/IMG2025-2.jpg",1920,1080,false],"portraits":["https:\/\/elconquistadorredloslagos.cl\/test\/wp-content\/uploads\/2026\/01\/IMG2025-2.jpg",1920,1080,false],"thumbnail":["https:\/\/elconquistadorredloslagos.cl\/test\/wp-content\/uploads\/2026\/01\/IMG2025-2-150x150.jpg",150,150,true],"medium":["https:\/\/elconquistadorredloslagos.cl\/test\/wp-content\/uploads\/2026\/01\/IMG2025-2-300x169.jpg",300,169,true],"large":["https:\/\/elconquistadorredloslagos.cl\/test\/wp-content\/uploads\/2026\/01\/IMG2025-2-1024x576.jpg",1024,576,true],"1536x1536":["https:\/\/elconquistadorredloslagos.cl\/test\/wp-content\/uploads\/2026\/01\/IMG2025-2-1536x864.jpg",1536,864,true],"2048x2048":["https:\/\/elconquistadorredloslagos.cl\/test\/wp-content\/uploads\/2026\/01\/IMG2025-2.jpg",1920,1080,false]},"rttpg_author":{"display_name":"ccardenas","author_link":"https:\/\/elconquistadorredloslagos.cl\/test\/blog\/author\/ccardenas\/"},"rttpg_comment":0,"rttpg_category":"<a href=\"https:\/\/elconquistadorredloslagos.cl\/test\/blog\/category\/actual\/acontecer\/\" rel=\"category tag\">Acontecer<\/a> <a href=\"https:\/\/elconquistadorredloslagos.cl\/test\/blog\/category\/actual\/\" rel=\"category tag\">Actualidad<\/a> <a href=\"https:\/\/elconquistadorredloslagos.cl\/test\/blog\/category\/chile\/chiloe\/\" rel=\"category tag\">Chilo\u00e9<\/a> <a href=\"https:\/\/elconquistadorredloslagos.cl\/test\/blog\/category\/chile\/\" rel=\"category tag\">Nacional<\/a>","rttpg_excerpt":"A m\u00e1s de un a\u00f1o del atropello que termin\u00f3 con la vida de la joven ancuditana Paulina Fuentes Villarroel, en un paso peatonal de Vitacura, la causa entra en una..","_links":{"self":[{"href":"https:\/\/elconquistadorredloslagos.cl\/test\/wp-json\/wp\/v2\/posts\/17574","targetHints":{"allow":["GET"]}}],"collection":[{"href":"https:\/\/elconquistadorredloslagos.cl\/test\/wp-json\/wp\/v2\/posts"}],"about":[{"href":"https:\/\/elconquistadorredloslagos.cl\/test\/wp-json\/wp\/v2\/types\/post"}],"author":[{"embeddable":true,"href":"https:\/\/elconquistadorredloslagos.cl\/test\/wp-json\/wp\/v2\/users\/2"}],"replies":[{"embeddable":true,"href":"https:\/\/elconquistadorredloslagos.cl\/test\/wp-json\/wp\/v2\/comments?post=17574"}],"version-history":[{"count":1,"href":"https:\/\/elconquistadorredloslagos.cl\/test\/wp-json\/wp\/v2\/posts\/17574\/revisions"}],"predecessor-version":[{"id":17576,"href":"https:\/\/elconquistadorredloslagos.cl\/test\/wp-json\/wp\/v2\/posts\/17574\/revisions\/17576"}],"wp:featuredmedia":[{"embeddable":true,"href":"https:\/\/elconquistadorredloslagos.cl\/test\/wp-json\/wp\/v2\/media\/17575"}],"wp:attachment":[{"href":"https:\/\/elconquistadorredloslagos.cl\/test\/wp-json\/wp\/v2\/media?parent=17574"}],"wp:term":[{"taxonomy":"category","embeddable":true,"href":"https:\/\/elconquistadorredloslagos.cl\/test\/wp-json\/wp\/v2\/categories?post=17574"},{"taxonomy":"post_tag","embeddable":true,"href":"https:\/\/elconquistadorredloslagos.cl\/test\/wp-json\/wp\/v2\/tags?post=17574"}],"curies":[{"name":"wp","href":"https:\/\/api.w.org\/{rel}","templated":true}]}}